{"id":32798,"date":"2025-01-13T10:06:49","date_gmt":"2025-01-13T09:06:49","guid":{"rendered":"https:\/\/www.vdsm.net\/wronline\/?p=32798"},"modified":"2025-01-13T10:06:49","modified_gmt":"2025-01-13T09:06:49","slug":"arndt-g-kirchhoff-wird-70-jahre-alt","status":"publish","type":"post","link":"https:\/\/www.vdsm.net\/wronline\/arndt-g-kirchhoff-wird-70-jahre-alt\/","title":{"rendered":"Arndt G. Kirchhoff wird 70 Jahre alt"},"content":{"rendered":"<p>Arndt G. Kirchhoff, Pr\u00e4sident der Landesvereinigung der Unternehmensverb\u00e4nde Nordrhein-Westfalen (unternehmer nrw) und des Verbandes der Metall- und Elektro-Industrie Nordrhein-Westfalen (METALL NRW), vollendet am heutigen 13. Januar 2025 das 70. Lebensjahr. Seit 2016 f\u00fchrt er unternehmer nrw, die Spitzenorganisation der NRW-Wirtschaft mit 129 Mitgliedsverb\u00e4nden, 80.000 Betrieben und drei Millionen Besch\u00e4ftigten, und seit 2014 METALL NRW, den mit 25 Verb\u00e4nden, 2.200 Unternehmen und 450.000 Besch\u00e4ftigten gr\u00f6\u00dften industriellen Arbeitgeberverband des Landes.<\/p>\n<p><strong>KIRCHHOFF Gruppe jahrzehntelang gepr\u00e4gt<\/strong><br \/>\nArndt G. Kirchhoff wurde 1955 in Essen geboren. Nach dem Studium des Wirtschaftsingenieurwesens und des Maschinenbaus an der TU Darmstadt war Arndt G. Kirchhoff zun\u00e4chst Leiter der zentralen Auftragsabwicklung Deutsche Babcock Werke AG, bevor er 1990 Gesch\u00e4ftsf\u00fchrender Gesellschafter der KIRCHHOFF Gruppe wurde. Im Jahr 2020 wurde er Vorsitzender des Beirates, seit 2023 ist er Vorsitzender des Aufsichtsrates der KIRCHHOFF Gruppe mit Sitz in Iserlohn. Die familiengef\u00fchrte Unternehmensgruppe ist an 59 Standorten in 24 L\u00e4ndern auf f\u00fcnf Kontinenten vertreten, erzielt mit weltweit rund 14.200 Mitarbeitern einen Jahresumsatz von 3,2 Milliarden Euro und geh\u00f6rt damit zu den bedeutendsten mittelst\u00e4ndischen Familienunternehmen der Autozuliefererbranche.<\/p>\n<p>Arndt G. Kirchhoff engagiert sich seit langem in Organisationen der deutschen Wirtschaft. Die beiden NRW-Spitzenverb\u00e4nde vertritt Arndt G. Kirchhoff auf Bundesebene als Vizepr\u00e4sident der Bundesvereinigung der Deutschen Arbeitgeberverb\u00e4nde (BDA), als Mitglied des Pr\u00e4sidiums des Bundesverbandes der Deutschen Industrie (BDI) sowie als Vizepr\u00e4sident von Gesamtmetall. Arndt G. Kirchhoff ist \u00fcberdies Pr\u00e4sident des Instituts der deutschen Wirtschaft K\u00f6ln (IW K\u00f6ln) und Vizepr\u00e4sident des Verbandes der Deutschen Automobilindustrie (VDA).<\/p>\n<p><strong>\u201eNur mit einer starken Wirtschaft bleiben wir ein starkes Land&#8220;<\/strong><br \/>\nAls Unternehmerpr\u00e4sident setzt sich Arndt G. Kirchhoff seit vielen Jahren gegen\u00fcber der Politik in Bund und Land nachdr\u00fccklich f\u00fcr eine St\u00e4rkung des Wirtschaftsstandorts Deutschland und insbesondere des Industrielandes Nordrhein-Westfalen ein. Nach seiner \u00dcberzeugung sind wettbewerbsf\u00e4hige wirtschafts- und sozialpolitische Rahmenbedingungen unabdingbare Voraussetzung f\u00fcr Wohlstand, Investitionen und Arbeitspl\u00e4tze in unserem Land. \u201eNur mit einer starken Wirtschaft bleiben wir ein starkes Land\u201c, erkl\u00e4rte er bei seinem Amtsantritt im Jahr 2016.<\/p>\n<p>Arndt G. Kirchhoff ist ein \u00fcberzeugter Verfechter der Sozialpartnerschaft und der Tarifautonomie. Als Pr\u00e4sident und Verhandlungsf\u00fchrer der nordrhein-westf\u00e4lischen Metallarbeitgeber hat er seit 2014 zahlreiche Tarifrunden entscheidend mitgepr\u00e4gt und in den Jahren 2016, 2020 und 2021 mit der IG Metall dann bundesweit geltende Tarifabschl\u00fcsse erzielt. Seit 2018 ist Arndt G. Kirchhoff Honorarkonsul der Republik Polen. Von 2013 bis 2024 war er Vorsitzender des Hochschulrates der Universit\u00e4t Siegen.<\/p>\n<p>Die nordrhein-westf\u00e4lischen Unternehmer veranstalten anl\u00e4sslich des 70. Geburtstages von Arndt G. Kirchhoff am 23. Januar einen wirtschaftspolitischen Empfang in D\u00fcsseldorf, zu dem Spitzenrepr\u00e4sentanten der deutschen Wirtschaft, der Bundes- und Landespolitik sowie der Gesellschaft zugesagt haben. Redner auf der Veranstaltung sind der Ministerpr\u00e4sident des Landes Nordrhein-Westfalen, Hendrik W\u00fcst, und der Pr\u00e4sident der Bundesvereinigung der Deutschen Arbeitgeberverb\u00e4nde (BDA), Dr. Rainer Dulger.<\/p>\n<p>Text\/Foto: Unternehmer NRW<\/p>\n","protected":false},"excerpt":{"rendered":"<p>Arndt G. Kirchhoff, Pr\u00e4sident der Landesvereinigung der Unternehmensverb\u00e4nde Nordrhein-Westfalen (unternehmer nrw) und des Verbandes der Metall- und Elektro-Industrie Nordrhein-Westfalen (METALL NRW), vollendet am heutigen 13&#8230;.<\/p>\n","protected":false},"author":7,"featured_media":25985,"comment_status":"open","ping_status":"open","sticky":false,"template":"","format":"standard","meta":{"_jetpack_memberships_contains_paid_content":false,"footnotes":""},"categories":[1],"tags":[],"class_list":["post-32798","post","type-post","status-publish","format-standard","has-post-thumbnail","hentry","category-aktuell"],"jetpack_featured_media_url":"https:\/\/www.vdsm.net\/wronline\/wp-content\/uploads\/2021\/11\/21-8-20-AGK_Redaktionsbesuc.jpg","jetpack_sharing_enabled":true,"_links":{"self":[{"href":"https:\/\/www.vdsm.net\/wronline\/wp-json\/wp\/v2\/posts\/32798","targetHints":{"allow":["GET"]}}],"collection":[{"href":"https:\/\/www.vdsm.net\/wronline\/wp-json\/wp\/v2\/posts"}],"about":[{"href":"https:\/\/www.vdsm.net\/wronline\/wp-json\/wp\/v2\/types\/post"}],"author":[{"embeddable":true,"href":"https:\/\/www.vdsm.net\/wronline\/wp-json\/wp\/v2\/users\/7"}],"replies":[{"embeddable":true,"href":"https:\/\/www.vdsm.net\/wronline\/wp-json\/wp\/v2\/comments?post=32798"}],"version-history":[{"count":1,"href":"https:\/\/www.vdsm.net\/wronline\/wp-json\/wp\/v2\/posts\/32798\/revisions"}],"predecessor-version":[{"id":32799,"href":"https:\/\/www.vdsm.net\/wronline\/wp-json\/wp\/v2\/posts\/32798\/revisions\/32799"}],"wp:featuredmedia":[{"embeddable":true,"href":"https:\/\/www.vdsm.net\/wronline\/wp-json\/wp\/v2\/media\/25985"}],"wp:attachment":[{"href":"https:\/\/www.vdsm.net\/wronline\/wp-json\/wp\/v2\/media?parent=32798"}],"wp:term":[{"taxonomy":"category","embeddable":true,"href":"https:\/\/www.vdsm.net\/wronline\/wp-json\/wp\/v2\/categories?post=32798"},{"taxonomy":"post_tag","embeddable":true,"href":"https:\/\/www.vdsm.net\/wronline\/wp-json\/wp\/v2\/tags?post=32798"}],"curies":[{"name":"wp","href":"https:\/\/api.w.org\/{rel}","templated":true}]}}