{"id":32727,"date":"2024-12-02T08:50:32","date_gmt":"2024-12-02T07:50:32","guid":{"rendered":"https:\/\/www.vdsm.net\/wronline\/?p=32727"},"modified":"2024-12-02T08:50:32","modified_gmt":"2024-12-02T07:50:32","slug":"axel-e-barten-feiert-seinen-75-geburtstag","status":"publish","type":"post","link":"https:\/\/www.vdsm.net\/wronline\/axel-e-barten-feiert-seinen-75-geburtstag\/","title":{"rendered":"Axel E. Barten feiert seinen 75. Geburtstag"},"content":{"rendered":"<p><strong>Siegen\/Buschh\u00fctten.<\/strong> Die Arbeitgeberverb\u00e4nde Siegen-Wittgenstein (AGV) gratulieren Dipl.-Ing. ETH Axel E. Barten, ihrem Ehrenvorsitzenden und langj\u00e4hrigen Vorstandsmitglied, der am heutigen 2. Dezember seinen 75. Geburtstag feiert. Der erfolgreiche Unternehmer hat sich \u00fcber Jahrzehnte hinweg neben der erfolgreichen F\u00fchrung der Firma Achenbach Buschh\u00fctten um die Weiterentwicklung der Arbeitgeberverb\u00e4nde Siegen-Wittgenstein verdient gemacht.<\/p>\n<p>Axel E. Barten begann seine ehrenamtliche T\u00e4tigkeit im Verband der Siegerl\u00e4nder Metallindustriellen (VdSM) 1984 und \u00fcbernahm im Laufe der Jahre verschiedene Positionen, darunter auch das Amt des Vorsitzenden. Seine Verdienste um den Verband, der rund 100 Unternehmen aus der Metall- und Elektroindustrie im Kreis Siegen-Wittgenstein vertritt, f\u00fchrten in diesem Jahr bereits zu seiner Ernennung zum Ehrenvorsitzenden. Zudem ist er seit 1995 Vorstandsmitglied der Landesvereinigung der Unternehmerverb\u00e4nde NRW in D\u00fcsseldorf (unternehmerNRW) f\u00fcr S\u00fcdwestfalen\/Siegerland mit den beiden Ressorts \u201eArbeitgeberseitige Betreuung aller Universit\u00e4ten und Fachhochschulen in NRW\u201c und \u201eInfrastruktur in S\u00fcdwestfalen und im Dreil\u00e4ndereck NRW-Hessen-Rheinland-Pfalz\u201c.<\/p>\n<p><strong>Achenbach Buschh\u00fctten zum Weltmarktf\u00fchrer entwickelt<\/strong><br \/>\nNeben seinem Engagement f\u00fcr die Arbeitgeberverb\u00e4nde leitete Axel E. Barten \u00fcber 40 Jahre das traditionsreiche Familienunternehmen Achenbach Buschh\u00fctten GmbH &amp; Co. KG. Unter seiner F\u00fchrung wurde Achenbach zum Weltmarktf\u00fchrer f\u00fcr Nicht-Eisen-Metall -Walzwerksanlagen, Folienschneidmaschinen sowie Walz\u00f6lfiltrations- und Abluftreinigungsanlagen. Die inhouse-Entwicklung einer eigenen digitalen Mess- und Regelungstechnik spielt dabei eine zentrale Rolle; China, Indien sowie Nord- und S\u00fcdamerika wurden als Absatzm\u00e4rkte erschlossen.<\/p>\n<p>Nach seinem Abitur am F\u00fcrst-Johann-Moritz-Gymnasium absolvierte er die Ausbildung zum Marineoffizier und studierte Maschinenbau an der Eidgen\u00f6ssischen Technischen Hochschule (ETH) in Z\u00fcrich. 1976 trat er in das 1452 gegr\u00fcndete Familienunternehmen Achenbach Buschh\u00fctten ein, dessen Gesch\u00e4ftsf\u00fchrung er von seinem Vater in Jahr 1981 \u00fcbernahm. Nach fast 40-j\u00e4hriger Gesch\u00e4ftsf\u00fchrer-T\u00e4tigkeit \u00fcbergab er die Leitung von Achenbach Buschh\u00fctten, bis heute zu 100 Prozent in Familienbesitz und eigent\u00fcmergef\u00fchrt, 2019 an seinen Sohn Dipl. Wirt.-Ing. Andr\u00e9 E. Barten, in achter Generation dem alten Engelhard Achenbach folgend.<\/p>\n<p><strong>Auf dem Weg in die Zukunft: Campus Buschh\u00fctten<\/strong><br \/>\nEin besonderes Anliegen war Axel E. Barten immer die Verkn\u00fcpfung von Industrie und Wissenschaft. 2019 initiierte er daher gemeinsam mit seiner Frau Dr. Gabriele Barten den \u201eCampus Buschh\u00fctten\u201c mit dem Leitbild \u201eWir produzieren. Zukunft.\u201c Dieser versteht sich als Innovation Hub in S\u00fcdwestfalen f\u00fcr moderne Produktionstechnik: Universit\u00e4re Forschung und industrielle Praxis, aber auch akademische Lehre und gewerblich-technische Ausbildung arbeiten unter einem Dach zusammen und bringen im Kontext von verschiedenen \u201eMicrofactories\u201c Mehrwertprojekte von Relevanz f\u00fcr Wirtschaft und Gesellschaft hervor. Im Kern handelt es sich um eine \u201eDigitale Fabrik\u201c, indem reale und virtuelle Produktionsprozesse durch digitale Zwillinge miteinander verkn\u00fcpft werden. F\u00fcr den Erfolg des Transferkonzepts des Campus Buschh\u00fctten spricht, dass sich seit 2019 nahezu 80 Unternehmen aus OT und IT als Partner angeschlossen haben.<\/p>\n<p>\u201eWir gratulieren Axel E. Barten ganz herzlich zu seinem 75. Geburtstag und sind dankbar f\u00fcr sein Engagement zum Wohle der Region\u201c, freut sich AGV-Gesch\u00e4ftsf\u00fchrer Dr. Thorsten Doublet abschlie\u00dfend.<\/p>\n<p>Text\/Foto: AGV\/Archiv<\/p>\n","protected":false},"excerpt":{"rendered":"<p>Siegen\/Buschh\u00fctten. Die Arbeitgeberverb\u00e4nde Siegen-Wittgenstein (AGV) gratulieren Dipl.-Ing. ETH Axel E. Barten, ihrem Ehrenvorsitzenden und langj\u00e4hrigen Vorstandsmitglied, der am heutigen 2. Dezember seinen 75. Geburtstag feiert&#8230;.<\/p>\n","protected":false},"author":7,"featured_media":32728,"comment_status":"open","ping_status":"open","sticky":false,"template":"","format":"standard","meta":{"_jetpack_memberships_contains_paid_content":false,"footnotes":""},"categories":[1,30,10],"tags":[],"class_list":["post-32727","post","type-post","status-publish","format-standard","has-post-thumbnail","hentry","category-aktuell","category-vermischtes","category-unternehmen"],"jetpack_featured_media_url":"https:\/\/www.vdsm.net\/wronline\/wp-content\/uploads\/2024\/12\/2023-Axel-LBBW-1.jpg","jetpack_sharing_enabled":true,"_links":{"self":[{"href":"https:\/\/www.vdsm.net\/wronline\/wp-json\/wp\/v2\/posts\/32727","targetHints":{"allow":["GET"]}}],"collection":[{"href":"https:\/\/www.vdsm.net\/wronline\/wp-json\/wp\/v2\/posts"}],"about":[{"href":"https:\/\/www.vdsm.net\/wronline\/wp-json\/wp\/v2\/types\/post"}],"author":[{"embeddable":true,"href":"https:\/\/www.vdsm.net\/wronline\/wp-json\/wp\/v2\/users\/7"}],"replies":[{"embeddable":true,"href":"https:\/\/www.vdsm.net\/wronline\/wp-json\/wp\/v2\/comments?post=32727"}],"version-history":[{"count":1,"href":"https:\/\/www.vdsm.net\/wronline\/wp-json\/wp\/v2\/posts\/32727\/revisions"}],"predecessor-version":[{"id":32729,"href":"https:\/\/www.vdsm.net\/wronline\/wp-json\/wp\/v2\/posts\/32727\/revisions\/32729"}],"wp:featuredmedia":[{"embeddable":true,"href":"https:\/\/www.vdsm.net\/wronline\/wp-json\/wp\/v2\/media\/32728"}],"wp:attachment":[{"href":"https:\/\/www.vdsm.net\/wronline\/wp-json\/wp\/v2\/media?parent=32727"}],"wp:term":[{"taxonomy":"category","embeddable":true,"href":"https:\/\/www.vdsm.net\/wronline\/wp-json\/wp\/v2\/categories?post=32727"},{"taxonomy":"post_tag","embeddable":true,"href":"https:\/\/www.vdsm.net\/wronline\/wp-json\/wp\/v2\/tags?post=32727"}],"curies":[{"name":"wp","href":"https:\/\/api.w.org\/{rel}","templated":true}]}}