{"id":32539,"date":"2024-09-11T15:56:47","date_gmt":"2024-09-11T13:56:47","guid":{"rendered":"https:\/\/www.vdsm.net\/wronline\/?p=32539"},"modified":"2024-09-11T15:56:47","modified_gmt":"2024-09-11T13:56:47","slug":"die-cjd-kita-siegenia-kids-feiert-ihren-10-geburtstag","status":"publish","type":"post","link":"https:\/\/www.vdsm.net\/wronline\/die-cjd-kita-siegenia-kids-feiert-ihren-10-geburtstag\/","title":{"rendered":"Die CJD KiTa SIEGENIA-Kids feiert ihren 10. Geburtstag"},"content":{"rendered":"<p>Da freuten sich nicht nur die SIEGENIA-Kids: Bei sch\u00f6nstem Sonnenschein feierte die CJD KiTa SIEGENIA-Kids am 7. September ihr 10-j\u00e4hriges Bestehen. Neben den 15 Kindergartenkindern mit ihren Eltern und Geschwistern waren Vertreter des Kooperationspartners CJD sowie zahlreiche G\u00e4ste zu einem bunten Fest f\u00fcr Gro\u00df und Klein nach Wilnsdorf-Niederdielfen gekommen. Sie nutzten die Gelegenheit, sich ein pers\u00f6nliches Bild von den umfangreichen M\u00f6glichkeiten zu machen, mit denen die KiTa die Entwicklung von Mitarbeiterkindern f\u00f6rdert.<\/p>\n<div id=\"attachment_32542\" style=\"width: 310px\" class=\"wp-caption alignright\"><a href=\"https:\/\/www.vdsm.net\/wronline\/wp-content\/uploads\/2024\/09\/SIE_10-Jahre-SIEGENIA-Kids_Motiv-e1726062825510.jpg\" target=\"_blank\" rel=\"noopener\"><img loading=\"lazy\" decoding=\"async\" aria-describedby=\"caption-attachment-32542\" class=\"wp-image-32542 size-medium\" src=\"https:\/\/www.vdsm.net\/wronline\/wp-content\/uploads\/2024\/09\/SIE_10-Jahre-SIEGENIA-Kids_Motiv-300x259.jpg\" alt=\"\" width=\"300\" height=\"259\" \/><\/a><p id=\"caption-attachment-32542\" class=\"wp-caption-text\">Da freuten sich nicht nur die SIEGENIA-Kids: Am vergangenen Samstag feierte die CJD KiTa SIEGENIA-Kids ihr 10-j\u00e4hriges Bestehen.<\/p><\/div>\n<p>In seiner Begr\u00fc\u00dfungsansprache betonte Wieland Frank, Gesch\u00e4ftsf\u00fchrender Gesellschafter von SIEGENIA, welch hohen Stellenwert die KiTa f\u00fcr die Mitarbeitenden von SIEGENIA und die Vereinbarkeit von Familie und Beruf hat. Strahlende Kinderaugen gab es wenige Momente sp\u00e4ter: Als \u201eGeburtstagsgeschenk\u201c weihte er mit ihnen ein neues Kletterger\u00fcst ein. Sabrina Stein, Leiterin des Kindergartens, berichtet: \u201eSich in ihren k\u00f6rperlichen F\u00e4higkeiten auszuprobieren, bereitet den Kindern gro\u00dfe Freude. Vor allem Klettern macht ihnen Riesenspa\u00df. \u00dcber dieses gro\u00dfz\u00fcgige Geschenk freuen wir uns deshalb sehr!\u201c<\/p>\n<p>Im Anschluss an einen Kurzgottesdienst hie\u00df es dann \u201eVorhang auf f\u00fcr die SIEGENIA-Kids\u201c: Nach zahlreichen Proben hinter verschlossenen T\u00fcren und einigen Tagen mit dem Filmteam aus dem SIEGENIA Marketing \u00fcberraschten sie ihre Eltern voller Stolz mit einem Video, in dem sie Rolf Zuckowskis \u201eVogelhochzeit\u201c pr\u00e4sentierten. Mit Gegrilltem, Gem\u00fcsesticks und Pommes sowie Flammkuchen aus dem mobilen Backes des Heimatvereins Niederdielfen e. V. st\u00e4rkten sich die Festg\u00e4ste f\u00fcr das abwechslungsreiche Programm am Nachmittag. Zu den H\u00f6hepunkten z\u00e4hlten ein Zauberer, ein Kreativtisch f\u00fcr selbst gestaltete Armb\u00e4nder, eine Schminkstation mit Glitzertattoos und eine H\u00fcpfburg. Auch die Azubis von SIEGENIA beteiligten sich mit einer tollen Aktion: Gemeinsam mit den Kindern bauten sie Autos im 3D-Druck, fr\u00e4sten Bleistifte und Zollst\u00f6cke.<\/p>\n<h4>Do you speak English?<\/h4>\n<div id=\"attachment_32543\" style=\"width: 227px\" class=\"wp-caption alignleft\"><a href=\"https:\/\/www.vdsm.net\/wronline\/wp-content\/uploads\/2024\/09\/SIE_10-Jahre-SIEGENIA-Kids_Maedchen-auf-Klettergeruest-e1726062881245.jpg\"><img loading=\"lazy\" decoding=\"async\" aria-describedby=\"caption-attachment-32543\" class=\"size-medium wp-image-32543\" src=\"https:\/\/www.vdsm.net\/wronline\/wp-content\/uploads\/2024\/09\/SIE_10-Jahre-SIEGENIA-Kids_Maedchen-auf-Klettergeruest-217x300.jpg\" alt=\"\" width=\"217\" height=\"300\" \/><\/a><p id=\"caption-attachment-32543\" class=\"wp-caption-text\">Klettern macht Spa\u00df: Das neue Ger\u00fcst fand bei den Kindern der KiTa gro\u00dfen Anklang und wurde im Laufe des Tages vielfach erprobt.<\/p><\/div>\n<p>Mit gro\u00dfz\u00fcgigen \u00d6ffnungszeiten, die Eltern ein H\u00f6chstma\u00df an Flexibilit\u00e4t bieten, ging die KiTa 2014 an den Start. Auch die Betreuungsintensit\u00e4t sucht ihresgleichen \u2013 das ist bis heute so. Neben der KiTa-Leiterin Sabrina Stein, zwei Erzieherinnen, einer Fachkraft sowie einer Hauswirtschafskraft k\u00fcmmert sich auch eine Native Speakerin um den Nachwuchs. Als internationales Unternehmen ist es SIEGENIA ein Anliegen, schon im Kindergartenalter das Erlernen einer Fremdsprache zu unterst\u00fctzen: T\u00e4glich hei\u00dft es in der KiTa nicht nur \u201eGuten Morgen\u201c, sondern auch \u201eGood Morning\u201c. Auch auf das spielerische Heranf\u00fchren der Kinder an die Bereiche Mathematik, Informatik, Naturwissenschaft, Technik und nachhaltige Entwicklung legen KiTa und Unternehmen gro\u00dfen Wert. F\u00fcr das umfangreiche Engagement zur F\u00f6rderung von MINT-Bildung erhielt SIEGENIA-Kids k\u00fcrzlich die Zertifizierung von der \u201eStiftung Kinder forschen\u201c.<\/p>\n<div id=\"attachment_32545\" style=\"width: 310px\" class=\"wp-caption alignright\"><a href=\"https:\/\/www.vdsm.net\/wronline\/wp-content\/uploads\/2024\/09\/SIE_10-Jahre-SIEGENIA-Kids_Kinder-am-Tisch-scaled-e1726062936535.jpg\"><img loading=\"lazy\" decoding=\"async\" aria-describedby=\"caption-attachment-32545\" class=\"wp-image-32545 size-medium\" src=\"https:\/\/www.vdsm.net\/wronline\/wp-content\/uploads\/2024\/09\/SIE_10-Jahre-SIEGENIA-Kids_Kinder-am-Tisch-300x217.jpg\" alt=\"\" width=\"300\" height=\"217\" \/><\/a><p id=\"caption-attachment-32545\" class=\"wp-caption-text\">Kleiner Imbiss vor einem abwechslungsreichen Nachmittag, der die Kinder u. a. mit einem Zauberer, einer Schminkstation und einer H\u00fcpfburg begeisterte.<\/p><\/div>\n<p>Wertvolle Entwicklungsimpulse erhalten die KiTa-Kinder zudem durch Sport, Spiel und Bewegung sowie eine Kooperation mit dem ortsans\u00e4ssigen Altenheim \u201eHaus an der Wei\u00df\u201c. Von dem umfassenden Angebot der KiTa sind Eltern und Kinder gleicherma\u00dfen begeistert: \u201eBei uns geht es sehr famili\u00e4r zu. Die Gr\u00f6\u00dfe unseres Teams erlaubt uns, individuell auf jedes Kind einzugehen. Bei gemeinsamen Veranstaltungen sorgen wir zudem daf\u00fcr, dass auch die Eltern ein Gef\u00fchl von Zugeh\u00f6rigkeit und Zusammenhalt entwickeln. Auf die n\u00e4chsten zehn Jahre freuen wir uns sehr!\u201c, so Sabrina Stein.<\/p>\n<p>Text und Fotos: <a href=\"https:\/\/www.siegenia.com\/de\" target=\"_blank\" rel=\"noopener\">SIEGENIA<\/a><\/p>\n","protected":false},"excerpt":{"rendered":"<p>Da freuten sich nicht nur die SIEGENIA-Kids: Bei sch\u00f6nstem Sonnenschein feierte die CJD KiTa SIEGENIA-Kids am 7. September ihr 10-j\u00e4hriges Bestehen. Neben den 15 Kindergartenkindern&#8230;<\/p>\n","protected":false},"author":6,"featured_media":32540,"comment_status":"open","ping_status":"open","sticky":false,"template":"","format":"standard","meta":{"_jetpack_memberships_contains_paid_content":false,"footnotes":""},"categories":[32,30,10],"tags":[],"class_list":["post-32539","post","type-post","status-publish","format-standard","has-post-thumbnail","hentry","category-infos","category-vermischtes","category-unternehmen"],"jetpack_featured_media_url":"https:\/\/www.vdsm.net\/wronline\/wp-content\/uploads\/2024\/09\/SIE_10-Jahre-SIEGENIA-Kids_Wieland-Frank-scaled-e1726062770323.jpg","jetpack_sharing_enabled":true,"_links":{"self":[{"href":"https:\/\/www.vdsm.net\/wronline\/wp-json\/wp\/v2\/posts\/32539","targetHints":{"allow":["GET"]}}],"collection":[{"href":"https:\/\/www.vdsm.net\/wronline\/wp-json\/wp\/v2\/posts"}],"about":[{"href":"https:\/\/www.vdsm.net\/wronline\/wp-json\/wp\/v2\/types\/post"}],"author":[{"embeddable":true,"href":"https:\/\/www.vdsm.net\/wronline\/wp-json\/wp\/v2\/users\/6"}],"replies":[{"embeddable":true,"href":"https:\/\/www.vdsm.net\/wronline\/wp-json\/wp\/v2\/comments?post=32539"}],"version-history":[{"count":4,"href":"https:\/\/www.vdsm.net\/wronline\/wp-json\/wp\/v2\/posts\/32539\/revisions"}],"predecessor-version":[{"id":32547,"href":"https:\/\/www.vdsm.net\/wronline\/wp-json\/wp\/v2\/posts\/32539\/revisions\/32547"}],"wp:featuredmedia":[{"embeddable":true,"href":"https:\/\/www.vdsm.net\/wronline\/wp-json\/wp\/v2\/media\/32540"}],"wp:attachment":[{"href":"https:\/\/www.vdsm.net\/wronline\/wp-json\/wp\/v2\/media?parent=32539"}],"wp:term":[{"taxonomy":"category","embeddable":true,"href":"https:\/\/www.vdsm.net\/wronline\/wp-json\/wp\/v2\/categories?post=32539"},{"taxonomy":"post_tag","embeddable":true,"href":"https:\/\/www.vdsm.net\/wronline\/wp-json\/wp\/v2\/tags?post=32539"}],"curies":[{"name":"wp","href":"https:\/\/api.w.org\/{rel}","templated":true}]}}