{"id":32486,"date":"2024-08-26T09:03:21","date_gmt":"2024-08-26T07:03:21","guid":{"rendered":"https:\/\/www.vdsm.net\/wronline\/?p=32486"},"modified":"2024-08-28T08:08:37","modified_gmt":"2024-08-28T06:08:37","slug":"neue-auszubildende-bei-kirchhoff-automotive-2","status":"publish","type":"post","link":"https:\/\/www.vdsm.net\/wronline\/neue-auszubildende-bei-kirchhoff-automotive-2\/","title":{"rendered":"Neue Auszubildende bei KIRCHHOFF Automotive"},"content":{"rendered":"<p>21 Frauen und M\u00e4nner sind am 14. August an den deutschen Standorten von KIRCHHOFF Automotive ins Berufsleben gestartet. Die ersten drei Tage standen ganz im Zeichen von Teamwork, Aktionen und Kennenlernen \u2013 die traditionellen Einf\u00fchrungstage fanden diesmal am Sorpesee und in den Werken Attendorn und Iserlohn statt.<\/p>\n<p>\u201eIch interessiere mich schon lange f\u00fcr die Elektronik von Maschinen\u201c, sagt Niklas Wick. Er beginnt eine Ausbildung zum Elektroniker f\u00fcr Betriebstechnik und m\u00f6chte lernen, wie die Elektronik in gro\u00dfen Maschinen funktioniert. \u201eAu\u00dferdem freue ich mich darauf, mir jegliches Fachwissen anzueignen\u201c, sagt er.<\/p>\n<p>In der Familie von Chiara Rio ist der Beruf Industriekauffrau sehr stark vertreten \u2013 deshalb hat auch sie sich f\u00fcr diese Ausbildung entschieden. \u201eVor allem w\u00fcnsche ich mir in der Ausbildung, t\u00e4glich zufrieden zur Arbeit und wieder nach Hause zu gehen.\u201c<\/p>\n<p>\u201eDa man gerade beim Mechatroniker einen guten Mix aus Mechanik und Elektrik und damit gute Voraussetzungen f\u00fcr die Zukunft hat, habe ich mich f\u00fcr diesen Beruf entschieden\u201c, sagt Philipp Kamp.<\/p>\n<p>\u201eDer ausschlaggebende Punkt f\u00fcr mich war der abwechslungsreiche Alltag, da man als Industriemechaniker t\u00e4glich mit neuen Herausforderungen konfrontiert wird\u201c, begr\u00fcndet Timo Gabler die Entscheidung f\u00fcr seinen Ausbildungsberuf.<\/p>\n<p>Yigit Yilmaz m\u00f6chte \u201eso viel es geht \u00fcber Metalltechnik\u201c lernen. Er beginnt eine Ausbildung zum Industriemechaniker Instandhaltung.<\/p>\n<p>Nicht nur Wissenswertes \u00fcber KIRCHHOFF Automotive, die verschiedenen Berufsbilder und ein Austausch \u00fcber gegenseitige Erwartungen an die Ausbildung und an die Auszubildenden standen auf dem Programm der Einf\u00fchrungstage. In kreativen Teamaufgaben lernten die neuen Auszubildenden die Grundlagen der Produktionsprozesse kennen. Beim Teamevent auf der Bowlingbahn zeigten sie, dass sie auch au\u00dferhalb von B\u00fcro oder und Werkbank eine gute Figur machen k\u00f6nnen.<\/p>\n<p>\u201eAuch f\u00fcr uns als Ausbildungsverantwortliche sind die Einf\u00fchrungstage immer sehr spannend und es ist sch\u00f6n mit anzusehen, wie die Auszubildenden sich untereinander kennenlernen und zu einem KIRCHHOFF Automotive Team zusammenwachsen. Unser Engagement in der Ausbildung ist eine Investition in die Zukunft, die sich vielfach auszahlt \u2013 f\u00fcr die jungen Talente und unser Unternehmen gleicherma\u00dfen. Ich bin stolz, ein Teil davon zu sein\u201c, sagt Vanessa Kolm, Ausbildungsleiterin am Standort in Attendorn.<\/p>\n<p>Ein besonderer H\u00f6hepunkt der Einf\u00fchrungstage war der \u00dcberraschungsbesuch von CEO J. Wolfgang Kirchhoff. Bei \u201eMeet the Boss\u201c konnten die Azubis ihm Fragen zu verschiedensten Themen stellen, die er gern beantwortete.<\/p>\n<p>Das sind die neuen Auszubildenden:<\/p>\n<ul>\n<li>Ozan Bayat, Industriemechaniker Instandhaltung Iserlohn<\/li>\n<li>Louis D\u00f6rnen, Fachinformatiker f\u00fcr Systemintegration Attendorn<\/li>\n<li>Valton Duriqi, Maschinen- und Anlagenf\u00fchrer Attendorn<\/li>\n<li>David Flaschinski, Fachinformatiker Systemintegration Iserlohn<\/li>\n<li>Timo Gabler, Industriemechaniker Instandhaltung Iserlohn<\/li>\n<li>Lilia Garres, Umschulung Fachkraft f\u00fcr Lagerlogistik Attendorn<\/li>\n<li>Karan G\u00fcrlek, Maschinen- und Anlagenf\u00fchrer Iserlohn<\/li>\n<li>Daniel Jaropud, Industriemechaniker Produktionstechnik Iserlohn<\/li>\n<li>Philipp Kamp, Mechatroniker Attendorn<\/li>\n<li>A\u00e7elya Kaya, Industriekauffrau Iserlohn<\/li>\n<li>Manuel Kniep, Fachkraft f\u00fcr Lagerlogistik Iserlohn<\/li>\n<li>Sasha Patrick Kornev, Industriemechaniker Produktionstechnik Iserlohn<\/li>\n<li>Daniel Massaro, Fachkraft f\u00fcr Lagerlogistik Iserlohn<\/li>\n<li>Sandro Nawrath, Werkzeugmechaniker Attendorn<\/li>\n<li>Lukas Niebuhr, Industriekaufmann Iserlohn<\/li>\n<li>Chiara Rio, Industriekauffrau Attendorn<\/li>\n<li>Luca Elias Scheele, Werkzeugmechaniker Attendorn<\/li>\n<li>Elias Schuwald, Werkzeugmechaniker Iserlohn<\/li>\n<li>Niklas Wick, Elektroniker f\u00fcr Betriebstechnik Iserlohn<\/li>\n<li>Riza Yigit Yilmaz, Industriemechaniker Attendorn<\/li>\n<li>Luan Zani, Industriekaufmann Attendorn<\/li>\n<\/ul>\n<p>Text und Foto: <a href=\"https:\/\/www.kirchhoff-automotive.com\" target=\"_blank\" rel=\"noopener\">KIRCHHOFF Witte GmbH<\/a><\/p>\n","protected":false},"excerpt":{"rendered":"<p>21 Frauen und M\u00e4nner sind am 14. August an den deutschen Standorten von KIRCHHOFF Automotive ins Berufsleben gestartet. Die ersten drei Tage standen ganz im&#8230;<\/p>\n","protected":false},"author":6,"featured_media":32487,"comment_status":"open","ping_status":"open","sticky":false,"template":"","format":"standard","meta":{"_jetpack_memberships_contains_paid_content":false,"footnotes":""},"categories":[1,8,32,10],"tags":[],"class_list":["post-32486","post","type-post","status-publish","format-standard","has-post-thumbnail","hentry","category-aktuell","category-ausbildung","category-infos","category-unternehmen"],"jetpack_featured_media_url":"https:\/\/www.vdsm.net\/wronline\/wp-content\/uploads\/2024\/08\/Neue-Azubis-KIRCHHOFF-Automotive-e1724655637809.jpg","jetpack_sharing_enabled":true,"_links":{"self":[{"href":"https:\/\/www.vdsm.net\/wronline\/wp-json\/wp\/v2\/posts\/32486","targetHints":{"allow":["GET"]}}],"collection":[{"href":"https:\/\/www.vdsm.net\/wronline\/wp-json\/wp\/v2\/posts"}],"about":[{"href":"https:\/\/www.vdsm.net\/wronline\/wp-json\/wp\/v2\/types\/post"}],"author":[{"embeddable":true,"href":"https:\/\/www.vdsm.net\/wronline\/wp-json\/wp\/v2\/users\/6"}],"replies":[{"embeddable":true,"href":"https:\/\/www.vdsm.net\/wronline\/wp-json\/wp\/v2\/comments?post=32486"}],"version-history":[{"count":1,"href":"https:\/\/www.vdsm.net\/wronline\/wp-json\/wp\/v2\/posts\/32486\/revisions"}],"predecessor-version":[{"id":32488,"href":"https:\/\/www.vdsm.net\/wronline\/wp-json\/wp\/v2\/posts\/32486\/revisions\/32488"}],"wp:featuredmedia":[{"embeddable":true,"href":"https:\/\/www.vdsm.net\/wronline\/wp-json\/wp\/v2\/media\/32487"}],"wp:attachment":[{"href":"https:\/\/www.vdsm.net\/wronline\/wp-json\/wp\/v2\/media?parent=32486"}],"wp:term":[{"taxonomy":"category","embeddable":true,"href":"https:\/\/www.vdsm.net\/wronline\/wp-json\/wp\/v2\/categories?post=32486"},{"taxonomy":"post_tag","embeddable":true,"href":"https:\/\/www.vdsm.net\/wronline\/wp-json\/wp\/v2\/tags?post=32486"}],"curies":[{"name":"wp","href":"https:\/\/api.w.org\/{rel}","templated":true}]}}