{"id":32454,"date":"2024-08-07T14:49:53","date_gmt":"2024-08-07T12:49:53","guid":{"rendered":"https:\/\/www.vdsm.net\/wronline\/?p=32454"},"modified":"2024-08-07T14:50:22","modified_gmt":"2024-08-07T12:50:22","slug":"regionale-2025-praxisnahe-forschung-in-ki-labor-fuer-die-suedwestfaelische-wirtschaft","status":"publish","type":"post","link":"https:\/\/www.vdsm.net\/wronline\/regionale-2025-praxisnahe-forschung-in-ki-labor-fuer-die-suedwestfaelische-wirtschaft\/","title":{"rendered":"REGIONALE 2025: Praxisnahe Forschung in KI-Labor f\u00fcr die s\u00fcdwestf\u00e4lische Wirtschaft"},"content":{"rendered":"<p>In S\u00fcdwestfalen entsteht schon bald ein praxisnaher Forschungsort rund um das Thema K\u00fcnstliche Intelligenz (KI). Mit dem dritten Stern in der REGIONALE 2025 und der F\u00f6rderempfehlung des EFRE-Begutachtungsschusses in H\u00f6he von voraussichtlich \u00fcber 4,5 Millionen Euro F\u00f6rderung aus Mitteln des Landes NRW und der EU aus dem Europ\u00e4ischen Fonds f\u00fcr Regionale Entwicklung (EFRE) kann das Projekt nun umgesetzt werden. Vorangetrieben wird es von der Gemeinn\u00fctzigen Gesellschaft f\u00fcr digitalisierte und nachhaltige Zusammenarbeit (DNZ) gGmbH aus Siegen und der Universit\u00e4t Siegen. Sie wollen mittelst\u00e4ndische Industrie-Unternehmen und ihre Mitarbeitenden dabei unterst\u00fctzen, neue Kompetenzen aufzubauen und sich mit Hilfe von K\u00fcnstlicher Intelligenz zukunfts- und wettbewerbsf\u00e4hig aufzustellen. Im Projekt \u201eKI- und Datenlabor f\u00fcr angewandte Mensch-Technik-Interaktion zur Unterst\u00fctzung digitalisierter Arbeit (AID)\u201c soll daf\u00fcr gemeinsam mit den Unternehmen praxisnahe KI-Modelle entwickelt, erforscht und in die Anwendung gebracht werden.<\/p>\n<p>F\u00fcr die industrie- und produktionsstarke Region S\u00fcdwestfalen stecken gro\u00dfe Potenziale in der K\u00fcnstlichen Intelligenz. Aber auf dem Weg, KI sinnvoll zu nutzen, brauchen die Unternehmen und ihre Mitarbeitenden Unterst\u00fctzung. Genau deshalb wollen die Gemeinn\u00fctzige Gesellschaft f\u00fcr digitalisierte und nachhaltige Zusammenarbeit GmbH (DNZ) aus Siegen und die Universit\u00e4t Siegen nun eine KI- und Datenlabor errichten. Dort sollen mehrere Anwendungsf\u00e4lle mit Unternehmen aus der Region erforscht und erprobt werden. \u201eDas Projekt bietet die M\u00f6glichkeit, industrienahe Forschung in der Region zu betreiben. Industrienah bedeutet in diesem Fall auch, dass wir eine \u201aTest before Invest\u2018-Umgebung f\u00fcr aktuelle Themen wie KI in der F\u00fcgetechnik oder Bestimmung des Product Carbon Footprint praktisch angehen k\u00f6nnen\u201c, sagt Dr. David Unbehaun, Gesch\u00e4ftsf\u00fchrer des DNZ, und gibt damit auch schon Einblick in die drei Anwendungsf\u00e4lle, die im Projekt im Mittelpunkt stehen.<\/p>\n<p><strong>KI einsetzen \u2013 Drei Themenbereiche stehen im Fokus<\/strong><\/p>\n<p>Die Projektverantwortlichen konzentrieren sich auf die drei Themenbereiche: \u201eKI zur Unterst\u00fctzung von Nachhaltigkeit\u201c, \u201eKI f\u00fcr optimiertes F\u00fcgen\u201c und \u201eGenerative KI\u201c. Es wird also geschaut, wie traditionelle Fertigungsprozesse in eine moderne und nachhaltige Produktion \u00fcberf\u00fchrt werden k\u00f6nnen, aber auch wie KI unterst\u00fctzen kann, um (neue) Mitarbeitende einfacher einzuarbeiten und weiterzubilden. \u201eWir wollen einen Beitrag zur Gestaltung der Arbeit im digitalen Zeitalter f\u00fcr die Region liefern\u201c, sagt Sven Hoffmann von der Universit\u00e4t Siegen. \u201eMit K\u00fcnstlicher Intelligenz ist eine ganz neue M\u00f6glichkeit der Unterst\u00fctzung qualifizierter Facharbeit entstanden.\u201c Zum anderen soll mit dem AID eine Anlaufstelle f\u00fcr K\u00fcnstliche Intelligenz entstehen, die das Thema nicht nur f\u00fcr Unternehmen, sondern durch Veranstaltungen wie Workshops, Hackathons und \u00f6ffentlichen Foren auch f\u00fcr die breite Bev\u00f6lkerung zug\u00e4nglicher macht.<\/p>\n<p><strong>Dauerhafte Anlaufstelle f\u00fcr das Thema KI schaffen <\/strong><\/p>\n<p>Alle Projekte werden umfassend evaluiert, um die geschaffene Forschungsinfrastruktur stetig zu verbessern und weiterzuentwickeln. Ziel ist, dass Unternehmen auch nach den drei Projektjahren eine Anlaufstelle rund um das Thema KI haben und Kompetenzen in der Wirtschaft in S\u00fcdwestfalen nachhaltig aufgebaut werden k\u00f6nnen.<\/p>\n<p>Das Projekt \u201eAID\u201c der REGIONALE 2025 soll mit 4,5 Millionen Euro aus Mitteln des Landes NRW und des Europ\u00e4ischen Fonds f\u00fcr Regionale Entwicklung (EFRE) \u00fcber den Aufruf \u201eREGIONALE S\u00fcdwestfalen \u2013 Projekte f\u00fcr eine digitale, nachhaltige und authentische Zukunft in S\u00fcdwestfalen\u201c gef\u00f6rdert werden.<\/p>\n<p><em><strong>Hintergrund:<\/strong><\/em><br \/>\nF\u00fcr zukunftsweisende, nachhaltige und innovative Vorhaben in Nordrhein-Westfalen stehen aus dem EFRE\/JTF-Programm NRW 2021-2027 EU-Mittel in H\u00f6he von 1,9 Milliarden Euro des Europ\u00e4ischen Fonds f\u00fcr Regionale Entwicklung (EFRE) und des Just Transition Fund (JTF) zur Verf\u00fcgung. Hinzu kommen eine Ko-Finanzierung des Landes Nordrhein-Westfalen und Eigenanteile der Projekte. Unterst\u00fctzt werden Vorhaben aus den Themenfeldern Innovation, Nachhaltigkeit, Mittelstandsf\u00f6rderung, Lebensqualit\u00e4t, Mobilit\u00e4t und Strukturwandel in Kohler\u00fcckzugsregionen.<\/p>\n<p>Text:\u00a0<a href=\"https:\/\/www.suedwestfalen-agentur.com\/\" target=\"_blank\" rel=\"noopener\">S\u00fcdwestfalen Agentur<\/a>; Foto: Cottonbro Studio<\/p>\n","protected":false},"excerpt":{"rendered":"<p>In S\u00fcdwestfalen entsteht schon bald ein praxisnaher Forschungsort rund um das Thema K\u00fcnstliche Intelligenz (KI). Mit dem dritten Stern in der REGIONALE 2025 und der&#8230;<\/p>\n","protected":false},"author":6,"featured_media":32455,"comment_status":"open","ping_status":"open","sticky":false,"template":"","format":"standard","meta":{"_jetpack_memberships_contains_paid_content":false,"footnotes":""},"categories":[32,30,11],"tags":[],"class_list":["post-32454","post","type-post","status-publish","format-standard","has-post-thumbnail","hentry","category-infos","category-vermischtes","category-regionale-wirtschaft"],"jetpack_featured_media_url":"https:\/\/www.vdsm.net\/wronline\/wp-content\/uploads\/2024\/08\/Pressefoto-AID_Cottonbro-Studio-scaled-1-e1723034808325.jpg","jetpack_sharing_enabled":true,"_links":{"self":[{"href":"https:\/\/www.vdsm.net\/wronline\/wp-json\/wp\/v2\/posts\/32454","targetHints":{"allow":["GET"]}}],"collection":[{"href":"https:\/\/www.vdsm.net\/wronline\/wp-json\/wp\/v2\/posts"}],"about":[{"href":"https:\/\/www.vdsm.net\/wronline\/wp-json\/wp\/v2\/types\/post"}],"author":[{"embeddable":true,"href":"https:\/\/www.vdsm.net\/wronline\/wp-json\/wp\/v2\/users\/6"}],"replies":[{"embeddable":true,"href":"https:\/\/www.vdsm.net\/wronline\/wp-json\/wp\/v2\/comments?post=32454"}],"version-history":[{"count":2,"href":"https:\/\/www.vdsm.net\/wronline\/wp-json\/wp\/v2\/posts\/32454\/revisions"}],"predecessor-version":[{"id":32457,"href":"https:\/\/www.vdsm.net\/wronline\/wp-json\/wp\/v2\/posts\/32454\/revisions\/32457"}],"wp:featuredmedia":[{"embeddable":true,"href":"https:\/\/www.vdsm.net\/wronline\/wp-json\/wp\/v2\/media\/32455"}],"wp:attachment":[{"href":"https:\/\/www.vdsm.net\/wronline\/wp-json\/wp\/v2\/media?parent=32454"}],"wp:term":[{"taxonomy":"category","embeddable":true,"href":"https:\/\/www.vdsm.net\/wronline\/wp-json\/wp\/v2\/categories?post=32454"},{"taxonomy":"post_tag","embeddable":true,"href":"https:\/\/www.vdsm.net\/wronline\/wp-json\/wp\/v2\/tags?post=32454"}],"curies":[{"name":"wp","href":"https:\/\/api.w.org\/{rel}","templated":true}]}}