{"id":32420,"date":"2024-08-02T15:06:02","date_gmt":"2024-08-02T13:06:02","guid":{"rendered":"https:\/\/www.vdsm.net\/wronline\/?p=32420"},"modified":"2024-08-02T15:06:02","modified_gmt":"2024-08-02T13:06:02","slug":"regionale-2025-digitales-lernen-und-passende-schulungen-fuer-kleine-und-mittlere-betriebe","status":"publish","type":"post","link":"https:\/\/www.vdsm.net\/wronline\/regionale-2025-digitales-lernen-und-passende-schulungen-fuer-kleine-und-mittlere-betriebe\/","title":{"rendered":"REGIONALE 2025: Digitales Lernen und passende Schulungen f\u00fcr kleine und mittlere Betriebe"},"content":{"rendered":"<p>Der \u201eDigitalum\u201c-Bus ist bereits unterwegs \u2013 nun wird auch das \u201eSchwesterprojekt\u201c umgesetzt, um digitale Kompetenzen in Wittgenstein und dar\u00fcber hinaus zu st\u00e4rken und breitfl\u00e4chig zu vermitteln. Vor allen Dingen kleine und mittlere Unternehmen und ihre Mitarbeitenden sollen profitieren und ganz praktisch erlernen k\u00f6nnen, wie sie neue Technologien im Arbeitsalltag nutzen k\u00f6nnen. Das Projekt der Digitalum Wittgenstein gGmbH und der FernUniversit\u00e4t Hagen hat vom zust\u00e4ndigen Ausschuss der REGIONALE 2025 den dritten Stern erhalten. Es wurde nach Pr\u00fcfung der Auswahlkriterien vom EFRE-Begutachtungsausschuss zur F\u00f6rderung empfohlen und soll mit 1,55 Millionen Euro Mitteln des Land NRW und aus der EU mit Mitteln des Europ\u00e4ischen Fonds f\u00fcr Regionale Entwicklung umgesetzt werden.<\/p>\n<p>Das Projekt \u201eGemeinsam Digital! \u2013 LEARN IT SWF\u201c fokussiert sich darauf, Wissen zu vermitteln, wie fortschrittliche Technologien funktionieren und in der Praxis angewendet werden k\u00f6nnen. Die Verantwortlichen sehen einen riesigen Bedarf an Weiterbildungs- und Qualifizierungsangeboten bei Nachwuchstalenten, Facharbeiter:innen und F\u00fchrungskr\u00e4ften. Im Projekt sollen daher Workshops und Fortbildungsprogramme entstehen, die auf die Bed\u00fcrfnisse der regionalen Unternehmen zugeschnitten sind, den Austausch der Unternehmen untereinander f\u00f6rdern und Teilnehmenden bef\u00e4higen, das Erlernte in ihrem Berufsfeld einzusetzen.<\/p>\n<p>\u201eMit dem Projekt \u201aGemeinsam Digital! \u2013 LEARN IT SWF\u2018 wird es uns gelingen, nicht nur einzelne Menschen zu \u201aDigitalisierungsexperten\u2018 auszubilden, sondern die breite Masse der Fach- und F\u00fchrungskr\u00e4fte auf dem Weg in die zunehmend digitale Welt von Morgen mitzunehmen\u201c, ist sich Andreas Kurth, Gesch\u00e4ftsf\u00fchrer der Digitalum Wittgenstein gGmbH, sicher. \u201eGemeinsam mit der FernUniversit\u00e4t in Hagen werden wir einen zentralen Kristallisationspunkt f\u00fcr Wissens- und Technologietransfer sowie Fragen rund um Digitalisierung und IT-bezogene Kompetenzerh\u00f6hung in Siegen-Wittgenstein und dar\u00fcber hinaus etablieren.\u201c<\/p>\n<p><strong>Schl\u00fcsseltechnologien f\u00fcr kleine und mittlere Betriebe<\/strong><\/p>\n<p>In dem Projekt wird daran gearbeitet, Schl\u00fcsseltechnologien in kleinen und mittleren Unternehmen nutzbar zu machen. Dazu z\u00e4hlen digitale Informations- und Kommunikationstechnologien, menschzentrierte Assistenzsysteme oder KI-basierte Fertigungsverfahren. Profitieren sollen Unternehmen aus Industrie und Handwerk, aber auch Einzelhandel, Finanzwesen, Gastronomie und Tourismus. Der breite Ansatz hat auch damit zu tun, dass aus diesen Branchen die Gesellschafter der Digitalum Wittgenstein gGmbH kommen und sie alle Digitalisierung als Gemeinschaftsaufgabe ansehen.<\/p>\n<p>Gemeinsam haben sie bereits das mobile Digitallabor \u201eDigitalum unterwegs\u201c gestartet. Daf\u00fcr wurde ein 18 Meter langer Linienbus umgebaut und mit unterschiedlichen Technologien ausgestattet. Hier k\u00f6nnen Interessierte 3D-Drucker, Lasercutter, VR-Brillen und andere digitalen Werkzeuge ausprobieren. Daraus wurden Weiterbildungsformate entwickelt \u2013 etwa zu 3D-Druck, K\u00fcnstlicher Intelligenz oder Internet of Things \u2013 und mit dem mobilen Lernort an den unterschiedlichsten Orten in Wittgenstein erprobt. Das neue Projekt \u201eGemeinsam Digital! \u2013 LEARN IT SWF\u201c baut darauf auf.<\/p>\n<p>\u201eDas Projekt ist ein tolles Beispiel daf\u00fcr, wie akademische Institutionen effektiv mit Unternehmen zusammenarbeiten k\u00f6nnen. Die Partnerschaft bietet nicht nur eine Plattform f\u00fcr den Austausch von fortschrittlichen Technologien und neuesten Forschungserkenntnissen, sondern schafft auch Voraussetzungen f\u00fcr die Innovationskraft der regionalen Wirtschaft\u201c, erkl\u00e4rt Prof. Dr. Thomas Ludwig, Professor f\u00fcr Bildungstechnologien an der FernUniversit\u00e4t Hagen.<\/p>\n<p>Das Projekt \u201eGemeinsam digital \u2013 Learn It SWF\u201c sieht sich als Bildungskompetenzknoten \u2013 in Wittgenstein, aber auch f\u00fcr ganz S\u00fcdwestfalen. Es gliedert sich daher auch ein in das gerade entstehende Netzwerk \u201eDO IT S\u00fcdwestfalen\u201c, damit Unternehmen, die r\u00e4umlich weit von Bad Berleburg entfernt sind, von den Erkenntnissen und Angeboten profitieren.<\/p>\n<p>Das Projekt \u201eGemeinsam digital \u2013 Learn It SWF\u201c der REGIONALE 2025 soll mit 1,55 Millionen Euro aus Mitteln des Landes NRW und des Europ\u00e4ischen Fonds f\u00fcr Regionale Entwicklung (EFRE) \u00fcber den Aufruf \u201eREGIONALE S\u00fcdwestfalen \u2013 Projekte f\u00fcr eine digitale, nachhaltige und authentische Zukunft in S\u00fcdwestfalen\u201c gef\u00f6rdert werden.<\/p>\n<p><em><strong>Hintergrund:<\/strong><\/em><br \/>\nF\u00fcr zukunftsweisende, nachhaltige und innovative Vorhaben in Nordrhein-Westfalen stehen aus dem EFRE\/JTF-Programm NRW 2021-2027 EU-Mittel in H\u00f6he von 1,9 Milliarden Euro des Europ\u00e4ischen Fonds f\u00fcr Regionale Entwicklung (EFRE) und des Just Transition Fund (JTF) zur Verf\u00fcgung. Hinzu kommen eine Ko-Finanzierung des Landes Nordrhein-Westfalen und Eigenanteile der Projekte. Unterst\u00fctzt werden Vorhaben aus den Themenfeldern Innovation, Nachhaltigkeit, Mittelstandsf\u00f6rderung, Lebensqualit\u00e4t, Mobilit\u00e4t und Strukturwandel in Kohler\u00fcckzugsregionen.<\/p>\n<p><em>Die REGIONALE 2025 ist ein Strukturprogramm des Landes NRW. Sie wird aus Mitteln der St\u00e4dtebauf\u00f6rderung des Bundes und des Landes Nordrhein-Westfalen unterst\u00fctzt<\/em><\/p>\n<p>Text: S\u00fcdwestfalen Agentur GmbH, Foto: Digitalum Wittgenstein gGmbH<\/p>\n","protected":false},"excerpt":{"rendered":"<p>Der \u201eDigitalum\u201c-Bus ist bereits unterwegs \u2013 nun wird auch das \u201eSchwesterprojekt\u201c umgesetzt, um digitale Kompetenzen in Wittgenstein und dar\u00fcber hinaus zu st\u00e4rken und breitfl\u00e4chig zu&#8230;<\/p>\n","protected":false},"author":6,"featured_media":32421,"comment_status":"open","ping_status":"open","sticky":false,"template":"","format":"standard","meta":{"_jetpack_memberships_contains_paid_content":false,"footnotes":""},"categories":[1,8,32,30,10,11],"tags":[],"class_list":["post-32420","post","type-post","status-publish","format-standard","has-post-thumbnail","hentry","category-aktuell","category-ausbildung","category-infos","category-vermischtes","category-unternehmen","category-regionale-wirtschaft"],"jetpack_featured_media_url":"https:\/\/www.vdsm.net\/wronline\/wp-content\/uploads\/2024\/08\/DIGITALUM_Projektbild1_\u00a9Digitalum-Wittgenstein-gGmbH-e1722603853370.jpg","jetpack_sharing_enabled":true,"_links":{"self":[{"href":"https:\/\/www.vdsm.net\/wronline\/wp-json\/wp\/v2\/posts\/32420","targetHints":{"allow":["GET"]}}],"collection":[{"href":"https:\/\/www.vdsm.net\/wronline\/wp-json\/wp\/v2\/posts"}],"about":[{"href":"https:\/\/www.vdsm.net\/wronline\/wp-json\/wp\/v2\/types\/post"}],"author":[{"embeddable":true,"href":"https:\/\/www.vdsm.net\/wronline\/wp-json\/wp\/v2\/users\/6"}],"replies":[{"embeddable":true,"href":"https:\/\/www.vdsm.net\/wronline\/wp-json\/wp\/v2\/comments?post=32420"}],"version-history":[{"count":1,"href":"https:\/\/www.vdsm.net\/wronline\/wp-json\/wp\/v2\/posts\/32420\/revisions"}],"predecessor-version":[{"id":32422,"href":"https:\/\/www.vdsm.net\/wronline\/wp-json\/wp\/v2\/posts\/32420\/revisions\/32422"}],"wp:featuredmedia":[{"embeddable":true,"href":"https:\/\/www.vdsm.net\/wronline\/wp-json\/wp\/v2\/media\/32421"}],"wp:attachment":[{"href":"https:\/\/www.vdsm.net\/wronline\/wp-json\/wp\/v2\/media?parent=32420"}],"wp:term":[{"taxonomy":"category","embeddable":true,"href":"https:\/\/www.vdsm.net\/wronline\/wp-json\/wp\/v2\/categories?post=32420"},{"taxonomy":"post_tag","embeddable":true,"href":"https:\/\/www.vdsm.net\/wronline\/wp-json\/wp\/v2\/tags?post=32420"}],"curies":[{"name":"wp","href":"https:\/\/api.w.org\/{rel}","templated":true}]}}