{"id":32406,"date":"2024-07-25T16:25:53","date_gmt":"2024-07-25T14:25:53","guid":{"rendered":"https:\/\/www.vdsm.net\/wronline\/?p=32406"},"modified":"2024-07-25T16:32:53","modified_gmt":"2024-07-25T14:32:53","slug":"157-neue-facharbeiter-in-den-metall-und-elektroberufen-in-siegen-wittgenstein-und-olpe","status":"publish","type":"post","link":"https:\/\/www.vdsm.net\/wronline\/157-neue-facharbeiter-in-den-metall-und-elektroberufen-in-siegen-wittgenstein-und-olpe\/","title":{"rendered":"157 neue Facharbeiter in den Metall- und Elektroberufen in Siegen-Wittgenstein und Olpe"},"content":{"rendered":"<p>104 Auszubildende der Industriebetriebe aus Siegen-Wittgenstein bestanden in diesen Tagen ihre Abschlusspr\u00fcfung in den Metall- und Elektroberufen. Sie erhielten ihre Zeugnisse im Rahmen einer Feierstunde der Industrie- und Handelskammer Siegen in der Siegerlandhalle. Der Schulleiter des Berufskollegs Technik, Ralf Bruch, und der stellvertretende IHK-Hauptgesch\u00e4ftsf\u00fchrer Klaus Fenster sowie die Lehrkr\u00e4fte, Ausbilder und Mitglieder der IHK-Pr\u00fcfungsaussch\u00fcsse gratulierten zur bestandenen Pr\u00fcfung. \u201eEs ist sch\u00f6n zu sehen, welche hervorragenden Leistungen auch in diesem Jahr die Auszubildenden in den Metall- und Elektroberufen in ihren Pr\u00fcfungen zeigen konnten\u201c, erkl\u00e4rte Klaus Fenster. Er forderte die Jung-Facharbeiter auf, weiter zu lernen und ihren Weg in den heimischen Unternehmen zu machen: \u201eSie haben hier hervorragende Chancen, die es zu nutzen gilt.\u201c Ralf Bruch betonte bei der Zeugnis\u00fcbergabe ebenso die Bedeutung des Weiter-Lernens in der Arbeitswelt und gratulierte den jungen M\u00e4nnern und Frauen zum Berufsabschluss.<\/p>\n<p>Im Kreis Olpe waren es 53 Auszubildende, die in der Gesch\u00e4ftsstelle Olpe der IHK Siegen ihre Zeugnisse erhielten. Ina Suchard, Schulleiterin des Berufskollegs Olpe, Klaus Fenster sowie Lehrer, Ausbilder und Mitglieder der IHK-Pr\u00fcfungsaussch\u00fcsse geh\u00f6rten hier zu den Gratulanten. Gerade bei letzteren bedankte sich Klaus Fenster in beiden Veranstaltungen: \u201eOhne das ehrenamtliche Engagement der Pr\u00fcferinnen und Pr\u00fcfer g\u00e4be es die duale Ausbildung in dieser Form nicht. Ein gro\u00dfer Dank geb\u00fchrt den Lehrkr\u00e4ften wie dem Ausbildungspersonal, die sich mit Hingabe ihrer Aufgabe widmen. Dabei geht es nicht nur um die Fachkompetenzen, sondern auch um das pers\u00f6nliche Wachstum der Auszubildenden.\u201c Diese h\u00e4tten nun einen wichtigen Abschnitt ihres Berufslebens absolviert, erg\u00e4nzte Ina Suchard. Sie ermunterte die Absolventen, ihre Kenntnisse und F\u00e4higkeiten geschickt einzusetzen.<\/p>\n<p>Bei den Feierlichkeiten wurden zudem die Pr\u00fcfungsbesten in den jeweiligen Berufen geehrt.<\/p>\n<p><strong>Pr\u00fcfungsbeste Abschlusspr\u00fcfung Sommer 2024:<\/strong><\/p>\n<p><strong>Kreis Olpe:<\/strong><\/p>\n<div id=\"attachment_32408\" style=\"width: 310px\" class=\"wp-caption alignright\"><a href=\"https:\/\/www.vdsm.net\/wronline\/wp-content\/uploads\/2024\/07\/052-24-Facharbeiter-Olpe-scaled-e1721917535598.jpg\" target=\"_blank\" rel=\"noopener\"><img loading=\"lazy\" decoding=\"async\" aria-describedby=\"caption-attachment-32408\" class=\"wp-image-32408 size-medium\" src=\"https:\/\/www.vdsm.net\/wronline\/wp-content\/uploads\/2024\/07\/052-24-Facharbeiter-Olpe-300x139.jpg\" alt=\"\" width=\"300\" height=\"139\" \/><\/a><p id=\"caption-attachment-32408\" class=\"wp-caption-text\">Der stellvertretende IHK-Hauptgesch\u00e4ftsf\u00fchrer Klaus Fenster (l.) und Ina Suchard (r.), Schulleiterin des Berufskollegs Olpe, gratulierten den Jung-Facharbeitern.<\/p><\/div>\n<p>Elektroniker f\u00fcr Betriebstechnik, Elias Jung, EMG Automation GmbH, 96 Punkte<\/p>\n<p>Industrieelektriker, J\u00f6rg Heitmann, externer Pr\u00fcfungsteilnehmer, 94 Punkte<\/p>\n<p>Mechatroniker, Hendrik Josef Vo\u00df, Mennekes Elektrotechnik GmbH &amp; Co. KG, 92 Punkte<\/p>\n<p>Industriemechaniker, Henrik Halbe, LEWA Attendorn GmbH, 92 Punkte<\/p>\n<p>Verfahrensmechanikerin f\u00fcr Kunststoff- und Kautschuktechnik, Dajana Schneider, Viega GmbH &amp; Co. KG, 86 Punkte<\/p>\n<p>Werkzeugmechaniker, Benjamin Klinkhammer, GEDIA Gebr\u00fcder Dingerkus GmbH, 89 Punkte<\/p>\n<p>Zerspanungsmechaniker, Dominik Stetinger, Berghoff GmbH, 76 Punkte<\/p>\n<p>&nbsp;<\/p>\n<p><strong>Kreis Siegen-Wittgenstein:<\/strong><\/p>\n<p>Elektroniker f\u00fcr Betriebstechnik, Severin Feisel, Westnetz GmbH, 94 Punkte<\/p>\n<p>Elektroniker f\u00fcr Betriebstechnik, Natalie Bauer, SMS group GmbH, 94 Punkte<\/p>\n<p>Elektroniker f\u00fcr Betriebstechnik, David Morgenschweis, Fritz Sch\u00e4fer GmbH, 94 Punkte<\/p>\n<p>Mechatroniker, Tom Anton Michael Sitek, SMS group GmbH, 94 Punkte<\/p>\n<p>Industriemechaniker, Moritz Filipzik, SMS group GmbH, 96 Punkte<\/p>\n<p>Konstruktionsmechaniker, Niklas Schlapbach, Otto Blecher GmbH, 95 Punkte<\/p>\n<p>Technische Produktdesigner, Kevin Sprenger, SMS group GmbH, 90 Punkte<\/p>\n<p>Verfahrensmechaniker f\u00fcr Kunststoff- und Kautschuktechnik, Lucas Bimberg, Agrodur Grosalski GmbH &amp; Co. KG, 88 Punkte<\/p>\n<p>Zerspanungsmechaniker, Ren\u00e9 B\u00e4r, Dango &amp; Dienenthal Maschinenbau GmbH, 91 Punkte<\/p>\n<p>&nbsp;<\/p>\n<p>Text und Fotos: IHK Siegen<\/p>\n","protected":false},"excerpt":{"rendered":"<p>104 Auszubildende der Industriebetriebe aus Siegen-Wittgenstein bestanden in diesen Tagen ihre Abschlusspr\u00fcfung in den Metall- und Elektroberufen. Sie erhielten ihre Zeugnisse im Rahmen einer Feierstunde&#8230;<\/p>\n","protected":false},"author":6,"featured_media":32407,"comment_status":"open","ping_status":"open","sticky":false,"template":"","format":"standard","meta":{"_jetpack_memberships_contains_paid_content":false,"footnotes":""},"categories":[1,8,32,30,10],"tags":[],"class_list":["post-32406","post","type-post","status-publish","format-standard","has-post-thumbnail","hentry","category-aktuell","category-ausbildung","category-infos","category-vermischtes","category-unternehmen"],"jetpack_featured_media_url":"https:\/\/www.vdsm.net\/wronline\/wp-content\/uploads\/2024\/07\/052-24-Facharbeiter-Siegen-scaled-e1721917502133.jpg","jetpack_sharing_enabled":true,"_links":{"self":[{"href":"https:\/\/www.vdsm.net\/wronline\/wp-json\/wp\/v2\/posts\/32406","targetHints":{"allow":["GET"]}}],"collection":[{"href":"https:\/\/www.vdsm.net\/wronline\/wp-json\/wp\/v2\/posts"}],"about":[{"href":"https:\/\/www.vdsm.net\/wronline\/wp-json\/wp\/v2\/types\/post"}],"author":[{"embeddable":true,"href":"https:\/\/www.vdsm.net\/wronline\/wp-json\/wp\/v2\/users\/6"}],"replies":[{"embeddable":true,"href":"https:\/\/www.vdsm.net\/wronline\/wp-json\/wp\/v2\/comments?post=32406"}],"version-history":[{"count":5,"href":"https:\/\/www.vdsm.net\/wronline\/wp-json\/wp\/v2\/posts\/32406\/revisions"}],"predecessor-version":[{"id":32413,"href":"https:\/\/www.vdsm.net\/wronline\/wp-json\/wp\/v2\/posts\/32406\/revisions\/32413"}],"wp:featuredmedia":[{"embeddable":true,"href":"https:\/\/www.vdsm.net\/wronline\/wp-json\/wp\/v2\/media\/32407"}],"wp:attachment":[{"href":"https:\/\/www.vdsm.net\/wronline\/wp-json\/wp\/v2\/media?parent=32406"}],"wp:term":[{"taxonomy":"category","embeddable":true,"href":"https:\/\/www.vdsm.net\/wronline\/wp-json\/wp\/v2\/categories?post=32406"},{"taxonomy":"post_tag","embeddable":true,"href":"https:\/\/www.vdsm.net\/wronline\/wp-json\/wp\/v2\/tags?post=32406"}],"curies":[{"name":"wp","href":"https:\/\/api.w.org\/{rel}","templated":true}]}}