{"id":32337,"date":"2024-06-17T16:40:07","date_gmt":"2024-06-17T14:40:07","guid":{"rendered":"https:\/\/www.vdsm.net\/wronline\/?p=32337"},"modified":"2024-06-17T16:40:07","modified_gmt":"2024-06-17T14:40:07","slug":"axel-e-barten-nun-ehrenvorsitzender","status":"publish","type":"post","link":"https:\/\/www.vdsm.net\/wronline\/axel-e-barten-nun-ehrenvorsitzender\/","title":{"rendered":"Axel E. Barten nun Ehrenvorsitzender"},"content":{"rendered":"<p>Wechsel im Vorstand des Verbandes der Siegerl\u00e4nder Metallindustriellen (VdSM): Nach 40 Jahren ehrenamtlichem Engagement im VdSM scheidet Axel E. Barten aus dem Gremium aus. Aufgrund seiner gro\u00dfen Verdienste f\u00fcr den Verband, der \u00fcber 100 Unternehmen aus der Metall- und Elektroindustrie im Kreis Siegen-Wittgenstein vertritt, wurde der langj\u00e4hrige Gesch\u00e4ftsf\u00fchrer der Firma Achenbach Bussch\u00fctten GmbH &amp; Co. KG jetzt im Rahmen der Mitgliederversammlung zum Ehrenvorsitzenden ernannt.<\/p>\n<p><strong>Ehrenvorsitzender im Unruhestand<br \/>\n<\/strong>Doch mit der Ernennung geh\u00f6rt der 74-J\u00e4hrige beileibe nicht zum alten Eisen. \u201eWer Axel Barten kennt, der wei\u00df, dass solch ein Ruhestand eher ein Unruhestand ist. Darum sind wir uns sicher, dass du auch als Ehrenvorsitzender weiter engagiert an unserem Verbandsleben teilnehmen und dich mit deiner Expertise einbringen wirst\u201c, freute sich der VdSM-Vorsitzende Christian F. Kocherscheidt auf die weitere Zusammenarbeit.<\/p>\n<p>Bereits 1984 war Barten in den Beirat des Verbandes gew\u00e4hlt worden und 1990 zum stellvertretenden Vorsitzenden aufger\u00fcckt. Dieses Amt bekleidete er bis zur Ernennung zum Ehrenvorsitzenden \u2013 nur unterbrochen durch eine Amtszeit als Vorsitzender von 1995 bis 1999. Diese Zeit fiel in den pl\u00f6tzlichen Tod des einstigen VdSM-Gesch\u00e4ftsf\u00fchrers Georg Henke, der v\u00f6llig \u00fcberraschend im Jahr 1995 in einem Spanien-Urlaub verstorben war. Axel E. Barten f\u00fchrte mit Hilfe des Landesverbandes in D\u00fcsseldorf ein halbes Jahr lang die Gesch\u00e4fte \u2013 parallel zu seiner verantwortungsvollen T\u00e4tigkeit im eigenen Unternehmen. Seit 1995 ist Barten zudem ehrenamtlich im Landesverband von Unternehmer NRW engagiert. Dieses Amt wird er auch mit dem Ausscheiden als stellvertretender VdSM-Vorsitzender weiter ausf\u00fchren. Die Verbindung von Wissenschaft, Praxis und Arbeit sei ihm immer ein Herzensanliegen gewesen, blickte ein ob der Ehrung sichtlich ger\u00fchrter Axel Barten zur\u00fcck: \u201eDas machen wir jetzt genau so im Campus Buschh\u00fctten.\u201c<\/p>\n<p><strong>Jan Roland Osterrath neuer stellvertretender Vorsitzender<\/strong><\/p>\n<p>Nachfolger im VdSM-Vorstand ist sein Sohn Andr\u00e9, aktueller Gesch\u00e4ftsf\u00fchrer bei Achenbach Buschh\u00fctten GmbH &amp; Co. KG, den freigewordenen Platz als stellvertretender Vorsitzender bekleidet nun Jan Roland Osterrath (Osterrath GmbH &amp; Co. KG). Damit setzt sich der Vorstand des VdSM f\u00fcr die kommenden drei Jahre aus dem Vorsitzenden Christian F. Kocherscheidt (EJOT Holding GmbH &amp; Co. KG), seinen beiden Stellvertretern Jan Roland Osterrath, und J\u00f6rg Dienenthal (Dango &amp; Dienenthal Maschinenbau GmbH) sowie den weiteren Mitgliedern Wieland Frank (SIEGENIA-AUBI KG), Andreas Klein (Heinrich Wagner Sinto Maschinenfabrik GmbH) und Andr\u00e9 Barten zusammen.<\/p>\n<p>Text: Jan Krumnow\/Foto: Kai Osthoff<\/p>\n","protected":false},"excerpt":{"rendered":"<p>Wechsel im Vorstand des Verbandes der Siegerl\u00e4nder Metallindustriellen (VdSM): Nach 40 Jahren ehrenamtlichem Engagement im VdSM scheidet Axel E. Barten aus dem Gremium aus. Aufgrund&#8230;<\/p>\n","protected":false},"author":7,"featured_media":32338,"comment_status":"open","ping_status":"open","sticky":false,"template":"","format":"standard","meta":{"_jetpack_memberships_contains_paid_content":false,"footnotes":""},"categories":[1,30,11],"tags":[],"class_list":["post-32337","post","type-post","status-publish","format-standard","has-post-thumbnail","hentry","category-aktuell","category-vermischtes","category-regionale-wirtschaft"],"jetpack_featured_media_url":"https:\/\/www.vdsm.net\/wronline\/wp-content\/uploads\/2024\/06\/barten-ehrung-1.jpg","jetpack_sharing_enabled":true,"_links":{"self":[{"href":"https:\/\/www.vdsm.net\/wronline\/wp-json\/wp\/v2\/posts\/32337","targetHints":{"allow":["GET"]}}],"collection":[{"href":"https:\/\/www.vdsm.net\/wronline\/wp-json\/wp\/v2\/posts"}],"about":[{"href":"https:\/\/www.vdsm.net\/wronline\/wp-json\/wp\/v2\/types\/post"}],"author":[{"embeddable":true,"href":"https:\/\/www.vdsm.net\/wronline\/wp-json\/wp\/v2\/users\/7"}],"replies":[{"embeddable":true,"href":"https:\/\/www.vdsm.net\/wronline\/wp-json\/wp\/v2\/comments?post=32337"}],"version-history":[{"count":1,"href":"https:\/\/www.vdsm.net\/wronline\/wp-json\/wp\/v2\/posts\/32337\/revisions"}],"predecessor-version":[{"id":32339,"href":"https:\/\/www.vdsm.net\/wronline\/wp-json\/wp\/v2\/posts\/32337\/revisions\/32339"}],"wp:featuredmedia":[{"embeddable":true,"href":"https:\/\/www.vdsm.net\/wronline\/wp-json\/wp\/v2\/media\/32338"}],"wp:attachment":[{"href":"https:\/\/www.vdsm.net\/wronline\/wp-json\/wp\/v2\/media?parent=32337"}],"wp:term":[{"taxonomy":"category","embeddable":true,"href":"https:\/\/www.vdsm.net\/wronline\/wp-json\/wp\/v2\/categories?post=32337"},{"taxonomy":"post_tag","embeddable":true,"href":"https:\/\/www.vdsm.net\/wronline\/wp-json\/wp\/v2\/tags?post=32337"}],"curies":[{"name":"wp","href":"https:\/\/api.w.org\/{rel}","templated":true}]}}