{"id":32200,"date":"2024-05-27T10:48:54","date_gmt":"2024-05-27T08:48:54","guid":{"rendered":"https:\/\/www.vdsm.net\/wronline\/?p=32200"},"modified":"2024-05-27T10:58:14","modified_gmt":"2024-05-27T08:58:14","slug":"jetzt-bewerben-ferien-azubi-2024","status":"publish","type":"post","link":"https:\/\/www.vdsm.net\/wronline\/jetzt-bewerben-ferien-azubi-2024\/","title":{"rendered":"Jetzt bewerben: \u201eFerien-Azubi\u201c 2024"},"content":{"rendered":"<p>Du verl\u00e4sst im Sommer die Schule, wei\u00dft noch nicht, wie es danach weiter geht? Willst Dir in den Ferien etwas dazu verdienen und vielleicht direkt danach im selben Unternehmen Deine Ausbildung starten? Dann ist die Aktion \u201eFerien-Azubi Siegen-Wittgenstein 2024\u2033 genau das Richtige f\u00fcr Dich. Eine Aktion der Agentur f\u00fcr Arbeit Siegen, der Handwerkskammer S\u00fcdwestfalen, der Kreishandwerkerschaft Westfalen-S\u00fcd, der Industrie- und Handelskammer Siegen, der Arbeitgeberverb\u00e4nde Siegen-Wittgenstein und des Kreises Siegen-Wittgenstein.<\/p>\n<p>Sch\u00fclerinnen und Sch\u00fcler, die eine Stelle als \u201eFerien-Azubi\u201c suchen, wenden sich an die\u00a0<strong>Berufsberatung der Agentur f\u00fcr Arbeit Siegen<\/strong>:<br \/>\n<strong>E-Mail<\/strong>:\u00a0<a href=\"mailto:Berufsberatung.Siegen@arbeitsagentur.de\">Berufsberatung.Siegen@arbeitsagentur.de<\/a>\u00a0\/ Betreff: \u201eFerien-Azubi\u201c 2024 \/\u00a0<strong>Telefon<\/strong>: 0271-2301409<\/p>\n<p>Unternehmen, die noch Stellen f\u00fcr \u201eFerien-Azubis\u201c anbieten m\u00f6chten, wenden sich an den\u00a0<strong>Arbeitgeberservice der Agentur f\u00fcr Arbeit Siegen<\/strong>:<br \/>\n<strong>E-Mail<\/strong>:\u00a0<a href=\"mailto:Siegen.142-Arbeitgeber-Service@arbeitsagentur.de\">Siegen.142-Arbeitgeber-Service@arbeitsagentur.de<\/a> \/ Betreff: \u201eFerien-Azubi\u201c 2024<\/p>\n<p>Den Flyer zum Ferien-Azubi 2024 gibt es <a href=\"https:\/\/www.vdsm.net\/wronline\/wp-content\/uploads\/2024\/05\/Flyer-Ferien-Azubi-2024.pdf\" target=\"_blank\" rel=\"noopener\">hier<\/a> und den Radiospot <a href=\"https:\/\/kreissiwi.de\/2024\/05\/16\/jetzt-bewerben-ferien-azubi-2024\/\" target=\"_blank\" rel=\"noopener\">hier<\/a>.<\/p>\n<p>Foto: ehrenberg-bilder -stock.adobe.com<\/p>\n","protected":false},"excerpt":{"rendered":"<p>Du verl\u00e4sst im Sommer die Schule, wei\u00dft noch nicht, wie es danach weiter geht? Willst Dir in den Ferien etwas dazu verdienen und vielleicht direkt&#8230;<\/p>\n","protected":false},"author":6,"featured_media":32201,"comment_status":"open","ping_status":"open","sticky":false,"template":"","format":"standard","meta":{"_jetpack_memberships_contains_paid_content":false,"footnotes":""},"categories":[1,32,30,10],"tags":[],"class_list":["post-32200","post","type-post","status-publish","format-standard","has-post-thumbnail","hentry","category-aktuell","category-infos","category-vermischtes","category-unternehmen"],"jetpack_featured_media_url":"https:\/\/www.vdsm.net\/wronline\/wp-content\/uploads\/2024\/05\/Ferien-Azubi-2024-e1716799393912.jpg","jetpack_sharing_enabled":true,"_links":{"self":[{"href":"https:\/\/www.vdsm.net\/wronline\/wp-json\/wp\/v2\/posts\/32200","targetHints":{"allow":["GET"]}}],"collection":[{"href":"https:\/\/www.vdsm.net\/wronline\/wp-json\/wp\/v2\/posts"}],"about":[{"href":"https:\/\/www.vdsm.net\/wronline\/wp-json\/wp\/v2\/types\/post"}],"author":[{"embeddable":true,"href":"https:\/\/www.vdsm.net\/wronline\/wp-json\/wp\/v2\/users\/6"}],"replies":[{"embeddable":true,"href":"https:\/\/www.vdsm.net\/wronline\/wp-json\/wp\/v2\/comments?post=32200"}],"version-history":[{"count":7,"href":"https:\/\/www.vdsm.net\/wronline\/wp-json\/wp\/v2\/posts\/32200\/revisions"}],"predecessor-version":[{"id":32209,"href":"https:\/\/www.vdsm.net\/wronline\/wp-json\/wp\/v2\/posts\/32200\/revisions\/32209"}],"wp:featuredmedia":[{"embeddable":true,"href":"https:\/\/www.vdsm.net\/wronline\/wp-json\/wp\/v2\/media\/32201"}],"wp:attachment":[{"href":"https:\/\/www.vdsm.net\/wronline\/wp-json\/wp\/v2\/media?parent=32200"}],"wp:term":[{"taxonomy":"category","embeddable":true,"href":"https:\/\/www.vdsm.net\/wronline\/wp-json\/wp\/v2\/categories?post=32200"},{"taxonomy":"post_tag","embeddable":true,"href":"https:\/\/www.vdsm.net\/wronline\/wp-json\/wp\/v2\/tags?post=32200"}],"curies":[{"name":"wp","href":"https:\/\/api.w.org\/{rel}","templated":true}]}}