{"id":3217,"date":"2016-02-05T09:40:05","date_gmt":"2016-02-05T08:40:05","guid":{"rendered":"http:\/\/www.vdsm.net\/wronline\/?p=3217"},"modified":"2016-02-05T09:40:05","modified_gmt":"2016-02-05T08:40:05","slug":"sprechstunden-zum-beruflichen-wiedereinstieg","status":"publish","type":"post","link":"https:\/\/www.vdsm.net\/wronline\/sprechstunden-zum-beruflichen-wiedereinstieg\/","title":{"rendered":"Sprechstunden zum beruflichen Wiedereinstieg"},"content":{"rendered":"<p>Birgit Riemer-Schnabel, Beauftragten f\u00fcr Chancengleichheit am Arbeitsmarkt der Agentur f\u00fcr Arbeit Siegen bietet am Montag, den 15.02.2016 zwei Sprechstunden zum beruflichen Wiedereinstieg an. Die Sprechstunde in Olpe dauert von 9 bis 11:30 Uhr und ist im Raum 11 im Erdgeschoss in der Gesch\u00e4ftsstelle der Agentur f\u00fcr Arbeit in der Rochusstra\u00dfe 3 in Olpe. Die Sprechstunde in Siegen geht von 13 bis 15:30 Uhr und ist im BIZ-Gruppenraum in der Agentur f\u00fcr Arbeit in der Emilienstra\u00dfe 45 in Siegen. Eine Anmeldung ist nicht erforderlich.<\/p>\n<p>\u201eWer aufgrund einer Familienphase oder aus anderen Gr\u00fcnden seine berufliche Laufbahn unterbrochen hat und nun wieder einsteigen will, ist h\u00e4ufig verunsichert. Es besteht der Wunsch nach einem Wiedereinstieg, aber manchmal scheinen die H\u00fcrden un\u00fcberwindbar\u201c, wei\u00df Birgit Riemer-Schnabel. \u201eDeswegen biete ich in meiner vertraulichen und individuellen Sprechstunde Antworten auf ganz pers\u00f6nliche Fragen. Gemeinsam erarbeiten wir Perspektiven und gehen Ihren beruflichen Wiedereinstieg an, kommen Sie vorbei!\u201c<\/p>\n<p>\u00dcber die Sprechstunde bietet sich Interessierten auch die M\u00f6glichkeit, Zugang zum Vermittlungsteam \u201eDritte Karriere\u201c zu bekommen. Die beiden Vermittlerinnen betreuen Personen, die ausgebildete Fachkr\u00e4fte sind, aber f\u00fcr die Familien-Karriere ihre Berufst\u00e4tigkeit beendet haben. \u201eMit dem beruflichen Wiedereinstieg k\u00f6nnen sie zur finanziellen Absicherung ihrer Familie beitragen und beruflich Anschluss halten\u201c, erl\u00e4utert Riemer-Schnabel die Dritte Karriere.<\/p>\n","protected":false},"excerpt":{"rendered":"<p>Birgit Riemer-Schnabel, Beauftragten f\u00fcr Chancengleichheit am Arbeitsmarkt der Agentur f\u00fcr Arbeit Siegen bietet am Montag, den 15.02.2016 zwei Sprechstunden zum beruflichen Wiedereinstieg an. Die Sprechstunde&#8230;<\/p>\n","protected":false},"author":2,"featured_media":2674,"comment_status":"open","ping_status":"open","sticky":false,"template":"","format":"standard","meta":{"_jetpack_memberships_contains_paid_content":false,"footnotes":""},"categories":[16],"tags":[],"class_list":["post-3217","post","type-post","status-publish","format-standard","has-post-thumbnail","hentry","category-arbeitsmarkt"],"jetpack_featured_media_url":"https:\/\/www.vdsm.net\/wronline\/wp-content\/uploads\/2015\/08\/wronline-header-arbeitsmarkt.jpg","jetpack_sharing_enabled":true,"_links":{"self":[{"href":"https:\/\/www.vdsm.net\/wronline\/wp-json\/wp\/v2\/posts\/3217","targetHints":{"allow":["GET"]}}],"collection":[{"href":"https:\/\/www.vdsm.net\/wronline\/wp-json\/wp\/v2\/posts"}],"about":[{"href":"https:\/\/www.vdsm.net\/wronline\/wp-json\/wp\/v2\/types\/post"}],"author":[{"embeddable":true,"href":"https:\/\/www.vdsm.net\/wronline\/wp-json\/wp\/v2\/users\/2"}],"replies":[{"embeddable":true,"href":"https:\/\/www.vdsm.net\/wronline\/wp-json\/wp\/v2\/comments?post=3217"}],"version-history":[{"count":2,"href":"https:\/\/www.vdsm.net\/wronline\/wp-json\/wp\/v2\/posts\/3217\/revisions"}],"predecessor-version":[{"id":3219,"href":"https:\/\/www.vdsm.net\/wronline\/wp-json\/wp\/v2\/posts\/3217\/revisions\/3219"}],"wp:featuredmedia":[{"embeddable":true,"href":"https:\/\/www.vdsm.net\/wronline\/wp-json\/wp\/v2\/media\/2674"}],"wp:attachment":[{"href":"https:\/\/www.vdsm.net\/wronline\/wp-json\/wp\/v2\/media?parent=3217"}],"wp:term":[{"taxonomy":"category","embeddable":true,"href":"https:\/\/www.vdsm.net\/wronline\/wp-json\/wp\/v2\/categories?post=3217"},{"taxonomy":"post_tag","embeddable":true,"href":"https:\/\/www.vdsm.net\/wronline\/wp-json\/wp\/v2\/tags?post=3217"}],"curies":[{"name":"wp","href":"https:\/\/api.w.org\/{rel}","templated":true}]}}