{"id":3214,"date":"2016-02-02T10:07:54","date_gmt":"2016-02-02T09:07:54","guid":{"rendered":"http:\/\/www.vdsm.net\/wronline\/?p=3214"},"modified":"2016-02-02T10:14:25","modified_gmt":"2016-02-02T09:14:25","slug":"bereits-2-684-ausbildungsstellen-fuer-2016-gemeldet","status":"publish","type":"post","link":"https:\/\/www.vdsm.net\/wronline\/bereits-2-684-ausbildungsstellen-fuer-2016-gemeldet\/","title":{"rendered":"Bereits 2.684 Ausbildungsstellen f\u00fcr 2016 gemeldet"},"content":{"rendered":"<p>Bei der Agentur f\u00fcr Arbeit in Siegen sind bereits 2.684 Ausbildungsstellen f\u00fcr das kommende Lehrjahr gemeldet. \u201eNoch nie zuvor haben die Unternehmen bis Januar so viele Stellen bei uns gemeldet\u201c, berichtet Dr. Wolf. Der hohe Stellenstand zeige, dass die Betriebe dringend Auszubildende suchen. \u201eF\u00fcr die Bewerberinnen und Bewerber ist die Situation nat\u00fcrlich komfortabel, denn sie k\u00f6nnen sich auf eine gro\u00dfe Vielfalt an Ausbildungsstellen bewerben\u201c, l\u00e4dt Dr. Wolf die Ausbildungssuchenden ein, sich bei der Agentur zu melden: \u201eUnsere Berufsberater unterst\u00fctzen gerne bei der Suche nach dem richtigen Ausbildungsplatz.\u201c Einen Termin bei den Berufsberatern k\u00f6nnen Jugendliche \u00fcber die kostenlose Hotline 0800 4-5555-00 vereinbaren.<\/p>\n","protected":false},"excerpt":{"rendered":"<p>Bei der Agentur f\u00fcr Arbeit in Siegen sind bereits 2.684 Ausbildungsstellen f\u00fcr das kommende Lehrjahr gemeldet. \u201eNoch nie zuvor haben die Unternehmen bis Januar so&#8230;<\/p>\n","protected":false},"author":2,"featured_media":2674,"comment_status":"open","ping_status":"open","sticky":false,"template":"","format":"standard","meta":{"_jetpack_memberships_contains_paid_content":false,"footnotes":""},"categories":[16],"tags":[],"class_list":["post-3214","post","type-post","status-publish","format-standard","has-post-thumbnail","hentry","category-arbeitsmarkt"],"jetpack_featured_media_url":"https:\/\/www.vdsm.net\/wronline\/wp-content\/uploads\/2015\/08\/wronline-header-arbeitsmarkt.jpg","jetpack_sharing_enabled":true,"_links":{"self":[{"href":"https:\/\/www.vdsm.net\/wronline\/wp-json\/wp\/v2\/posts\/3214","targetHints":{"allow":["GET"]}}],"collection":[{"href":"https:\/\/www.vdsm.net\/wronline\/wp-json\/wp\/v2\/posts"}],"about":[{"href":"https:\/\/www.vdsm.net\/wronline\/wp-json\/wp\/v2\/types\/post"}],"author":[{"embeddable":true,"href":"https:\/\/www.vdsm.net\/wronline\/wp-json\/wp\/v2\/users\/2"}],"replies":[{"embeddable":true,"href":"https:\/\/www.vdsm.net\/wronline\/wp-json\/wp\/v2\/comments?post=3214"}],"version-history":[{"count":2,"href":"https:\/\/www.vdsm.net\/wronline\/wp-json\/wp\/v2\/posts\/3214\/revisions"}],"predecessor-version":[{"id":3216,"href":"https:\/\/www.vdsm.net\/wronline\/wp-json\/wp\/v2\/posts\/3214\/revisions\/3216"}],"wp:featuredmedia":[{"embeddable":true,"href":"https:\/\/www.vdsm.net\/wronline\/wp-json\/wp\/v2\/media\/2674"}],"wp:attachment":[{"href":"https:\/\/www.vdsm.net\/wronline\/wp-json\/wp\/v2\/media?parent=3214"}],"wp:term":[{"taxonomy":"category","embeddable":true,"href":"https:\/\/www.vdsm.net\/wronline\/wp-json\/wp\/v2\/categories?post=3214"},{"taxonomy":"post_tag","embeddable":true,"href":"https:\/\/www.vdsm.net\/wronline\/wp-json\/wp\/v2\/tags?post=3214"}],"curies":[{"name":"wp","href":"https:\/\/api.w.org\/{rel}","templated":true}]}}