{"id":32056,"date":"2024-04-22T11:54:08","date_gmt":"2024-04-22T09:54:08","guid":{"rendered":"https:\/\/www.vdsm.net\/wronline\/?p=32056"},"modified":"2024-04-22T11:56:09","modified_gmt":"2024-04-22T09:56:09","slug":"vetter-azubis-on-tour-nach-berlin","status":"publish","type":"post","link":"https:\/\/www.vdsm.net\/wronline\/vetter-azubis-on-tour-nach-berlin\/","title":{"rendered":"VETTER Azubis on tour nach Berlin"},"content":{"rendered":"<p>Mitte April ging es f\u00fcr die 22 Azubis und Betreuer der Vetter Industrie GmbH bei bestem Wetter schon fr\u00fch los. In Berlin angekommen, stand als erstes der Besuch des Reichstagsgeb\u00e4udes auf dem Programm. Begr\u00fc\u00dft wurden die jungen Nachwuchstalente von Volkmar Klein \u2013 der ebenfalls geb\u00fcrtiger Burbacher ist. Bei einer Fragerunde durften die Azubis alle Fragen loswerden, die sie zu seiner Person, zur Arbeit im Bundestag oder aber zu Themen rund um die Politik interessierten. Volkmar Klein stand Rede und Antwort. Anschlie\u00dfend gab es noch eine F\u00fchrung durch den Bundestag. Nach dem kulturellen Programm wurde der restliche Nachmittag und Abend genutzt, um Berlin auf eigene Faust zu erkunden oder kulinarische Highlights zu erleben.<\/p>\n<p>Am n\u00e4chsten Tag standen Sport und Teambuilding auf dem Programm. Die Azubi Crew machte sich auf den Weg in den Abenteuerpark Potsdam. In Teams traten die VETTER Azubis bei einer Waldralley gegeneinander an. Bei abwechslungsreichen Aufgaben wie z.B. Bierkrugstemmen, Wettnageleinschlagen, Wetts\u00e4gen, Teamski-Biathlon und Bogenschiessen lieferten sich die Teams ein Kopf-an-Kopf-Rennen.<\/p>\n<p>Mittwoch neigten sich die drei tollen Tage, die Kultur, Teambuilding, Zeit und Spa\u00df mit anderen Azubis vereint haben, schon wieder zu Ende und das VETTER Azubiteam trat die Heimreise an.<\/p>\n<p>Text und Foto:\u00a0<a href=\"https:\/\/www.forks.com\/\" target=\"_blank\" rel=\"noopener noreferrer\">VETTER Industrie GmbH<\/a><\/p>\n","protected":false},"excerpt":{"rendered":"<p>Mitte April ging es f\u00fcr die 22 Azubis und Betreuer der Vetter Industrie GmbH bei bestem Wetter schon fr\u00fch los. In Berlin angekommen, stand als&#8230;<\/p>\n","protected":false},"author":6,"featured_media":32057,"comment_status":"open","ping_status":"open","sticky":false,"template":"","format":"standard","meta":{"_jetpack_memberships_contains_paid_content":false,"footnotes":""},"categories":[1,8,32,30,10],"tags":[],"class_list":["post-32056","post","type-post","status-publish","format-standard","has-post-thumbnail","hentry","category-aktuell","category-ausbildung","category-infos","category-vermischtes","category-unternehmen"],"jetpack_featured_media_url":"https:\/\/www.vdsm.net\/wronline\/wp-content\/uploads\/2024\/04\/image00021-scaled-e1713779641387.jpeg","jetpack_sharing_enabled":true,"_links":{"self":[{"href":"https:\/\/www.vdsm.net\/wronline\/wp-json\/wp\/v2\/posts\/32056","targetHints":{"allow":["GET"]}}],"collection":[{"href":"https:\/\/www.vdsm.net\/wronline\/wp-json\/wp\/v2\/posts"}],"about":[{"href":"https:\/\/www.vdsm.net\/wronline\/wp-json\/wp\/v2\/types\/post"}],"author":[{"embeddable":true,"href":"https:\/\/www.vdsm.net\/wronline\/wp-json\/wp\/v2\/users\/6"}],"replies":[{"embeddable":true,"href":"https:\/\/www.vdsm.net\/wronline\/wp-json\/wp\/v2\/comments?post=32056"}],"version-history":[{"count":1,"href":"https:\/\/www.vdsm.net\/wronline\/wp-json\/wp\/v2\/posts\/32056\/revisions"}],"predecessor-version":[{"id":32058,"href":"https:\/\/www.vdsm.net\/wronline\/wp-json\/wp\/v2\/posts\/32056\/revisions\/32058"}],"wp:featuredmedia":[{"embeddable":true,"href":"https:\/\/www.vdsm.net\/wronline\/wp-json\/wp\/v2\/media\/32057"}],"wp:attachment":[{"href":"https:\/\/www.vdsm.net\/wronline\/wp-json\/wp\/v2\/media?parent=32056"}],"wp:term":[{"taxonomy":"category","embeddable":true,"href":"https:\/\/www.vdsm.net\/wronline\/wp-json\/wp\/v2\/categories?post=32056"},{"taxonomy":"post_tag","embeddable":true,"href":"https:\/\/www.vdsm.net\/wronline\/wp-json\/wp\/v2\/tags?post=32056"}],"curies":[{"name":"wp","href":"https:\/\/api.w.org\/{rel}","templated":true}]}}