{"id":32017,"date":"2024-04-09T15:16:42","date_gmt":"2024-04-09T13:16:42","guid":{"rendered":"https:\/\/www.vdsm.net\/wronline\/?p=32017"},"modified":"2024-04-12T13:52:05","modified_gmt":"2024-04-12T11:52:05","slug":"1-siegenia-technik-camp-begeistert-junge-menschen","status":"publish","type":"post","link":"https:\/\/www.vdsm.net\/wronline\/1-siegenia-technik-camp-begeistert-junge-menschen\/","title":{"rendered":"1. SIEGENIA Technik-Camp begeistert junge Menschen"},"content":{"rendered":"<p>Wie kann man bereits in der Schule die Neugier junger Menschen an Technik wecken? Auf welche Weise l\u00e4sst sich langfristiges Interesse an naturwissenschaftlichen Themen aufbauen? SIEGENIA hat eine Antwort gefunden: das 1. SIEGENIA Technik-Camp.<\/p>\n<p>In Kooperation mit der Kreativwerkstatt der Universit\u00e4t Siegen, dem sogenannten Fab Lab Siegen sowie dem Freudenberger Verein FRids e.V. gab es in der ersten Woche der Osterferien vom 25. bis 28. M\u00e4rz 2024 ein Technik-Camp am Hauptstandort des Unternehmens in Wilnsdorf-Niederdielfen. Das Technik-Camp bot Sch\u00fclerinnen und Sch\u00fclern der sechsten und siebten Klassen der Realschule Niederdielfen die Gelegenheit, die Grundlagen der 3D-Modellierung und des 3D-Drucks spielerisch zu erlernen. So wurden Hindernisse und Figuren am PC designt, anschlie\u00dfend mit 3D-Druckern hergestellt und schlie\u00dflich in eine Murmelbahn hinzugef\u00fcgt. Zudem waren die Sparkasse Siegen und der Lions-Club Siegen an der Umsetzung der Idee eines Technik-Camps beteiligt.<\/p>\n<p>Die Resonanz auf das Technik-Camp war besonders gro\u00df: Trotz der begrenzten Kapazit\u00e4t von zehn Pl\u00e4tzen haben sich mehr als 40 Sch\u00fclerinnen und Sch\u00fcler der Realschule Niederdielfen, einer Kooperationsschule von SIEGENIA, angemeldet. Dies zeigt deutlich das gro\u00dfe Interesse und den Enthusiasmus f\u00fcr technologische Bildung unter den Jugendlichen.<\/p>\n<p>Am 28. M\u00e4rz, dem vierten und somit letzten Tag des Technik-Camps, fand die Abschlussveranstaltung des Technik-Camps am Standort Wilnsdorf-Niederdielfen statt zu der die Eltern der teilnehmenden Sch\u00fclerinnen und Sch\u00fcler eingeladen wurden. Gemeinsam mit dem gesch\u00e4ftsf\u00fchrenden Gesellschafter von SIEGENIA, Wieland Frank, dem technischen Ausbilder Sven Wiechmann, den Kooperationspartnern Marios Mouratidis vom Fab Lab Siegen sowie Ulrike Monreal vom Freudenberger Verein FRids e.V, begr\u00fc\u00dfte Ausbildungsleiterin Nina Herter die Eltern zur Abschlussveranstaltung, die gespannt darauf warten, was ihre Spr\u00f6sslinge in den vergangenen vier Tagen umgesetzt haben.<\/p>\n<p>In ihrer Begr\u00fc\u00dfung ging Ausbildungsleiterin Nina Herter u.a. darauf ein, dass SIEGENIA das Camp nicht ohne Hintergedanken durchgef\u00fchrt hat. \u201eDie Realschule Niederdielfen ist unsere Kooperationsschule. Daher haben wir dort Werbung f\u00fcr das Camp gemacht\u201c, erz\u00e4hlt die Ausbildungsleiterin. \u201eDie Kinder haben in der Woche einiges Neues erlebt. Wir freuen uns daher, wenn die Jugendlichen f\u00fcr ein Praktikum oder eine Ausbildung zur\u00fcckkommen. Im Camp k\u00f6nnen sie schon etwas Unternehmensluft schnuppern\u201c, so Nina Herter. Wie wichtig es ist, fr\u00fchzeitig auf die Suche nach MINT-Nachwuchs zu gehen, verdeutlichte auch der gesch\u00e4ftsf\u00fchrenden Gesellschafter von SIEGENIA, Wieland Frank, in seiner Ansprache. \u201eWir m\u00f6chten, dass m\u00f6glichst viele Kinder mit den MINT-F\u00e4chern fr\u00fchzeitig in Ber\u00fchrung kommen\u201c, sagte er.<\/p>\n<p>Nach Wieland Franks Ansprache konnten die anwesenden Eltern mittels einem Fotor\u00fcckblick und Videos erfahren, was den Kindern beim Niederdielfener Unternehmen geboten wurde. Neben den Grundlagen der 3D-Modellierung und des 3D-Drucks haben die Spr\u00f6sslinge beispielsweise Namensschilder mit SIEGENIA-Logo und Pfeifen erstellt. Dazu hatten die Sch\u00fclerinnen und Sch\u00fcler jeweils einen eigenen Laptop und einen 3D-Drucker zur Verf\u00fcgung gestellt bekommen, zudem auch jeweils eine Murmelbahn in die, die gedruckten Werke eingesetzt wurden. Eine Werksf\u00fchrung, in der die Sch\u00fclerinnen und Sch\u00fcler erfuhren, was die Maschinen bei SIEGENIA machen und wie die Fensterbeschl\u00e4ge hergestellt werden, war ebenfalls Bestandteil des Technik-Camps.<\/p>\n<p>Nach diesem informativen Teil ging es \u2013 im Rahmen der Abschlussveranstaltung \u2013 f\u00fcr alle gemeinsam in das Ausbildungszentrum, wo die Technik-Camp-Teilnehmenden ihre Ergebnisse pr\u00e4sentierten. Einer der teilnehmenden Sch\u00fcler war Laurenz Gebauer aus Irmgarteichen. Der 13-J\u00e4hrige hat zum ersten Mal an einem Technik-Camp teilgenommen. \u201eIch habe durch die Schule vom Camp erfahren. Dort wurden Flyer verteilt und ich dachte, ich geh mal hin und schaue es mir an\u201c, sagte der 13-J\u00e4hrige. \u201eMir gef\u00e4llt besonders, dass ich hier selbst Sachen designen und herstellen kann, die vorher nicht da waren\u201c, erz\u00e4hlt er, w\u00e4hrend er seinen Eltern am Laptop zeigt, wie er das M\u00e4nnchen designt hat, welches sp\u00e4ter mit dem 3D-Drucker gedruckt und in die Murmelbahn eingesetzt wurde.<\/p>\n<p>Unterst\u00fctzt wurden die Sch\u00fclerinnen und Sch\u00fcler w\u00e4hrend des Camps nicht nur von den Mitarbeitenden des Fab Lab Siegen und Ulrike Monreal vom Freudenberger Verein FRids e.V, sondern auch von vier Auszubildenden der SIEGENIA-Gruppe. Die Auszubildenden, die den Beruf des Mechatronikers erlernen und von den Camp-Teilnehmenden als \u201eTeam Fantastic\u201c bezeichnet wurden, hatten vor dem Camp noch einen Workshop besucht, um die Sch\u00fclerinnen und Sch\u00fcler bestm\u00f6glich unterst\u00fctzen zu k\u00f6nnen.<\/p>\n<div id='gallery-1' class='gallery galleryid-32017 gallery-columns-3 gallery-size-medium'><dl class='gallery-item'>\n\t\t\t<dt class='gallery-icon landscape'>\n\t\t\t\t<a href='https:\/\/www.vdsm.net\/wronline\/1-siegenia-technik-camp-begeistert-junge-menschen\/technik-camp-siegenia_el3a0033\/'><img loading=\"lazy\" decoding=\"async\" width=\"300\" height=\"200\" src=\"https:\/\/www.vdsm.net\/wronline\/wp-content\/uploads\/2024\/04\/Technik-Camp-SIEGENIA_EL3A0033-300x200.jpg\" class=\"attachment-medium size-medium\" alt=\"\" aria-describedby=\"gallery-1-32020\" srcset=\"https:\/\/www.vdsm.net\/wronline\/wp-content\/uploads\/2024\/04\/Technik-Camp-SIEGENIA_EL3A0033-300x200.jpg 300w, https:\/\/www.vdsm.net\/wronline\/wp-content\/uploads\/2024\/04\/Technik-Camp-SIEGENIA_EL3A0033-1024x683.jpg 1024w, https:\/\/www.vdsm.net\/wronline\/wp-content\/uploads\/2024\/04\/Technik-Camp-SIEGENIA_EL3A0033-768x512.jpg 768w, https:\/\/www.vdsm.net\/wronline\/wp-content\/uploads\/2024\/04\/Technik-Camp-SIEGENIA_EL3A0033-1536x1024.jpg 1536w, https:\/\/www.vdsm.net\/wronline\/wp-content\/uploads\/2024\/04\/Technik-Camp-SIEGENIA_EL3A0033-2048x1365.jpg 2048w, https:\/\/www.vdsm.net\/wronline\/wp-content\/uploads\/2024\/04\/Technik-Camp-SIEGENIA_EL3A0033-scaled-e1712667930954.jpg 777w\" sizes=\"auto, (max-width: 300px) 100vw, 300px\" \/><\/a>\n\t\t\t<\/dt>\n\t\t\t\t<dd class='wp-caption-text gallery-caption' id='gallery-1-32020'>\n\t\t\t\tLaurenz Gebauer mit seinem designten M\u00e4nnchen (Foto: Julia F\u00f6rster)\n\t\t\t\t<\/dd><\/dl><dl class='gallery-item'>\n\t\t\t<dt class='gallery-icon landscape'>\n\t\t\t\t<a href='https:\/\/www.vdsm.net\/wronline\/1-siegenia-technik-camp-begeistert-junge-menschen\/technik-camp-siegenia_el3a0035\/'><img loading=\"lazy\" decoding=\"async\" width=\"300\" height=\"200\" src=\"https:\/\/www.vdsm.net\/wronline\/wp-content\/uploads\/2024\/04\/Technik-Camp-SIEGENIA_EL3A0035-300x200.jpg\" class=\"attachment-medium size-medium\" alt=\"\" aria-describedby=\"gallery-1-32021\" srcset=\"https:\/\/www.vdsm.net\/wronline\/wp-content\/uploads\/2024\/04\/Technik-Camp-SIEGENIA_EL3A0035-300x200.jpg 300w, https:\/\/www.vdsm.net\/wronline\/wp-content\/uploads\/2024\/04\/Technik-Camp-SIEGENIA_EL3A0035-1024x683.jpg 1024w, https:\/\/www.vdsm.net\/wronline\/wp-content\/uploads\/2024\/04\/Technik-Camp-SIEGENIA_EL3A0035-768x512.jpg 768w, https:\/\/www.vdsm.net\/wronline\/wp-content\/uploads\/2024\/04\/Technik-Camp-SIEGENIA_EL3A0035-1536x1024.jpg 1536w, https:\/\/www.vdsm.net\/wronline\/wp-content\/uploads\/2024\/04\/Technik-Camp-SIEGENIA_EL3A0035-2048x1365.jpg 2048w, https:\/\/www.vdsm.net\/wronline\/wp-content\/uploads\/2024\/04\/Technik-Camp-SIEGENIA_EL3A0035-scaled-e1712667942893.jpg 777w\" sizes=\"auto, (max-width: 300px) 100vw, 300px\" \/><\/a>\n\t\t\t<\/dt>\n\t\t\t\t<dd class='wp-caption-text gallery-caption' id='gallery-1-32021'>\n\t\t\t\tDas von Laurenz Gebauer designte M\u00e4nnchen (Foto: Julia F\u00f6rster)\n\t\t\t\t<\/dd><\/dl><dl class='gallery-item'>\n\t\t\t<dt class='gallery-icon landscape'>\n\t\t\t\t<a href='https:\/\/www.vdsm.net\/wronline\/1-siegenia-technik-camp-begeistert-junge-menschen\/dsc_5122\/'><img loading=\"lazy\" decoding=\"async\" width=\"300\" height=\"300\" src=\"https:\/\/www.vdsm.net\/wronline\/wp-content\/uploads\/2024\/04\/DSC_5122-300x300.jpg\" class=\"attachment-medium size-medium\" alt=\"\" aria-describedby=\"gallery-1-32023\" srcset=\"https:\/\/www.vdsm.net\/wronline\/wp-content\/uploads\/2024\/04\/DSC_5122-300x300.jpg 300w, https:\/\/www.vdsm.net\/wronline\/wp-content\/uploads\/2024\/04\/DSC_5122-1024x1024.jpg 1024w, https:\/\/www.vdsm.net\/wronline\/wp-content\/uploads\/2024\/04\/DSC_5122-150x150.jpg 150w, https:\/\/www.vdsm.net\/wronline\/wp-content\/uploads\/2024\/04\/DSC_5122-768x768.jpg 768w, https:\/\/www.vdsm.net\/wronline\/wp-content\/uploads\/2024\/04\/DSC_5122-1536x1536.jpg 1536w, https:\/\/www.vdsm.net\/wronline\/wp-content\/uploads\/2024\/04\/DSC_5122-2048x2048.jpg 2048w, https:\/\/www.vdsm.net\/wronline\/wp-content\/uploads\/2024\/04\/DSC_5122-scaled-e1712667964854.jpg 777w\" sizes=\"auto, (max-width: 300px) 100vw, 300px\" \/><\/a>\n\t\t\t<\/dt>\n\t\t\t\t<dd class='wp-caption-text gallery-caption' id='gallery-1-32023'>\n\t\t\t\tDie Teilnehmenden des SIEGENIA Technik-Camps am Standort in Wilnsdorf-Niederdielfen (Foto: SIEGENIA AUBI-KG)\n\t\t\t\t<\/dd><\/dl><br style=\"clear: both\" \/><dl class='gallery-item'>\n\t\t\t<dt class='gallery-icon landscape'>\n\t\t\t\t<a href='https:\/\/www.vdsm.net\/wronline\/1-siegenia-technik-camp-begeistert-junge-menschen\/dsc_5129\/'><img loading=\"lazy\" decoding=\"async\" width=\"300\" height=\"300\" src=\"https:\/\/www.vdsm.net\/wronline\/wp-content\/uploads\/2024\/04\/DSC_5129-300x300.jpg\" class=\"attachment-medium size-medium\" alt=\"\" aria-describedby=\"gallery-1-32024\" srcset=\"https:\/\/www.vdsm.net\/wronline\/wp-content\/uploads\/2024\/04\/DSC_5129-300x300.jpg 300w, https:\/\/www.vdsm.net\/wronline\/wp-content\/uploads\/2024\/04\/DSC_5129-1024x1024.jpg 1024w, https:\/\/www.vdsm.net\/wronline\/wp-content\/uploads\/2024\/04\/DSC_5129-150x150.jpg 150w, https:\/\/www.vdsm.net\/wronline\/wp-content\/uploads\/2024\/04\/DSC_5129-768x768.jpg 768w, https:\/\/www.vdsm.net\/wronline\/wp-content\/uploads\/2024\/04\/DSC_5129-1536x1536.jpg 1536w, https:\/\/www.vdsm.net\/wronline\/wp-content\/uploads\/2024\/04\/DSC_5129-2048x2048.jpg 2048w, https:\/\/www.vdsm.net\/wronline\/wp-content\/uploads\/2024\/04\/DSC_5129-scaled-e1712667997132.jpg 777w\" sizes=\"auto, (max-width: 300px) 100vw, 300px\" \/><\/a>\n\t\t\t<\/dt>\n\t\t\t\t<dd class='wp-caption-text gallery-caption' id='gallery-1-32024'>\n\t\t\t\tDie Unterst\u00fctzer und Ideengeber des Technik-Camps bei SIEGENIA. (Foto: SIEGENIA AUBI-KG)\n\t\t\t\t<\/dd><\/dl><dl class='gallery-item'>\n\t\t\t<dt class='gallery-icon landscape'>\n\t\t\t\t<a href='https:\/\/www.vdsm.net\/wronline\/1-siegenia-technik-camp-begeistert-junge-menschen\/dsc_5036\/'><img loading=\"lazy\" decoding=\"async\" width=\"300\" height=\"200\" src=\"https:\/\/www.vdsm.net\/wronline\/wp-content\/uploads\/2024\/04\/DSC_5036-300x200.jpg\" class=\"attachment-medium size-medium\" alt=\"\" aria-describedby=\"gallery-1-32025\" srcset=\"https:\/\/www.vdsm.net\/wronline\/wp-content\/uploads\/2024\/04\/DSC_5036-300x200.jpg 300w, https:\/\/www.vdsm.net\/wronline\/wp-content\/uploads\/2024\/04\/DSC_5036-1024x681.jpg 1024w, https:\/\/www.vdsm.net\/wronline\/wp-content\/uploads\/2024\/04\/DSC_5036-768x511.jpg 768w, https:\/\/www.vdsm.net\/wronline\/wp-content\/uploads\/2024\/04\/DSC_5036-1536x1022.jpg 1536w, https:\/\/www.vdsm.net\/wronline\/wp-content\/uploads\/2024\/04\/DSC_5036-2048x1363.jpg 2048w, https:\/\/www.vdsm.net\/wronline\/wp-content\/uploads\/2024\/04\/DSC_5036-scaled-e1712668008142.jpg 777w\" sizes=\"auto, (max-width: 300px) 100vw, 300px\" \/><\/a>\n\t\t\t<\/dt>\n\t\t\t\t<dd class='wp-caption-text gallery-caption' id='gallery-1-32025'>\n\t\t\t\tBeim Technik-Camp lernten die Teilnehmerinnen und Teilnehmer jede Menge Neues. (Foto: SIEGENIA AUBI-KG) \n\t\t\t\t<\/dd><\/dl><dl class='gallery-item'>\n\t\t\t<dt class='gallery-icon landscape'>\n\t\t\t\t<a href='https:\/\/www.vdsm.net\/wronline\/1-siegenia-technik-camp-begeistert-junge-menschen\/technik-camp_siegenia_el3a0019\/'><img loading=\"lazy\" decoding=\"async\" width=\"300\" height=\"200\" src=\"https:\/\/www.vdsm.net\/wronline\/wp-content\/uploads\/2024\/04\/Technik-Camp_SIEGENIA_EL3A0019-300x200.jpg\" class=\"attachment-medium size-medium\" alt=\"\" aria-describedby=\"gallery-1-32022\" srcset=\"https:\/\/www.vdsm.net\/wronline\/wp-content\/uploads\/2024\/04\/Technik-Camp_SIEGENIA_EL3A0019-300x200.jpg 300w, https:\/\/www.vdsm.net\/wronline\/wp-content\/uploads\/2024\/04\/Technik-Camp_SIEGENIA_EL3A0019-1024x683.jpg 1024w, https:\/\/www.vdsm.net\/wronline\/wp-content\/uploads\/2024\/04\/Technik-Camp_SIEGENIA_EL3A0019-768x512.jpg 768w, https:\/\/www.vdsm.net\/wronline\/wp-content\/uploads\/2024\/04\/Technik-Camp_SIEGENIA_EL3A0019-1536x1024.jpg 1536w, https:\/\/www.vdsm.net\/wronline\/wp-content\/uploads\/2024\/04\/Technik-Camp_SIEGENIA_EL3A0019-2048x1365.jpg 2048w, https:\/\/www.vdsm.net\/wronline\/wp-content\/uploads\/2024\/04\/Technik-Camp_SIEGENIA_EL3A0019-scaled-e1712667954134.jpg 777w\" sizes=\"auto, (max-width: 300px) 100vw, 300px\" \/><\/a>\n\t\t\t<\/dt>\n\t\t\t\t<dd class='wp-caption-text gallery-caption' id='gallery-1-32022'>\n\t\t\t\tDie Unterst\u00fctzer und Ideengeber des Technik-Camps bei SIEGENIA. (Foto: Julia F\u00f6rster) \n\t\t\t\t<\/dd><\/dl><br style=\"clear: both\" \/>\n\t\t<\/div>\n\n<p>Text: Julia F\u00f6rster; Infos: <a href=\"https:\/\/www.siegenia.com\/de\" target=\"_blank\" rel=\"noopener\">SIEGENIA AUBI-KG<\/a><\/p>\n","protected":false},"excerpt":{"rendered":"<p>Wie kann man bereits in der Schule die Neugier junger Menschen an Technik wecken? Auf welche Weise l\u00e4sst sich langfristiges Interesse an naturwissenschaftlichen Themen aufbauen?&#8230;<\/p>\n","protected":false},"author":6,"featured_media":32018,"comment_status":"open","ping_status":"open","sticky":false,"template":"","format":"standard","meta":{"_jetpack_memberships_contains_paid_content":false,"footnotes":""},"categories":[1,8,32,30,10],"tags":[],"class_list":["post-32017","post","type-post","status-publish","format-standard","has-post-thumbnail","hentry","category-aktuell","category-ausbildung","category-infos","category-vermischtes","category-unternehmen"],"jetpack_featured_media_url":"https:\/\/www.vdsm.net\/wronline\/wp-content\/uploads\/2024\/04\/Technik-Camp_SIEGENIA_EL3A0030-scaled-e1712667785125.jpg","jetpack_sharing_enabled":true,"_links":{"self":[{"href":"https:\/\/www.vdsm.net\/wronline\/wp-json\/wp\/v2\/posts\/32017","targetHints":{"allow":["GET"]}}],"collection":[{"href":"https:\/\/www.vdsm.net\/wronline\/wp-json\/wp\/v2\/posts"}],"about":[{"href":"https:\/\/www.vdsm.net\/wronline\/wp-json\/wp\/v2\/types\/post"}],"author":[{"embeddable":true,"href":"https:\/\/www.vdsm.net\/wronline\/wp-json\/wp\/v2\/users\/6"}],"replies":[{"embeddable":true,"href":"https:\/\/www.vdsm.net\/wronline\/wp-json\/wp\/v2\/comments?post=32017"}],"version-history":[{"count":7,"href":"https:\/\/www.vdsm.net\/wronline\/wp-json\/wp\/v2\/posts\/32017\/revisions"}],"predecessor-version":[{"id":32059,"href":"https:\/\/www.vdsm.net\/wronline\/wp-json\/wp\/v2\/posts\/32017\/revisions\/32059"}],"wp:featuredmedia":[{"embeddable":true,"href":"https:\/\/www.vdsm.net\/wronline\/wp-json\/wp\/v2\/media\/32018"}],"wp:attachment":[{"href":"https:\/\/www.vdsm.net\/wronline\/wp-json\/wp\/v2\/media?parent=32017"}],"wp:term":[{"taxonomy":"category","embeddable":true,"href":"https:\/\/www.vdsm.net\/wronline\/wp-json\/wp\/v2\/categories?post=32017"},{"taxonomy":"post_tag","embeddable":true,"href":"https:\/\/www.vdsm.net\/wronline\/wp-json\/wp\/v2\/tags?post=32017"}],"curies":[{"name":"wp","href":"https:\/\/api.w.org\/{rel}","templated":true}]}}