{"id":31977,"date":"2024-03-27T12:25:00","date_gmt":"2024-03-27T11:25:00","guid":{"rendered":"https:\/\/www.vdsm.net\/wronline\/?p=31977"},"modified":"2024-03-27T12:25:08","modified_gmt":"2024-03-27T11:25:08","slug":"auszubildende-von-baeumer-feiern-den-erfolgreichen-abschluss-ihrer-ausbildung","status":"publish","type":"post","link":"https:\/\/www.vdsm.net\/wronline\/auszubildende-von-baeumer-feiern-den-erfolgreichen-abschluss-ihrer-ausbildung\/","title":{"rendered":"Auszubildende von B\u00e4umer feiern den erfolgreichen Abschluss ihrer Ausbildung"},"content":{"rendered":"<p>Gelungener Start ins Berufsleben: Zehn junge Menschen k\u00f6nnen sich \u00fcber ihren erfolgreichen Abschluss ihrer Ausbildung bei der Albrecht B\u00e4umer GmbH &amp; Co. KG freuen. Bei einer kleinen Ehrung im Unternehmen begl\u00fcckw\u00fcnschte die Gesch\u00e4ftsf\u00fchrung sowie das Ausbilder:innen-Team und der Betriebsrat den Fachkr\u00e4fte-Nachwuchs zu ihren erbrachten Leistungen und w\u00fcnschten dem Ausbildungsjahrgang alles Gute f\u00fcr den weiteren Karriereweg.<\/p>\n<p>\u201eHerzlichen Gl\u00fcckwunsch zum erfolgreichen Abschluss der Ausbildung. Ihr habt einen bedeutsamen Meilenstein erreicht und Euch sowohl fachlich als auch pers\u00f6nlich weiterentwickelt. Wir blicken heute dankbar auf die gemeinsame Zeit zur\u00fcck und w\u00fcnschen Euch f\u00fcr die berufliche und pers\u00f6nliche Zukunft alles Gute und viel Erfolg\u201c, w\u00fcrdigte Adrian Homrighausen, Head of Mechanical Training, in seinem Statement das Engagement der Auszubildenden w\u00e4hrend ihrer Lehrzeit. \u201eIhr habt mit diesem Abschluss ein sehr tragf\u00e4higes Fundament f\u00fcr euer berufliches Leben geschaffen. Ihr verf\u00fcgt nun \u00fcber das R\u00fcstzeug, mit dem Ihr Euch eure Zukunft angenehm gestalten k\u00f6nnt, mit dem Ihr Erfolg haben werdet und euer Wissen weitergeben k\u00f6nnt\u201c, sagte Rudolf Jung, Head of Electrical Training und bedankte sich gleichzeitig bei den Auszubildenden, dass er Teil ihres Weges sein durfte.<\/p>\n<p>Der Abschluss ihrer mehrj\u00e4hrigen Ausbildungszeit ist f\u00fcr die meisten frisch gebackenen Fachkr\u00e4fte kein Abschied, sondern der Beginn eines neuen und spannenden Lebensabschnites, denn bis auf wenige Ausnahmen wurden die Auszubildenden in ein festes Arbeitsverhalten \u00fcbernommen. Dies unterstreicht nicht nur die geringe Personalfluktuation des Unternehmens, sondern auch die beeindruckende durchschnitliche Betriebszugeh\u00f6rigkeit von 17 Jahren. Diese Faktoren gew\u00e4hrleisten dem Unternehmen seit \u00fcber 75 Jahren das aufgebaute Know-how.<\/p>\n<p>Die hervorragende Ausbildungsqualit\u00e4t bei B\u00e4umer zeigt sich deutlich in den Pr\u00fcfungsergebnissen. Hier sollte besonders die herausragenden Leistungen von Hannah Langenbach, Elektronikerin f\u00fcr Betriebstechnik, hervorgehoben werden. Sie hat ihre Ausbildung als Schulbeste in ihrem Jahrgang abgeschlossen.<\/p>\n<p>Das Team von B\u00e4umer freut sich \u00fcber den erfolgreichen Abschluss der Ausbildung und ist stolz darauf, die meisten dieser talentierten Fachkr\u00e4fte auf ihrem weiteren beruflichen Weg begleiten zu d\u00fcrfen. Das Unternehmen w\u00fcnscht den ehemaligen Auszubildenden alles Gute und viel Erfolg f\u00fcr die Zukunft.<\/p>\n<p>Text und Foto:\u00a0<a href=\"https:\/\/www.baeumer.com\/de\/\" target=\"_blank\" rel=\"noopener noreferrer\">Albrecht B\u00e4umer GmbH &amp; Co. KG<\/a><\/p>\n","protected":false},"excerpt":{"rendered":"<p>Gelungener Start ins Berufsleben: Zehn junge Menschen k\u00f6nnen sich \u00fcber ihren erfolgreichen Abschluss ihrer Ausbildung bei der Albrecht B\u00e4umer GmbH &amp; Co. KG freuen. Bei&#8230;<\/p>\n","protected":false},"author":6,"featured_media":31978,"comment_status":"open","ping_status":"open","sticky":false,"template":"","format":"standard","meta":{"_jetpack_memberships_contains_paid_content":false,"footnotes":""},"categories":[1,8,32,10],"tags":[],"class_list":["post-31977","post","type-post","status-publish","format-standard","has-post-thumbnail","hentry","category-aktuell","category-ausbildung","category-infos","category-unternehmen"],"jetpack_featured_media_url":"https:\/\/www.vdsm.net\/wronline\/wp-content\/uploads\/2024\/03\/Baeumer_Bild-Pressebericht-scaled-e1711538652612.jpg","jetpack_sharing_enabled":true,"_links":{"self":[{"href":"https:\/\/www.vdsm.net\/wronline\/wp-json\/wp\/v2\/posts\/31977","targetHints":{"allow":["GET"]}}],"collection":[{"href":"https:\/\/www.vdsm.net\/wronline\/wp-json\/wp\/v2\/posts"}],"about":[{"href":"https:\/\/www.vdsm.net\/wronline\/wp-json\/wp\/v2\/types\/post"}],"author":[{"embeddable":true,"href":"https:\/\/www.vdsm.net\/wronline\/wp-json\/wp\/v2\/users\/6"}],"replies":[{"embeddable":true,"href":"https:\/\/www.vdsm.net\/wronline\/wp-json\/wp\/v2\/comments?post=31977"}],"version-history":[{"count":1,"href":"https:\/\/www.vdsm.net\/wronline\/wp-json\/wp\/v2\/posts\/31977\/revisions"}],"predecessor-version":[{"id":31979,"href":"https:\/\/www.vdsm.net\/wronline\/wp-json\/wp\/v2\/posts\/31977\/revisions\/31979"}],"wp:featuredmedia":[{"embeddable":true,"href":"https:\/\/www.vdsm.net\/wronline\/wp-json\/wp\/v2\/media\/31978"}],"wp:attachment":[{"href":"https:\/\/www.vdsm.net\/wronline\/wp-json\/wp\/v2\/media?parent=31977"}],"wp:term":[{"taxonomy":"category","embeddable":true,"href":"https:\/\/www.vdsm.net\/wronline\/wp-json\/wp\/v2\/categories?post=31977"},{"taxonomy":"post_tag","embeddable":true,"href":"https:\/\/www.vdsm.net\/wronline\/wp-json\/wp\/v2\/tags?post=31977"}],"curies":[{"name":"wp","href":"https:\/\/api.w.org\/{rel}","templated":true}]}}