{"id":31970,"date":"2024-03-27T09:47:58","date_gmt":"2024-03-27T08:47:58","guid":{"rendered":"https:\/\/www.vdsm.net\/wronline\/?p=31970"},"modified":"2024-03-27T09:51:38","modified_gmt":"2024-03-27T08:51:38","slug":"ausbildungsmessen-sind-wieder-in","status":"publish","type":"post","link":"https:\/\/www.vdsm.net\/wronline\/ausbildungsmessen-sind-wieder-in\/","title":{"rendered":"Ausbildungsmessen sind wieder \u201ein\u201c"},"content":{"rendered":"<p>Der Lehrstellenmarkt wandelte sich in den letzten Jahren drastisch. Fr\u00fcher konnten die Betriebe die F\u00fclle an Bewerbungen kaum bew\u00e4ltigen, heute m\u00fcssen sie den roten Teppich ausrollen, um Talente zu gewinnen. Ausbildungsmessen gewinnen daher an Bedeutung. Die k\u00fcrzlich durchgef\u00fchrten Messen in Wittgenstein, Lennestadt und Siegen belegen dies eindrucksvoll. Sie zogen insgesamt 6.700 Besucher an. \u201eVielfalt ist spannend \u2013 aber auch \u00fcberw\u00e4ltigend. Orientierung tut not\u201c, bringt IHK-Gesch\u00e4ftsf\u00fchrerin Sabine Bechheim die Herausforderungen auf den Punkt, vor denen Ausbildungssuchende und Unternehmen gleicherma\u00dfen stehen. Ausbildungsmessen bieten hier eine wichtige Plattform, um sowohl Unternehmen als auch Ausbildungssuchende zusammenzubringen und ihnen die M\u00f6glichkeit geben, sich in diesem dynamischen Markt zu orientieren.<\/p>\n<p>Den Auftakt machte die Ausbildungsmesse in Wittgenstein. Dort stellte man bereits im Vorjahr das Konzept v\u00f6llig um. Die Besucherinnen und Besucher erwartete ein Blick in unterschiedliche Berufsfelder, die von den 50 Ausstellern gemeinsam gestaltet wurden. In Kooperation mit den Wittgensteiner Schulen erhielten die Jugendlichen so auf engem Raum und zeitlich komprimiert echte Einblicke und konnten viel ausprobieren. Demgegen\u00fcber trat der Ausstellungscharakter der Messe ein wenig zur\u00fcck, im Foyer beschr\u00e4nkten sich die Ausbildungsbetriebe auf kleinere Infost\u00e4nde. Hier wurde die ganze Vielfalt der im l\u00e4ndlichen Wittgenstein m\u00f6glichen Berufseinstiege kompakt deutlich. Neben dem durch die Schulen vorbereiteten und organisierten Besuch gab es nachmittags auch eine allgemeine \u00d6ffnungszeit. Etliche junge Menschen kamen dort noch einmal oder erstmals, oft begleitet durch ihre Eltern.<\/p>\n<p>Kooperation mit Schulen stand auch im Mittelpunkt der Lennest\u00e4dter Ausbildungsmesse, die in dieser Form Premiere hatte. In der Volksbankarena Sauerlandhalle Altenhundem pr\u00e4sentierten sich die 47 Aussteller und beantworteten Tausende von Fragen, mit denen vormittags allein mehr als 800 Sch\u00fclerinnen und Sch\u00fcler die Ausbilder und Azubis an den Messest\u00e4nden \u201el\u00f6cherten\u201c. Am Nachmittag kamen noch rund 400 Besucher hinzu. Jugendliche, die ein Gespr\u00e4ch fortsetzen wollten, Eltern, die sich informieren wollten, oder auch \u201eOrientierungslose\u201c, die noch einmal sehen wollten, was alles m\u00f6glich ist &#8211; vom Praktikum \u00fcber die Lehrstelle bis hin zum Dualen Studium in Berufen aller Branchen.<\/p>\n<p>Hoch erfreut \u00fcber die gro\u00dfen Besucherzahlen waren k\u00fcrzlich auch die mehr als 150 Aussteller in der Siegerlandhalle. Am zweiten Messetag besuchten vormittags etwa 750 Sch\u00fclerinnen und Sch\u00fcler mit ihren Lehrkr\u00e4ften die Messe. Doch auch zu den allgemeinen \u00d6ffnungszeiten riss der Besucherstrom nicht ab, und insgesamt str\u00f6mten mehr als 4.000 Besucher auf der Suche nach Orientierung durch die Hallen. \u201eNach der Messe ist vor der Messe\u201c, betont Sabine Bechheim: \u201eDen Schlusspunkt setzen wir mit dem zweiten Veranstaltungsformat im Kreis Olpe, diesmal in der Kreisstadt. Interessierte haben in der Stadthalle Olpe am 17. April die n\u00e4chste Chance, sich \u00fcber Berufseinstiegsm\u00f6glichkeiten zu informieren. Morgens werden auch dort die Schulen eingebunden sein. Zudem sind von 14 bis 18 Uhr alle interessierten Besucher herzlich willkommen, um sich \u00fcber ihre Zukunftsaussichten zu erkundigen.\u201c<\/p>\n<p>An der Umsetzung der Ausbildungsmessen sind etliche Akteure beteiligt:<\/p>\n<p>Veranstalter <strong><u>Messe Siegerlandhalle<\/u><\/strong>: Agentur f\u00fcr Arbeit Siegen, AWZ Bau, Wirtschaftsjunioren S\u00fcdwestfalen, Kreishandwerkerschaft Westfalen-S\u00fcd, DGB-Kreisverband Siegen-Wittgenstein, Arbeitgeberverb\u00e4nde Siegen-Wittgenstein, Handwerkskammer S\u00fcdwestfalen, Schulaufsicht f\u00fcr den Kreis Siegen-Wittgenstein, IHK Siegen.<\/p>\n<p>Veranstalter der <strong><u>Messen im Kreis Olpe:<\/u> <\/strong>Agentur f\u00fcr Arbeit Siegen, Arbeitgeberverband f\u00fcr den Kreis Olpe, Handwerkskammer S\u00fcdwestfalen, IG Metall Olpe, Kreishandwerkerschaft Westfalen-S\u00fcd, Wirtschaftsjunioren S\u00fcdwestfalen, IHK Siegen.<\/p>\n<p>Veranstalter <strong><u>Messe Wittgenstein<\/u><\/strong> im Berufskolleg: IHK Siegen.<\/p>\n<p>Text und Foto: IHK Siegen<\/p>\n","protected":false},"excerpt":{"rendered":"<p>Der Lehrstellenmarkt wandelte sich in den letzten Jahren drastisch. Fr\u00fcher konnten die Betriebe die F\u00fclle an Bewerbungen kaum bew\u00e4ltigen, heute m\u00fcssen sie den roten Teppich&#8230;<\/p>\n","protected":false},"author":6,"featured_media":31971,"comment_status":"open","ping_status":"open","sticky":false,"template":"","format":"standard","meta":{"_jetpack_newsletter_access":"","_jetpack_dont_email_post_to_subs":false,"_jetpack_newsletter_tier_id":0,"_jetpack_memberships_contains_paywalled_content":false,"_jetpack_feature_clip_id":0,"_jetpack_memberships_contains_paid_content":false,"footnotes":"","jetpack_post_was_ever_published":false},"categories":[1,8,32,30],"tags":[],"class_list":["post-31970","post","type-post","status-publish","format-standard","has-post-thumbnail","hentry","category-aktuell","category-ausbildung","category-infos","category-vermischtes"],"jetpack_sharing_enabled":true,"jetpack_featured_media_url":"https:\/\/www.vdsm.net\/wronline\/wp-content\/uploads\/2024\/03\/018-24-Messen-Siegen-scaled-e1711529206337.jpg","_links":{"self":[{"href":"https:\/\/www.vdsm.net\/wronline\/wp-json\/wp\/v2\/posts\/31970","targetHints":{"allow":["GET"]}}],"collection":[{"href":"https:\/\/www.vdsm.net\/wronline\/wp-json\/wp\/v2\/posts"}],"about":[{"href":"https:\/\/www.vdsm.net\/wronline\/wp-json\/wp\/v2\/types\/post"}],"author":[{"embeddable":true,"href":"https:\/\/www.vdsm.net\/wronline\/wp-json\/wp\/v2\/users\/6"}],"replies":[{"embeddable":true,"href":"https:\/\/www.vdsm.net\/wronline\/wp-json\/wp\/v2\/comments?post=31970"}],"version-history":[{"count":2,"href":"https:\/\/www.vdsm.net\/wronline\/wp-json\/wp\/v2\/posts\/31970\/revisions"}],"predecessor-version":[{"id":31973,"href":"https:\/\/www.vdsm.net\/wronline\/wp-json\/wp\/v2\/posts\/31970\/revisions\/31973"}],"wp:featuredmedia":[{"embeddable":true,"href":"https:\/\/www.vdsm.net\/wronline\/wp-json\/wp\/v2\/media\/31971"}],"wp:attachment":[{"href":"https:\/\/www.vdsm.net\/wronline\/wp-json\/wp\/v2\/media?parent=31970"}],"wp:term":[{"taxonomy":"category","embeddable":true,"href":"https:\/\/www.vdsm.net\/wronline\/wp-json\/wp\/v2\/categories?post=31970"},{"taxonomy":"post_tag","embeddable":true,"href":"https:\/\/www.vdsm.net\/wronline\/wp-json\/wp\/v2\/tags?post=31970"}],"curies":[{"name":"wp","href":"https:\/\/api.w.org\/{rel}","templated":true}]}}