{"id":31897,"date":"2024-02-22T11:50:33","date_gmt":"2024-02-22T10:50:33","guid":{"rendered":"https:\/\/www.vdsm.net\/wronline\/?p=31897"},"modified":"2024-02-22T11:52:57","modified_gmt":"2024-02-22T10:52:57","slug":"acht-junge-bankkaufleute-schliessen-ausbildung-bei-der-volksbank-ab","status":"publish","type":"post","link":"https:\/\/www.vdsm.net\/wronline\/acht-junge-bankkaufleute-schliessen-ausbildung-bei-der-volksbank-ab\/","title":{"rendered":"Acht junge Bankkaufleute schlie\u00dfen Ausbildung bei der Volksbank ab"},"content":{"rendered":"<p>F\u00fcr den Ausbildungsjahrgang 2021 der Volksbank in S\u00fcdwestfalen eG startete das Jahr erfolgreich mit der bestandenen IHK-Abschlusspr\u00fcfung. Nach zweieinhalb Jahren im Unternehmen beginnt nun einen neuer Lebens- und Berufsabschnitt. Anl\u00e4sslich dessen luden Vorstandssprecher Roland Krebs und Vorstandskollege Jens Brinkmann Anfang Februar zum gemeinsamen Fr\u00fchst\u00fcck ein.<\/p>\n<p>\u201eWir gratulieren unseren Auszubildenden zum erfolgreichen Abschluss der Ausbildung und w\u00fcnschen Ihnen einen erfolgreichen Start ins Berufsleben\u201c, begr\u00fc\u00dfte Vorstandsmitglied Jens Brinkmann die jungen Erwachsenen in der Hauptstelle in Siegen. In lockerer Atmosph\u00e4re lie\u00dfen sie die Ausbildung Revue passieren und teilten die ein oder andere Anekdote. Ein besonderer Ausbildungsjahrgang, war er doch stark gepr\u00e4gt durch die Besonderheiten und auch Einschr\u00e4nkungen der Coronazeit. Der Vorstand ermutigte dazu, offen und selbstbewusst den neuen Aufgaben entgegenzutreten.<\/p>\n<p>Im R\u00fcckblick auf die Ausbildungszeit betonten die frisch gebackenen Bankkaufleute unisono, dass sie vom ersten Tag an sehr positiv und wertsch\u00e4tzend von den Kolleginnen und Kollegen aufgenommen wurden. Einer der Ex-Azubis sprach in diesem Zusammenhang von der Volksbankfamilie. Dies seien es mitunter die sch\u00f6nsten Termine im Jahr \u2013 \u201edenn Sie sind die Zukunft!\u201c, appellierte Vorstandssprecher Roland Krebs.<\/p>\n<p>Die neuen Bankkaufleute werden an den nachfolgenden Standorten der Volksbank in S\u00fcdwestfalen eG eingesetzt:<\/p>\n<div id=\"attachment_31899\" style=\"width: 310px\" class=\"wp-caption alignright\"><a href=\"https:\/\/www.vdsm.net\/wronline\/wp-content\/uploads\/2024\/02\/VBinSWF-Rezertifizierung-IHK-scaled-e1708598896651.jpg\" target=\"_blank\" rel=\"noopener\"><img loading=\"lazy\" decoding=\"async\" aria-describedby=\"caption-attachment-31899\" class=\"wp-image-31899 size-medium\" src=\"https:\/\/www.vdsm.net\/wronline\/wp-content\/uploads\/2024\/02\/VBinSWF-Rezertifizierung-IHK-300x200.jpg\" alt=\"\" width=\"300\" height=\"200\" \/><\/a><p id=\"caption-attachment-31899\" class=\"wp-caption-text\">Im Bild (v.l.): Vorstandsmitglied Jens Brinkmann, Ausbilderin Anke Bockelmann, Leiter Personalentwicklung Rainer Marwedel und Vorstandssprecher Roland Krebs<\/p><\/div>\n<p>Isha Ahmad in der Firmenkundenassistenz Siegen, Lars B\u00fcdenbender in den Filialen Mudersbach und Siegen, Tim Luca Deutenberg in Werdohl, Finn Glinka in Neunkirchen, Irina Kristina Heubaum im Kreditmanagement, Jens Klinkhardt in Balve, Sascha Libert in Kreuztal und Philipp Maximilian Will in Netphen.<\/p>\n<p>Im vergangenen Jahr war die Ausbildung bei der Volksbank zum zweiten Mal in Folge mit dem G\u00fctesiegel \u201eBEST PLACE TO LEARN\u201c ausgezeichnet worden. Die Auszeichnung beruht auf einem 360 Grad-Feedback von Ausbildern, Azubis und Ex-Azubis. Besonders gute Bewertungen erhielt die Volksbank im Bereich Onboarding der Azubis &#8211; die Auszubildenden f\u00fchlten sich von Beginn an gut aufgehoben und integriert. Hervorragend wurde auch das berufliche Lernen im Betrieb eingesch\u00e4tzt, bei dem es um die Vermittlung der Lerninhalte vor Ort\u00a0geht.<\/p>\n<p>Zudem wurde die Volksbank in diesem Jahr von der IHK Siegen mit dem\u00a0G\u00fctesiegel Ausbildung S\u00fcdwestfalen rezertifiziert.<\/p>\n<p>Text und Foto:\u00a0<a href=\"http:\/\/www.vbinswf.de\/\" target=\"_blank\" rel=\"noopener noreferrer\">Volksbank in S\u00fcdwestfalen eG<\/a><\/p>\n","protected":false},"excerpt":{"rendered":"<p>F\u00fcr den Ausbildungsjahrgang 2021 der Volksbank in S\u00fcdwestfalen eG startete das Jahr erfolgreich mit der bestandenen IHK-Abschlusspr\u00fcfung. Nach zweieinhalb Jahren im Unternehmen beginnt nun einen&#8230;<\/p>\n","protected":false},"author":6,"featured_media":31898,"comment_status":"open","ping_status":"open","sticky":false,"template":"","format":"standard","meta":{"_jetpack_memberships_contains_paid_content":false,"footnotes":""},"categories":[1,32,30,10],"tags":[],"class_list":["post-31897","post","type-post","status-publish","format-standard","has-post-thumbnail","hentry","category-aktuell","category-infos","category-vermischtes","category-unternehmen"],"jetpack_featured_media_url":"https:\/\/www.vdsm.net\/wronline\/wp-content\/uploads\/2024\/02\/VBinSWF_Ausbildungsjahrgang_2021-2024-scaled-e1708598846612.jpg","jetpack_sharing_enabled":true,"_links":{"self":[{"href":"https:\/\/www.vdsm.net\/wronline\/wp-json\/wp\/v2\/posts\/31897","targetHints":{"allow":["GET"]}}],"collection":[{"href":"https:\/\/www.vdsm.net\/wronline\/wp-json\/wp\/v2\/posts"}],"about":[{"href":"https:\/\/www.vdsm.net\/wronline\/wp-json\/wp\/v2\/types\/post"}],"author":[{"embeddable":true,"href":"https:\/\/www.vdsm.net\/wronline\/wp-json\/wp\/v2\/users\/6"}],"replies":[{"embeddable":true,"href":"https:\/\/www.vdsm.net\/wronline\/wp-json\/wp\/v2\/comments?post=31897"}],"version-history":[{"count":3,"href":"https:\/\/www.vdsm.net\/wronline\/wp-json\/wp\/v2\/posts\/31897\/revisions"}],"predecessor-version":[{"id":31902,"href":"https:\/\/www.vdsm.net\/wronline\/wp-json\/wp\/v2\/posts\/31897\/revisions\/31902"}],"wp:featuredmedia":[{"embeddable":true,"href":"https:\/\/www.vdsm.net\/wronline\/wp-json\/wp\/v2\/media\/31898"}],"wp:attachment":[{"href":"https:\/\/www.vdsm.net\/wronline\/wp-json\/wp\/v2\/media?parent=31897"}],"wp:term":[{"taxonomy":"category","embeddable":true,"href":"https:\/\/www.vdsm.net\/wronline\/wp-json\/wp\/v2\/categories?post=31897"},{"taxonomy":"post_tag","embeddable":true,"href":"https:\/\/www.vdsm.net\/wronline\/wp-json\/wp\/v2\/tags?post=31897"}],"curies":[{"name":"wp","href":"https:\/\/api.w.org\/{rel}","templated":true}]}}