{"id":31640,"date":"2023-12-08T16:40:36","date_gmt":"2023-12-08T15:40:36","guid":{"rendered":"https:\/\/www.vdsm.net\/wronline\/?p=31640"},"modified":"2023-12-08T16:40:36","modified_gmt":"2023-12-08T15:40:36","slug":"gedia-ehrte-zahlreiche-mitarbeiterinnen-und-mitarbeiter","status":"publish","type":"post","link":"https:\/\/www.vdsm.net\/wronline\/gedia-ehrte-zahlreiche-mitarbeiterinnen-und-mitarbeiter\/","title":{"rendered":"GEDIA ehrte zahlreiche Mitarbeiterinnen und Mitarbeiter"},"content":{"rendered":"<p>K\u00fcrzlich fand auf der Burg Schnellenberg die Ehrung von 27 Jubilaren sowie die Verabschiedung von 14 Pension\u00e4ren der GEDIA Automotive Group statt. J\u00fcrgen Hillesheim als Vertreter der Gesellschafter und die Mitglieder der Gesch\u00e4ftsleitung Klaus Bierwirth, Ulrich Kraft und Markus Engelbertz nutzten die Gelegenheit, um die aktuelle Entwicklung der Unternehmensgruppe zu erl\u00e4utern.<\/p>\n<p><strong>GEDIA w\u00e4chst trotz schwierigem Umfeld<\/strong><br \/>\nDie Automobilindustrie steckt mitten in der Transformation in ein neues Zeitalter der Mobilit\u00e4t. Dies wird derzeit \u00fcberschattet von immer zahlreicheren Krisenherden in der Welt, aber auch von gro\u00dfer Unsicherheit der Endverbraucher bei ihrer Kaufentscheidung und einer erheblichen Inflationsbelastung der Bev\u00f6lkerung. In dem volatilen Marktumfeld ist GEDIA trotzdem weiter gewachsen, wenn auch nicht ganz so schnell wie in den Vorjahren. Mit weltweit 9 Produktionswerken und aktuell 4.700 Mitarbeiterinnen und Mitarbeitern wird bis Ende des Jahres ein Gesamtumsatz von rund 850 Mio. Euro prognostiziert. Der Umsatz war urspr\u00fcnglich noch h\u00f6her geplant, allerdings sind neue Fahrzeugprogramme durch die Autohersteller verschoben worden und auch die inflationsbedingte Kaufzur\u00fcckhaltung der Konsumenten hat sich sp\u00fcrbar ausgewirkt .<\/p>\n<p><strong>\u00dcber 1000 Menschen arbeiten am Stammsitz Attendorn<\/strong><br \/>\nAuch wenn man beim Blick auf das bevorstehende neue Gesch\u00e4ftsjahr mit aller Vorsicht \u201eauf Sicht f\u00e4hrt\u201c, profitiert GEDIA doch wie schon in den Vorjahren in besonderem Ma\u00dfe von dem hohen Vertrauen der Kunden in die Engineering- und Produktionskompetenz des Attendorner Teams. Das zeige sich bei der erfolgreichen Akquise zahlreicher Leichtbaukomponenten f\u00fcr neue Elektro- aber auch Verbrennerfahrzeuge. Neben anspruchsvollen warmumgeformten Strukturteilen konnten erneut Modul- und Sitzquertr\u00e4ger-Zusammenbauten sowie Crash-Management-Systeme unter anderem f\u00fcr den neuen Joint-Venture-Standort im chinesischen Shenyang hinzugewonnen werden. Die Mitarbeiterzahl liegt am Stammsitz des Unternehmens in Attendorn bei \u00fcber 1.000 Besch\u00e4ftigten, die Zahl der Auszubildenen unver\u00e4ndert hoch bei 85 und die der dualen Studenten bei 10.<\/p>\n<p>Insbesondere in Attendorn verf\u00fcgt GEDIA \u00fcber einen enormen Erfahrungsschatz. Alleine die diesj\u00e4hrigen Jubilare und zuk\u00fcnftigen Pension\u00e4re stehen f\u00fcr insgesamt 1.235 Jahre Betriebszugeh\u00f6rigkeit bei GEDIA. Dies ist nicht nur eine imposante Zahl, sondern auch eine gro\u00dfe Herausforderung und Verantwortung. Denn es gilt, dieses wertvolle Wissen im Rahmen einer gezielten Nachwuchskr\u00e4fteentwicklung zu \u00fcbertragen und auszubauen.<\/p>\n<p><strong>Zahlreiche langj\u00e4hrige Mitarbeiterinnen und Mitarbeiter<\/strong><br \/>\nIn diesem Sinne wurde den zahlreich vertretenen Jubilaren und Pension\u00e4ren f\u00fcr ihre langj\u00e4hrige Einsatzbereitschaft und pers\u00f6nliche Leistung herzlich gedankt.<\/p>\n<p>Folgende Jubilare der GEDIA Automotive Group wurden geehrt:<\/p>\n<p><strong>25 Jahre<\/strong><br \/>\nVittorio Cusimano<br \/>\nArnold Krawietz<br \/>\nNicole Stelzenau<br \/>\nTatjana Schauerte<br \/>\nCarsten Schiller<br \/>\nSimone Zeppenfeld<br \/>\nAbdulah Akcay<br \/>\nThomas Arndt<br \/>\nThomas Hilleke<br \/>\nMariusz Wojtalik<br \/>\nHans-Joachim Fahnenbruck<br \/>\nVerena Steinkohl<br \/>\nAnnika Seidel<br \/>\nChristian Kettner<br \/>\nMarion L\u00fcttecke<\/p>\n<p><strong>35 Jahre<br \/>\n<\/strong>Caterina Rossi<br \/>\nHasan Caliskan<br \/>\nMichael Greitemann<br \/>\nAndreas Bicher<br \/>\nPatrick Frey<br \/>\nStephan Gante<br \/>\nFrank Selter<\/p>\n<p><strong>45 Jahre<br \/>\n<\/strong>Beate Baroth<br \/>\nAndreas G\u00f6bel<br \/>\nMargit Keine<br \/>\nLiborius Besting<br \/>\nReinhold Schr\u00f6der<\/p>\n<p>Text\/Foto: Unternehmen<\/p>\n","protected":false},"excerpt":{"rendered":"<p>K\u00fcrzlich fand auf der Burg Schnellenberg die Ehrung von 27 Jubilaren sowie die Verabschiedung von 14 Pension\u00e4ren der GEDIA Automotive Group statt. J\u00fcrgen Hillesheim als&#8230;<\/p>\n","protected":false},"author":7,"featured_media":31641,"comment_status":"open","ping_status":"open","sticky":false,"template":"","format":"standard","meta":{"_jetpack_memberships_contains_paid_content":false,"footnotes":""},"categories":[1,10],"tags":[],"class_list":["post-31640","post","type-post","status-publish","format-standard","has-post-thumbnail","hentry","category-aktuell","category-unternehmen"],"jetpack_featured_media_url":"https:\/\/www.vdsm.net\/wronline\/wp-content\/uploads\/2023\/12\/DSC_0094-scaled.jpg","jetpack_sharing_enabled":true,"_links":{"self":[{"href":"https:\/\/www.vdsm.net\/wronline\/wp-json\/wp\/v2\/posts\/31640","targetHints":{"allow":["GET"]}}],"collection":[{"href":"https:\/\/www.vdsm.net\/wronline\/wp-json\/wp\/v2\/posts"}],"about":[{"href":"https:\/\/www.vdsm.net\/wronline\/wp-json\/wp\/v2\/types\/post"}],"author":[{"embeddable":true,"href":"https:\/\/www.vdsm.net\/wronline\/wp-json\/wp\/v2\/users\/7"}],"replies":[{"embeddable":true,"href":"https:\/\/www.vdsm.net\/wronline\/wp-json\/wp\/v2\/comments?post=31640"}],"version-history":[{"count":1,"href":"https:\/\/www.vdsm.net\/wronline\/wp-json\/wp\/v2\/posts\/31640\/revisions"}],"predecessor-version":[{"id":31642,"href":"https:\/\/www.vdsm.net\/wronline\/wp-json\/wp\/v2\/posts\/31640\/revisions\/31642"}],"wp:featuredmedia":[{"embeddable":true,"href":"https:\/\/www.vdsm.net\/wronline\/wp-json\/wp\/v2\/media\/31641"}],"wp:attachment":[{"href":"https:\/\/www.vdsm.net\/wronline\/wp-json\/wp\/v2\/media?parent=31640"}],"wp:term":[{"taxonomy":"category","embeddable":true,"href":"https:\/\/www.vdsm.net\/wronline\/wp-json\/wp\/v2\/categories?post=31640"},{"taxonomy":"post_tag","embeddable":true,"href":"https:\/\/www.vdsm.net\/wronline\/wp-json\/wp\/v2\/tags?post=31640"}],"curies":[{"name":"wp","href":"https:\/\/api.w.org\/{rel}","templated":true}]}}