{"id":31624,"date":"2023-11-24T08:51:36","date_gmt":"2023-11-24T07:51:36","guid":{"rendered":"https:\/\/www.vdsm.net\/wronline\/?p=31624"},"modified":"2023-11-24T08:51:36","modified_gmt":"2023-11-24T07:51:36","slug":"prof-reese-ab-15-dezember-rektorin-der-uni-siegen","status":"publish","type":"post","link":"https:\/\/www.vdsm.net\/wronline\/prof-reese-ab-15-dezember-rektorin-der-uni-siegen\/","title":{"rendered":"Prof. Reese ab 15. Dezember Rektorin der Uni Siegen"},"content":{"rendered":"<div id=\"attachment_31625\" style=\"width: 210px\" class=\"wp-caption alignright\"><a href=\"https:\/\/www.vdsm.net\/wronline\/wp-content\/uploads\/2023\/11\/prof_stefanie_reese_portrait3-e1700812131310.jpg\"><img loading=\"lazy\" decoding=\"async\" aria-describedby=\"caption-attachment-31625\" class=\"size-medium wp-image-31625\" src=\"https:\/\/www.vdsm.net\/wronline\/wp-content\/uploads\/2023\/11\/prof_stefanie_reese_portrait3-200x300.jpg\" alt=\"\" width=\"200\" height=\"300\" \/><\/a><p id=\"caption-attachment-31625\" class=\"wp-caption-text\">Der Stabwechsel an der Spitze der Universit\u00e4t Siegen r\u00fcckt n\u00e4her. Die neue Rektorin Prof. Dr. Stefanie Reese wird das Amt am 15. Dezember 2023 antreten. Sie \u00fcbernimmt die Nachfolge von Prof. Dr. Holger Burckhart.<\/p><\/div>\n<p>Der Stabwechsel an der Spitze der Universit\u00e4t Siegen r\u00fcckt n\u00e4her. Die neue Rektorin Prof. Dr. Stefanie Reese wird das Amt am 15. Dezember 2023 antreten. Sie \u00fcbernimmt die Nachfolge von Prof. Dr. Holger Burckhart. Die urspr\u00fcnglich f\u00fcr den Jahreswechsel geplante Amts\u00fcbergabe kann vorgezogen werden, da alle organisatorischen und formalen Aspekte des Wechsels gekl\u00e4rt sind und der Vertrag unterzeichnet ist. Am 23. November 2023 wird Prof. Reese ihre Ernennungsurkunde im Ministerium f\u00fcr Kultur und Wissenschaft (MKW) des Landes NRW erhalten.<\/p>\n<p>\u201eIch freue mich sehr auf den Beginn dieses neuen Kapitels \u2013 sowohl f\u00fcr die Universit\u00e4t Siegen als auch f\u00fcr mich pers\u00f6nlich. Ich habe in den vergangenen Wochen zahlreiche Gespr\u00e4che an der Universit\u00e4t gef\u00fchrt und hatte die Gelegenheit, viele Menschen kennenzulernen und mich mit ihnen \u00fcber zuk\u00fcnftige Entwicklungsperspektiven der Hochschule auszutauschen. Nun kann ich kaum erwarten, dass es auch offiziell losgeht. Ich m\u00f6chte mich besonders f\u00fcr die Unterst\u00fctzung bei all denen bedanken, die daran mitgewirkt haben\u201c, sagte Prof. Dr. Stefanie Reese.<\/p>\n<p>\u201eDie Universit\u00e4t Siegen hat in den vergangenen Jahren eine hervorragende Entwicklung genommen. Auf dieser Basis aufbauend wird Frau Prof. Reese neue Akzente setzen, um unsere Universit\u00e4t angesichts aktueller Herausforderungen wie etwa dem demografischen Wandel weiterhin erfolgreich zu positionieren\u201c, sagte Arndt G. Kirchhoff, der Vorsitzende des Hochschulrats der Universit\u00e4t Siegen.<\/p>\n<p>Der amtierende Rektor Prof. Dr. Holger Burckhart, der das Amt seit 2009 inne hat, w\u00fcnscht seiner Nachfolgerin \u201ealles Gute, Freude im Amt und Erfolge f\u00fcr die Universit\u00e4t\u201c.<\/p>\n<p><em>Hintergrund<\/em><\/p>\n<p>Die Amtszeit von Prof. Burckhart als Rektor lief regul\u00e4r bis zum 30. September 2023. Die Universit\u00e4t hatte fr\u00fchzeitig die Suche nach einem Nachfolger \/ einer Nachfolgerin eingeleitet. Am 24. Januar 2023 scheiterte die Wahl, es erfolgte eine erneute Ausschreibung der Stelle. Die Hochschulwahlversammlung der Universit\u00e4t Siegen w\u00e4hlte Prof. Reese am 8. August 2023 mit \u00fcberw\u00e4ltigender Mehrheit als neue Rektorin. Die Amtszeit betr\u00e4gt sechs Jahre. Prof. Reese ist bisher Dekanin der Fakult\u00e4t f\u00fcr Bauingenieurwesen an der RWTH Aachen und leitet das dortige Institut f\u00fcr Angewandte Mechanik.<\/p>\n<p>Text und Fotos: <a href=\"https:\/\/www.uni-siegen.de\/start\/\" target=\"_blank\" rel=\"noopener\">Universit\u00e4t Siegen<\/a><\/p>\n","protected":false},"excerpt":{"rendered":"<p>Der Stabwechsel an der Spitze der Universit\u00e4t Siegen r\u00fcckt n\u00e4her. Die neue Rektorin Prof. Dr. Stefanie Reese wird das Amt am 15. Dezember 2023 antreten&#8230;.<\/p>\n","protected":false},"author":6,"featured_media":29629,"comment_status":"open","ping_status":"open","sticky":false,"template":"","format":"standard","meta":{"_jetpack_memberships_contains_paid_content":false,"footnotes":""},"categories":[8,32,30],"tags":[],"class_list":["post-31624","post","type-post","status-publish","format-standard","has-post-thumbnail","hentry","category-ausbildung","category-infos","category-vermischtes"],"jetpack_featured_media_url":"https:\/\/www.vdsm.net\/wronline\/wp-content\/uploads\/2022\/10\/Uni_Zoom_Hintergrund_3-zugeschnitten_WEB.jpg","jetpack_sharing_enabled":true,"_links":{"self":[{"href":"https:\/\/www.vdsm.net\/wronline\/wp-json\/wp\/v2\/posts\/31624","targetHints":{"allow":["GET"]}}],"collection":[{"href":"https:\/\/www.vdsm.net\/wronline\/wp-json\/wp\/v2\/posts"}],"about":[{"href":"https:\/\/www.vdsm.net\/wronline\/wp-json\/wp\/v2\/types\/post"}],"author":[{"embeddable":true,"href":"https:\/\/www.vdsm.net\/wronline\/wp-json\/wp\/v2\/users\/6"}],"replies":[{"embeddable":true,"href":"https:\/\/www.vdsm.net\/wronline\/wp-json\/wp\/v2\/comments?post=31624"}],"version-history":[{"count":1,"href":"https:\/\/www.vdsm.net\/wronline\/wp-json\/wp\/v2\/posts\/31624\/revisions"}],"predecessor-version":[{"id":31626,"href":"https:\/\/www.vdsm.net\/wronline\/wp-json\/wp\/v2\/posts\/31624\/revisions\/31626"}],"wp:featuredmedia":[{"embeddable":true,"href":"https:\/\/www.vdsm.net\/wronline\/wp-json\/wp\/v2\/media\/29629"}],"wp:attachment":[{"href":"https:\/\/www.vdsm.net\/wronline\/wp-json\/wp\/v2\/media?parent=31624"}],"wp:term":[{"taxonomy":"category","embeddable":true,"href":"https:\/\/www.vdsm.net\/wronline\/wp-json\/wp\/v2\/categories?post=31624"},{"taxonomy":"post_tag","embeddable":true,"href":"https:\/\/www.vdsm.net\/wronline\/wp-json\/wp\/v2\/tags?post=31624"}],"curies":[{"name":"wp","href":"https:\/\/api.w.org\/{rel}","templated":true}]}}