{"id":31565,"date":"2023-11-17T14:01:28","date_gmt":"2023-11-17T13:01:28","guid":{"rendered":"https:\/\/www.vdsm.net\/wronline\/?p=31565"},"modified":"2023-11-17T14:02:02","modified_gmt":"2023-11-17T13:02:02","slug":"vertreter-der-arbeitgeberverbaende-siegen-wittgenstein-nahmen-an-der-berufs-und-studienboerse-teil","status":"publish","type":"post","link":"https:\/\/www.vdsm.net\/wronline\/vertreter-der-arbeitgeberverbaende-siegen-wittgenstein-nahmen-an-der-berufs-und-studienboerse-teil\/","title":{"rendered":"Vertreter der Arbeitgeberverb\u00e4nde Siegen-Wittgenstein nahmen an der Berufs- und Studienb\u00f6rse teil"},"content":{"rendered":"<p>Seit einigen Jahren ist die Berufs- und Studienb\u00f6rse an der Clara-Schumann-Gesamtschule Kreuztal fester Bestandteil in Sachen Berufsorientierung. Damit Sch\u00fclerinnen und Sch\u00fcler der Oberstufe im Dschungel der M\u00f6glichkeiten nicht den \u00dcberblick verlieren, bot die diesj\u00e4hrige Berufs- und Studienb\u00f6rse den Jahrgangsstufen 12 und 13 wieder die Gelegenheit, sich \u00fcber berufliche und universit\u00e4re Angebote zu informieren.<\/p>\n<div id=\"attachment_31568\" style=\"width: 210px\" class=\"wp-caption alignright\"><a href=\"https:\/\/www.vdsm.net\/wronline\/wp-content\/uploads\/2023\/11\/2023-11-16-Berufsmesse-CSG-Kreuztal_DSC_0413-scaled-e1700214435261.jpg\" target=\"_blank\" rel=\"noopener\"><img loading=\"lazy\" decoding=\"async\" aria-describedby=\"caption-attachment-31568\" class=\"wp-image-31568 size-medium\" src=\"https:\/\/www.vdsm.net\/wronline\/wp-content\/uploads\/2023\/11\/2023-11-16-Berufsmesse-CSG-Kreuztal_DSC_0413-200x300.jpg\" alt=\"\" width=\"200\" height=\"300\" \/><\/a><p id=\"caption-attachment-31568\" class=\"wp-caption-text\">Julia F\u00f6rster, ebenfalls bei den Arbeitgeberverb\u00e4nden Siegen-Wittgenstein t\u00e4tig, informierte die Sch\u00fclerinnen und Sch\u00fcler \u2013 als Presse- und Bildungsreferentin \u2013 \u00fcber Berufsaussichten im Bereich Kommunikation und Medien.<\/p><\/div>\n<p>Wie in den Vorjahren auch, gab es erneut ein breit gef\u00e4chertes Angebot von A wie Architektur bis Z wie Zulassungsbedingungen im Studium. Vor Ort waren daher unter anderem Unternehmensvertreterinnen und \u2013 vertreter, ebenso wie Berater von Uni, Fachhochschule und der Agentur f\u00fcr Arbeit. Zum wiederholten Mal nahmen auch die Arbeitgeberverb\u00e4nde Siegen-Wittgenstein an der Berufs- und Studienb\u00f6rse teil.<\/p>\n<p>Arne Buch, Rechtsanwalt und Fachanwalt f\u00fcr Arbeitsrecht bei den Arbeitgeberverb\u00e4nden Siegen-Wittgenstein, informierte kompetent und aus erster Hand \u00fcber den vielf\u00e4ltigen Bereich der Rechtswissenschaften. Er ging nicht nur darauf ein, welche M\u00f6glichkeiten ein Jurastudium bietet, sondern auch auf die Unterschiede von Zivil- und Strafrecht oder die Abgrenzung zwischen den Berufen Anwalt und Richter.<\/p>\n<p>Julia F\u00f6rster, ebenfalls bei den Arbeitgeberverb\u00e4nden Siegen-Wittgenstein t\u00e4tig, informierte die Sch\u00fclerinnen und Sch\u00fcler \u00fcber Berufsaussichten im Bereich Kommunikation und Medien. Als Presse- und Bildungsreferentin berichtete sie \u00fcber den Berufsalltag in den Bereichen der Presse- und \u00d6ffentlichkeitsarbeit sowie der Bildungsarbeit. Dabei machte sie deutlich, dass dieser Bereich sehr vielf\u00e4ltig sein kann. Von der Erstellung von Pressenotizen, der Arbeit mit sozialen Netzwerken, wie beispielsweise Linkedin und Instagram, bis hin zur Interaktion mit Sch\u00fclerinnen und Sch\u00fclern beim Bildungsprojekt \u201eMINToringSi\u201c oder auf der Siegener Ausbildungsmesse, ist alles m\u00f6glich.<\/p>\n<p>\u201eWir sind immer wieder gerne an der Schule, um die jungen Menschen bei ihrer beruflichen Orientierung zu unterst\u00fctzen\u201c, so war das Fazit von Arne Buch, Rechtsanwalt und Fachanwalt f\u00fcr Arbeitsrecht. \u201eDie Kreuztaler Schule macht schon einiges in Sachen Berufsorientierung, sodass sie bereits mehrfach mit dem BerufswahlSIEGEL der Wirtschaftsjunioren S\u00fcdwestfalen ausgezeichnet wurde. Um dieses umfangreiche Angebot zu unterst\u00fctzen, m\u00f6chten wir mit unserer Teilnahme an der Berufs- und Studienb\u00f6rse ebenfalls einen Beitrag dazu leisten, indem wir aus dem N\u00e4hk\u00e4stchen plaudern und \u00fcber unseren Berufsalltag berichten\u201c, erg\u00e4nzte Julia F\u00f6rster. \u201eDadurch m\u00f6chten wir den angehenden Abiturientinnen und Abiturienten die Entscheidung bei der Berufs- oder Studienwahl ein wenig erleichtern\u201c, waren sich Arne Buch und Julia F\u00f6rster einig.<\/p>\n<p>Text: Julia F\u00f6rster; Fotos: <a href=\"https:\/\/www.ge-kreuztal.de\/\" target=\"_blank\" rel=\"noopener\">Clara-Schumann-Gesamtschule Kreuztal<\/a><\/p>\n","protected":false},"excerpt":{"rendered":"<p>Seit einigen Jahren ist die Berufs- und Studienb\u00f6rse an der Clara-Schumann-Gesamtschule Kreuztal fester Bestandteil in Sachen Berufsorientierung. Damit Sch\u00fclerinnen und Sch\u00fcler der Oberstufe im Dschungel&#8230;<\/p>\n","protected":false},"author":6,"featured_media":31567,"comment_status":"open","ping_status":"open","sticky":false,"template":"","format":"standard","meta":{"_jetpack_memberships_contains_paid_content":false,"footnotes":""},"categories":[1,8,32,30],"tags":[],"class_list":["post-31565","post","type-post","status-publish","format-standard","has-post-thumbnail","hentry","category-aktuell","category-ausbildung","category-infos","category-vermischtes"],"jetpack_featured_media_url":"https:\/\/www.vdsm.net\/wronline\/wp-content\/uploads\/2023\/11\/2023-11-16-Berufsmesse-CSG-Kreuztal_DSC_0416-scaled-e1700214379946.jpg","jetpack_sharing_enabled":true,"_links":{"self":[{"href":"https:\/\/www.vdsm.net\/wronline\/wp-json\/wp\/v2\/posts\/31565","targetHints":{"allow":["GET"]}}],"collection":[{"href":"https:\/\/www.vdsm.net\/wronline\/wp-json\/wp\/v2\/posts"}],"about":[{"href":"https:\/\/www.vdsm.net\/wronline\/wp-json\/wp\/v2\/types\/post"}],"author":[{"embeddable":true,"href":"https:\/\/www.vdsm.net\/wronline\/wp-json\/wp\/v2\/users\/6"}],"replies":[{"embeddable":true,"href":"https:\/\/www.vdsm.net\/wronline\/wp-json\/wp\/v2\/comments?post=31565"}],"version-history":[{"count":5,"href":"https:\/\/www.vdsm.net\/wronline\/wp-json\/wp\/v2\/posts\/31565\/revisions"}],"predecessor-version":[{"id":31577,"href":"https:\/\/www.vdsm.net\/wronline\/wp-json\/wp\/v2\/posts\/31565\/revisions\/31577"}],"wp:featuredmedia":[{"embeddable":true,"href":"https:\/\/www.vdsm.net\/wronline\/wp-json\/wp\/v2\/media\/31567"}],"wp:attachment":[{"href":"https:\/\/www.vdsm.net\/wronline\/wp-json\/wp\/v2\/media?parent=31565"}],"wp:term":[{"taxonomy":"category","embeddable":true,"href":"https:\/\/www.vdsm.net\/wronline\/wp-json\/wp\/v2\/categories?post=31565"},{"taxonomy":"post_tag","embeddable":true,"href":"https:\/\/www.vdsm.net\/wronline\/wp-json\/wp\/v2\/tags?post=31565"}],"curies":[{"name":"wp","href":"https:\/\/api.w.org\/{rel}","templated":true}]}}