{"id":31530,"date":"2023-11-09T08:30:53","date_gmt":"2023-11-09T07:30:53","guid":{"rendered":"https:\/\/www.vdsm.net\/wronline\/?p=31530"},"modified":"2023-11-08T15:31:01","modified_gmt":"2023-11-08T14:31:01","slug":"deutschlands-fuehrender-experte-fuer-kuenstliche-intelligenz-und-robotik-haelt-keynote-zukunft-digital-2023-event-fuer-den-mittelstand-in-suedwestfalen","status":"publish","type":"post","link":"https:\/\/www.vdsm.net\/wronline\/deutschlands-fuehrender-experte-fuer-kuenstliche-intelligenz-und-robotik-haelt-keynote-zukunft-digital-2023-event-fuer-den-mittelstand-in-suedwestfalen\/","title":{"rendered":"Deutschlands f\u00fchrender Experte f\u00fcr K\u00fcnstliche Intelligenz und Robotik h\u00e4lt Keynote\u00a0"},"content":{"rendered":"<p>Am 23. November veranstaltet das Mittelstand-Digital Zentrum L\u00e4ndliche Regionen die \u201eZukunft Digital 2023\u201c. Das Event im Campus Buschh\u00fctten richtet sich an kleine und mittlere Unternehmen in S\u00fcdwestfalen und Umgebung. Im Fokus der Veranstaltung steht die Frage, wie aktuelle Herausforderungen des Mittelstands mit Hilfe digitaler Technologien und Strategien adressiert werden k\u00f6nnen.<\/p>\n<p><strong>Fokus auf K\u00fcnstliche Intelligenz: Vortrag von KI-Experte<\/strong><\/p>\n<p>Deutschlands f\u00fchrender Experte f\u00fcr Robotik und K\u00fcnstliche Intelligenz (KI) wird auf der Zukunft Digital \u00fcber Potenziale und Anwendungsszenarien von KI-Technologien im Mittelstand sprechen. In seinen mitrei\u00dfenden Vortr\u00e4gen vermittelt Dominik B\u00f6sl nicht nur fundiertes Expertenwissen zu Industrie 4.0 und den Entwicklungen der Zukunft, sondern ruft auch zu neuen, unkonventionellen L\u00f6sungswegen auf.<\/p>\n<p>Dominik B\u00f6sl ist Professor f\u00fcr Digital Sciences, Automation und Leadership. Vor seinem Ruf an die Hochschule der Bayrischen Wirtschaft f\u00fchrten ihn seine beruflichen Stationen von Microsoft \u00fcber Kuka bis zu Festo, wo er zuletzt Vice President und Head of Robotic Futures war.<\/p>\n<p><strong>Vielseitiges Programm<\/strong><\/p>\n<p>Rund um das Thema \u201edigitale Transformation im Mittelstand\u201c bietet das Programm eine vielseitige Mischung aus Impuls- und Keynote-Vortr\u00e4gen, Workshops, Diskussionsrunden und Networking-M\u00f6glichkeiten. Der Landrat des Kreises Siegen-Wittgenstein, Andreas M\u00fcller, und ein Vertreter des Bundeswirtschaftsministeriums (BMWK) werden die Veranstaltung er\u00f6ffnen.<\/p>\n<p>Eine KI-Ausstellung zeigt anhand prototypischer Technologien, wie k\u00fcnstliche Intelligenz in verschiedenen Unternehmensbereichen wie Produktion, Marketing oder Verwaltung eingesetzt werden kann. In interaktiven Workshop Sessions haben die Teilnehmenden Gelegenheit, sich mit Themen wie New Work, Internet of Things (IoT), Kreislaufwirtschaft, digitalen Gesch\u00e4ftsmodellen und einigen mehr auseinanderzusetzen und betriebliche Praxisbeispiele kennenzulernen.<\/p>\n<p>Den Abschluss des Events bildet eine Podiumsdiskussion zum Thema \u201eHerausforderung Digitalisierung: Von analog \u00fcber digital bis zu KI\u201c. Vertreter von Unternehmen, Politik und Gewerkschaft diskutieren \u00fcber Chancen, Mehrwerte und H\u00fcrden bei der digitalen Transformation.<\/p>\n<p><strong>Zukunft Digital: Anmeldung noch bis zum 16. November m\u00f6glich<\/strong><\/p>\n<p>Die Teilnahme an der \u201eZukunft Digital\u201c ist kostenfrei. Das Event richtet sich an Fach- und F\u00fchrungskr\u00e4fte mittelst\u00e4ndischer Unternehmen in S\u00fcdwestfalen und dar\u00fcber hinaus.<\/p>\n<p>Termin: Donnerstag, 23. November 2023, 16 &#8211; 21 Uhr<br \/>\nOrt: Campus Buschh\u00fctten, Siegener Stra\u00dfe 152, 57223 Kreuztal<\/p>\n<p>Interessenten k\u00f6nnen sich noch bis zum 16. November kostenfrei \u00fcber die Website des Mittelstand-Digital Zentrums L\u00e4ndliche Regionen anmelden: <a href=\"https:\/\/digitalzentrum-lr.de\/event\/zukunft-digital-2023\/\" target=\"_blank\" rel=\"noopener\">https:\/\/digitalzentrum-lr.de\/event\/zukunft-digital-2023\/<\/a>. F\u00fcr Fragen stehen die Mitarbeiter des Zentrums zur Verf\u00fcgung unter 0271 740-3289 oder <a href=\"mailto:info@digitalzentrum-lr.de\">info@digitalzentrum-lr.de<\/a>.<\/p>\n<p>Text und Foto: Mittelstand-Digital Zentrum L\u00e4ndliche Regionen<\/p>\n","protected":false},"excerpt":{"rendered":"<p>Am 23. November veranstaltet das Mittelstand-Digital Zentrum L\u00e4ndliche Regionen die \u201eZukunft Digital 2023\u201c. Das Event im Campus Buschh\u00fctten richtet sich an kleine und mittlere Unternehmen&#8230;<\/p>\n","protected":false},"author":6,"featured_media":31531,"comment_status":"open","ping_status":"open","sticky":false,"template":"","format":"standard","meta":{"_jetpack_memberships_contains_paid_content":false,"footnotes":""},"categories":[1,32,30,34,10],"tags":[],"class_list":["post-31530","post","type-post","status-publish","format-standard","has-post-thumbnail","hentry","category-aktuell","category-infos","category-vermischtes","category-termine","category-unternehmen"],"jetpack_featured_media_url":"https:\/\/www.vdsm.net\/wronline\/wp-content\/uploads\/2023\/11\/Dominik-Boesl-300dpi-rechtefrei_1-e1699453470973.jpg","jetpack_sharing_enabled":true,"_links":{"self":[{"href":"https:\/\/www.vdsm.net\/wronline\/wp-json\/wp\/v2\/posts\/31530","targetHints":{"allow":["GET"]}}],"collection":[{"href":"https:\/\/www.vdsm.net\/wronline\/wp-json\/wp\/v2\/posts"}],"about":[{"href":"https:\/\/www.vdsm.net\/wronline\/wp-json\/wp\/v2\/types\/post"}],"author":[{"embeddable":true,"href":"https:\/\/www.vdsm.net\/wronline\/wp-json\/wp\/v2\/users\/6"}],"replies":[{"embeddable":true,"href":"https:\/\/www.vdsm.net\/wronline\/wp-json\/wp\/v2\/comments?post=31530"}],"version-history":[{"count":2,"href":"https:\/\/www.vdsm.net\/wronline\/wp-json\/wp\/v2\/posts\/31530\/revisions"}],"predecessor-version":[{"id":31533,"href":"https:\/\/www.vdsm.net\/wronline\/wp-json\/wp\/v2\/posts\/31530\/revisions\/31533"}],"wp:featuredmedia":[{"embeddable":true,"href":"https:\/\/www.vdsm.net\/wronline\/wp-json\/wp\/v2\/media\/31531"}],"wp:attachment":[{"href":"https:\/\/www.vdsm.net\/wronline\/wp-json\/wp\/v2\/media?parent=31530"}],"wp:term":[{"taxonomy":"category","embeddable":true,"href":"https:\/\/www.vdsm.net\/wronline\/wp-json\/wp\/v2\/categories?post=31530"},{"taxonomy":"post_tag","embeddable":true,"href":"https:\/\/www.vdsm.net\/wronline\/wp-json\/wp\/v2\/tags?post=31530"}],"curies":[{"name":"wp","href":"https:\/\/api.w.org\/{rel}","templated":true}]}}