{"id":31477,"date":"2023-10-11T08:23:05","date_gmt":"2023-10-11T06:23:05","guid":{"rendered":"https:\/\/www.vdsm.net\/wronline\/?p=31477"},"modified":"2023-10-25T16:32:11","modified_gmt":"2023-10-25T14:32:11","slug":"mint-ins-land-mobiles-lernangebot-steuert-die-region-an","status":"publish","type":"post","link":"https:\/\/www.vdsm.net\/wronline\/mint-ins-land-mobiles-lernangebot-steuert-die-region-an\/","title":{"rendered":"\u201eMINT ins Land\u201c: Mobiles Lernangebot steuert die Region an"},"content":{"rendered":"<p>Im zur\u00fcckliegenden Fr\u00fchling ging in den Kreisen Olpe und Siegen-Wittgenstein ein neues Programm an den Start das bei Jugendlichen Freude an MINT (Mathematik, Informatik, Naturwissenschaften, Technik) wecken soll: \u201eMINT ins Land\u201c ist ein au\u00dferschulisches mobiles Lernangebot f\u00fcr Kinder und Jugendliche im Alter von zehn bis 16 Jahren.<\/p>\n<p>In beiden Kreisen wurden dabei zw\u00f6lf Haltestellen eingerichtet: sechs pro Halbjahr, davon drei im Kreis Olpe und drei in Siegen-Wittgenstein. Jede Haltestelle wird alle 14 Tage von einem elektrisch angetriebenen Transporter ansteuert, der mit digitalen Medien und Material beladen ist. An jeder Haltestelle k\u00f6nnen bis zu 60 Jugendliche an drei unterschiedlichen Modulen teilnehmen.<\/p>\n<p>\u201eMINT ins Land\u201c gibt es seit Februar. Zum MINT-Cluster s\u00fcdliches S\u00fcdwestfalen geh\u00f6ren die Universit\u00e4t Siegen, der Kreis Olpe (Regionales Bildungsb\u00fcro), der Kreis Siegen-Wittgenstein (Regionales Bildungsb\u00fcro), der MINT-F\u00f6rderverein im Kreis Olpe, der Arbeitgeberverband f\u00fcr den Kreis Olpe, das Bildungszentrum Wittgenstein und das Netzwerk Schule-Wirtschaft Nordrhein-Westfalen. Das Programm wird gef\u00f6rdert vom Bundesministerium f\u00fcr Bildung und Forschung. \u201eIn enger Abstimmung arbeiten wir in dem Verbund zusammen, um f\u00fcr alle in dieser l\u00e4ndlichen Region eine T\u00fcr zu kontinuierlichen und au\u00dferschulischen MINT-Angeboten zu \u00f6ffnen\u201c, erkl\u00e4rt Dr. Felicitas Pielsticker von der Universit\u00e4t Siegen,\u00a0Projektleiterin und Mitglied des MINT-Mobil-Teams.<\/p>\n<div id=\"attachment_31480\" style=\"width: 310px\" class=\"wp-caption alignright\"><a href=\"https:\/\/www.vdsm.net\/wronline\/wp-content\/uploads\/2023\/10\/MINT_2-scaled-e1697005162814.jpg\"><img loading=\"lazy\" decoding=\"async\" aria-describedby=\"caption-attachment-31480\" class=\"size-medium wp-image-31480\" src=\"https:\/\/www.vdsm.net\/wronline\/wp-content\/uploads\/2023\/10\/MINT_2-300x189.jpg\" alt=\"\" width=\"300\" height=\"189\" \/><\/a><p id=\"caption-attachment-31480\" class=\"wp-caption-text\">Sch\u00fclerinnen und Sch\u00fcler der Olper Max von der Gr\u00fcn-Schule bei den praktischen MINT-\u00dcbungen.<\/p><\/div>\n<p>K\u00fcrzlich \u00fcberzeugten sich die Projektpartner bei der \u201eHaltestelle\u201c Mennekes Elektrotechnik GmbH &amp; Co. KG am Standort in Welschen Ennest von der St\u00e4rke des Programms und lernten es zusammen mit Jugendlichen kennen. Christopher Mennekes, Vorsitzender des Arbeitgeberverbands Olpe und gesch\u00e4ftsf\u00fchrender Gesellschafter des Elektrotechnik-Spezialisten Mennekes, h\u00e4lt dazu fest: \u201eWir unterst\u00fctzen \u201aMINT ins Land\u2018 sehr gerne. Projekte, die junge Menschen f\u00fcr Mathematik, Informatik, die Naturwissenschaften und Technik begeistern und F\u00e4higkeiten in diesen Bereichen f\u00f6rdern, sind wichtig f\u00fcr unsere Region \u2013 und alle Arbeitgeber im Kreis Olpe profitieren davon. Wir bei Mennekes bilden zum Beispiel in elf technischen und kaufm\u00e4nnischen Berufen aus. Daf\u00fcr sind wir immer auf der Suche nach Nachwuchstalenten, die fit in den MINT-F\u00e4chern sind und mit Leidenschaft anspruchsvolle Berufe wie Industrieelektrikerin und Industrieelektriker, Zerspanungsmechanikerin und Zerspanungsmechaniker, Fachlageristin und Fachlagerist sowie Elektronikerin und Elektroniker f\u00fcr Betriebstechnik erlernen wollen.\u201c<\/p>\n<p>Auch der Landrat des Kreises Olpe, Theo Melcher, hebt die Verbindung zur Praxis hervor: \u201eWir m\u00fcssen die Jugendlichen mit solchen Projekten begeistern und Verbindungen in die Unternehmen schaffen. Denn die technisch ausgerichteten Betriebe sind eine wichtige wirtschaftliche Grundlage f\u00fcr S\u00fcdwestfalen.\u201c<\/p>\n<p>Bei \u201eMINT ins Land\u201c bearbeiten die Jugendlichen pro Halbjahr an zehn Terminen ein Modul. Es gibt auch Module speziell f\u00fcr junge Frauen, zur Berufsorientierung sowie f\u00fcr Lernende mit F\u00f6rderbedarf. Die Betreuung \u00fcbernehmen wissenschaftliche Mitarbeiterinnen, Mitarbeiter und Lehramtsstudierende der Universit\u00e4t Siegen.<\/p>\n<p>Die teilnehmenden Kinder und Jugendlichen freuen sich sehr, wenn das unverkennbare MINT-Mobil auf den Parkplatz der jeweiligen Haltestelle f\u00e4hrt. Dazu betont Andreas M\u00fcller, Landrat des Kreises Siegen-Wittgenstein, das Angebot sei bewusst dezentral angelegt, womit der Projektname Programm werde: \u201eWir bringen MINT in die Fl\u00e4che und damit zu den Kindern und Jugendlichen.\u201c<\/p>\n<p>Die Kinder und Jugendlichen der Max von der Gr\u00fcn-Schule in Olpe sind sich nach dem Besuch der Veranstaltung und den praktischen MINT-\u00dcbungen bei Mennekes einig: \u201eWir h\u00e4tten das noch den ganzen Tag weitermachen k\u00f6nnen.\u201c<\/p>\n<p>Text und Fotos: <a href=\"https:\/\/www.uni-siegen.de\/start\/\" target=\"_blank\" rel=\"noopener\">Universit\u00e4t Siegen<\/a><\/p>\n","protected":false},"excerpt":{"rendered":"<p>Im zur\u00fcckliegenden Fr\u00fchling ging in den Kreisen Olpe und Siegen-Wittgenstein ein neues Programm an den Start das bei Jugendlichen Freude an MINT (Mathematik, Informatik, Naturwissenschaften,&#8230;<\/p>\n","protected":false},"author":6,"featured_media":31479,"comment_status":"open","ping_status":"open","sticky":false,"template":"","format":"standard","meta":{"_jetpack_memberships_contains_paid_content":false,"footnotes":""},"categories":[1,8,32,30,10],"tags":[],"class_list":["post-31477","post","type-post","status-publish","format-standard","has-post-thumbnail","hentry","category-aktuell","category-ausbildung","category-infos","category-vermischtes","category-unternehmen"],"jetpack_featured_media_url":"https:\/\/www.vdsm.net\/wronline\/wp-content\/uploads\/2023\/10\/MINT_1-e1697005096177.jpg","jetpack_sharing_enabled":true,"_links":{"self":[{"href":"https:\/\/www.vdsm.net\/wronline\/wp-json\/wp\/v2\/posts\/31477","targetHints":{"allow":["GET"]}}],"collection":[{"href":"https:\/\/www.vdsm.net\/wronline\/wp-json\/wp\/v2\/posts"}],"about":[{"href":"https:\/\/www.vdsm.net\/wronline\/wp-json\/wp\/v2\/types\/post"}],"author":[{"embeddable":true,"href":"https:\/\/www.vdsm.net\/wronline\/wp-json\/wp\/v2\/users\/6"}],"replies":[{"embeddable":true,"href":"https:\/\/www.vdsm.net\/wronline\/wp-json\/wp\/v2\/comments?post=31477"}],"version-history":[{"count":5,"href":"https:\/\/www.vdsm.net\/wronline\/wp-json\/wp\/v2\/posts\/31477\/revisions"}],"predecessor-version":[{"id":31511,"href":"https:\/\/www.vdsm.net\/wronline\/wp-json\/wp\/v2\/posts\/31477\/revisions\/31511"}],"wp:featuredmedia":[{"embeddable":true,"href":"https:\/\/www.vdsm.net\/wronline\/wp-json\/wp\/v2\/media\/31479"}],"wp:attachment":[{"href":"https:\/\/www.vdsm.net\/wronline\/wp-json\/wp\/v2\/media?parent=31477"}],"wp:term":[{"taxonomy":"category","embeddable":true,"href":"https:\/\/www.vdsm.net\/wronline\/wp-json\/wp\/v2\/categories?post=31477"},{"taxonomy":"post_tag","embeddable":true,"href":"https:\/\/www.vdsm.net\/wronline\/wp-json\/wp\/v2\/tags?post=31477"}],"curies":[{"name":"wp","href":"https:\/\/api.w.org\/{rel}","templated":true}]}}