{"id":31419,"date":"2023-09-20T12:13:02","date_gmt":"2023-09-20T10:13:02","guid":{"rendered":"https:\/\/www.vdsm.net\/wronline\/?p=31419"},"modified":"2023-09-20T12:13:02","modified_gmt":"2023-09-20T10:13:02","slug":"parkplaetze-mit-power","status":"publish","type":"post","link":"https:\/\/www.vdsm.net\/wronline\/parkplaetze-mit-power\/","title":{"rendered":"Parkpl\u00e4tze mit Power"},"content":{"rendered":"<p>Eine Photovoltaikanlage auf dem Dach ist vielerorts sichtbar und aus dem allt\u00e4glichen Bild nicht mehr wegzudenken. Relativ neu sind Parkplatz\u00fcberdachungen, bei denen der bestehende Platz der \u00dcberdachung zus\u00e4tzlich mit einer Photovoltaikanlage versehen wird \u2013 so k\u00f6nnen erneuerbare Energien generiert werden. Mit PowerShield gibt es jetzt ein regionales Start Up, das ein modulares System f\u00fcr Photovoltaik-Parkplatz\u00fcberdachungen anbietet. Gegr\u00fcndet wurde die PowerShield GmbH von zwei Unternehmen aus dem Siegerland: effexx green und Sinner Stahl- und Industriebauten.<\/p>\n<p>Durch die Kooperation der beiden Unternehmen kann die erforderliche Expertise aus den eigenen Reihen angeboten werden: mit der Unternehmensgr\u00fcndung sind alle Kompetenzen in den Bereichen Elektrotechnik, erneuerbare Energien und Stahlbau umfassend vorhanden. Die Kunden erhalten so eine ganzheitliche Unterst\u00fctzung von der Planung \u00fcber den Bauantrag und die Montage bis hin zum elektrischen Anschluss.<\/p>\n<p><strong>Im Fokus: Wirtschaftlichkeit, Funktionalit\u00e4t und Nachhaltigkeit<\/strong><\/p>\n<div id=\"attachment_31421\" style=\"width: 310px\" class=\"wp-caption alignright\"><a href=\"https:\/\/www.vdsm.net\/wronline\/wp-content\/uploads\/2023\/09\/Powershield_Team-e1695203642819.jpg\"><img loading=\"lazy\" decoding=\"async\" aria-describedby=\"caption-attachment-31421\" class=\"size-medium wp-image-31421\" src=\"https:\/\/www.vdsm.net\/wronline\/wp-content\/uploads\/2023\/09\/Powershield_Team-300x214.jpg\" alt=\"\" width=\"300\" height=\"214\" \/><\/a><p id=\"caption-attachment-31421\" class=\"wp-caption-text\">Freuen sich auf die Umsetzung der ersten Projekte: Die beiden Gesch\u00e4ftsf\u00fchrer Calvin Jonathan Hommerich und Tim Sinner, sowie der Projektleiter Philipp Czogalla (v.l.n.r.).<\/p><\/div>\n<p>Im Fokus des selbst entwickelten Systems stehen die Aspekte Wirtschaftlichkeit, Funktionalit\u00e4t, \u00c4sthetik und Nachhaltigkeit. Im Projektverlauf sind effiziente Prozesse implementiert, durch die das PowerShield-Team deutlich weniger Zeit f\u00fcr die Installation ben\u00f6tigt als die Wettbewerber. Da Fertigfundamente verwendet werden, steht der neu \u00fcberdachte Parkplatz schnell wieder zur Verf\u00fcgung. \u201eEgal, ob es sich um bestehende Parkpl\u00e4tze handelt, die nachger\u00fcstet werden sollen, oder um die Planung und den Bau neuer Parkpl\u00e4tze \u2013 wir erstellen ein individuelles, ma\u00dfgeschneidertes Konzept und beraten dabei umfassend von der Planung bis zur Umsetzung\u201c, erkl\u00e4rt Tim Sinner, Gesch\u00e4ftsf\u00fchrer von PowerShield.<\/p>\n<p><strong>Integration von weiteren Extras<br \/>\n<\/strong>Die PV-Parkplatz\u00fcberdachungen k\u00f6nnen optional auch mit integrierter Ladeinfrastruktur f\u00fcr Elektrofahrzeuge, Beleuchtungssystemen und Parkleitsystemen ausgestattet werden. Dank des modularen Systems werden zudem auch Schr\u00e4gparkpl\u00e4tze, Mutter-Kind-Parkpl\u00e4tze und Handicap-Parkpl\u00e4tze ber\u00fccksichtigt.<\/p>\n<p><strong>Kurze Projektlaufzeit und nachhaltige Produktion<br \/>\n<\/strong>Neben einer wirtschaftlichen und schnell umsetzbaren Bauweise werden die St\u00fctzen der \u00dcberdachung au\u00dferhalb der Verkehrswege und T\u00fcr\u00f6ffnungen positioniert. Zudem wird nachhaltig produzierter Stahl und recycelter Beton verwendet. Um die Projektdauer auf ein Mindestma\u00df zu verk\u00fcrzen, haben die Experten von PowerShield eine standardisierte Bauweise sowie eine Typenstatik entwickelt, durch die zus\u00e4tzliche Konstruktions- und Statikarbeiten entfallen. \u201eDank unserer modularen Bauweise k\u00f6nnen wir zwei Systeme der \u00dcberdachung anbieten: die Kragarm-Variante f\u00fcr Einzelreihenparkpl\u00e4tze und die Schmetterling-Variante f\u00fcr Doppelreihenparkpl\u00e4tze\u201c, erg\u00e4nzt Calvin J. Hommerich, Gesch\u00e4ftsf\u00fchrer von PowerShield.<\/p>\n<p><strong>Gesetz fordert \u00dcberdachungssysteme bei Parkfl\u00e4chen<br \/>\n<\/strong>Neue gewerbliche Parkfl\u00e4chen m\u00fcssen ab 35 Stellpl\u00e4tzen laut Gesetz &#8211; Landesbauordnung &#8211; mit Photovoltaik ausgestattet werden. Neben Nordrhein-Westfalen schreibt die Landesbauordnung dies seit Jahresanfang 2022 auch in Baden-W\u00fcrttemberg, Rheinland-Pfalz und Schleswig-Holstein vor.<\/p>\n<p>Weitere Informationen unter <a href=\"http:\/\/www.power-shield.eu\" target=\"_blank\" rel=\"noopener\">www.power-shield.eu<\/a><\/p>\n<p>Text und Fotos: <a href=\"http:\/\/www.effexx.com\" target=\"_blank\" rel=\"noopener\">effexx Kommunikations- und Meldesysteme Verwaltungs GmbH<\/a><\/p>\n","protected":false},"excerpt":{"rendered":"<p>Eine Photovoltaikanlage auf dem Dach ist vielerorts sichtbar und aus dem allt\u00e4glichen Bild nicht mehr wegzudenken. Relativ neu sind Parkplatz\u00fcberdachungen, bei denen der bestehende Platz&#8230;<\/p>\n","protected":false},"author":6,"featured_media":31420,"comment_status":"open","ping_status":"open","sticky":false,"template":"","format":"standard","meta":{"_jetpack_memberships_contains_paid_content":false,"footnotes":""},"categories":[1,32,30,10],"tags":[],"class_list":["post-31419","post","type-post","status-publish","format-standard","has-post-thumbnail","hentry","category-aktuell","category-infos","category-vermischtes","category-unternehmen"],"jetpack_featured_media_url":"https:\/\/www.vdsm.net\/wronline\/wp-content\/uploads\/2023\/09\/PowerShield_1-e1695203609516.jpg","jetpack_sharing_enabled":true,"_links":{"self":[{"href":"https:\/\/www.vdsm.net\/wronline\/wp-json\/wp\/v2\/posts\/31419","targetHints":{"allow":["GET"]}}],"collection":[{"href":"https:\/\/www.vdsm.net\/wronline\/wp-json\/wp\/v2\/posts"}],"about":[{"href":"https:\/\/www.vdsm.net\/wronline\/wp-json\/wp\/v2\/types\/post"}],"author":[{"embeddable":true,"href":"https:\/\/www.vdsm.net\/wronline\/wp-json\/wp\/v2\/users\/6"}],"replies":[{"embeddable":true,"href":"https:\/\/www.vdsm.net\/wronline\/wp-json\/wp\/v2\/comments?post=31419"}],"version-history":[{"count":2,"href":"https:\/\/www.vdsm.net\/wronline\/wp-json\/wp\/v2\/posts\/31419\/revisions"}],"predecessor-version":[{"id":31423,"href":"https:\/\/www.vdsm.net\/wronline\/wp-json\/wp\/v2\/posts\/31419\/revisions\/31423"}],"wp:featuredmedia":[{"embeddable":true,"href":"https:\/\/www.vdsm.net\/wronline\/wp-json\/wp\/v2\/media\/31420"}],"wp:attachment":[{"href":"https:\/\/www.vdsm.net\/wronline\/wp-json\/wp\/v2\/media?parent=31419"}],"wp:term":[{"taxonomy":"category","embeddable":true,"href":"https:\/\/www.vdsm.net\/wronline\/wp-json\/wp\/v2\/categories?post=31419"},{"taxonomy":"post_tag","embeddable":true,"href":"https:\/\/www.vdsm.net\/wronline\/wp-json\/wp\/v2\/tags?post=31419"}],"curies":[{"name":"wp","href":"https:\/\/api.w.org\/{rel}","templated":true}]}}