{"id":31412,"date":"2023-09-15T15:30:52","date_gmt":"2023-09-15T13:30:52","guid":{"rendered":"https:\/\/www.vdsm.net\/wronline\/?p=31412"},"modified":"2023-09-15T15:31:14","modified_gmt":"2023-09-15T13:31:14","slug":"suedwestfalen-festival-zeigt-wie-die-region-vorangeht","status":"publish","type":"post","link":"https:\/\/www.vdsm.net\/wronline\/suedwestfalen-festival-zeigt-wie-die-region-vorangeht\/","title":{"rendered":"S\u00fcdwestfalen Festival zeigt, wie die Region vorangeht"},"content":{"rendered":"<p>In S\u00fcdwestfalen tut sich eine Menge. Mehr noch: eine Menge Gutes. Das S\u00fcdwestfalen Festival entpuppte sich einmal als Ort, um dies live zu erleben und als Treffpunkt f\u00fcr all jene, die sich f\u00fcr die Region engagieren und sie nach vorne bringen wollen. Auf Einladung der S\u00fcdwestfalen Agentur GmbH waren rund 330 G\u00e4ste nach Kreuztal in den Campus Buschh\u00fctten gekommen \u2013 zum bislang umfangreichsten Programm eines S\u00fcdwestfalen Festivals.<\/p>\n<p>Schon im ersten Teil der Veranstaltung wurde es voll auf der B\u00fchne. Die Scheinwerfer waren auf die 3-Sterne-Projekte der REGIONALE 2025 gerichtet. Diese haben bereits F\u00f6rdermittel erhalten und werden umgesetzt. Davon gibt es bereits 15 \u2013 vom Bildungsprojekt f\u00fcr Sch\u00fclerinnen und Sch\u00fcler \u00fcber digitale Unterst\u00fctzung f\u00fcr Vereine hin zum gro\u00dfen Stadtentwicklungs-Vorhaben. In jeweils 90 Sekunden stellten die Verantwortlichen ihre Projekte den G\u00e4sten im Campus Buschh\u00fctten unter den Augen von Ina Scharrenbach, Ministerin f\u00fcr Heimat, Kommunales, Bau und Digitalisierung des Landes Nordrhein-Westfalen, vor.<\/p>\n<p>Die Ministerin bezeichnete in ihrer Begr\u00fc\u00dfung S\u00fcdwestfalen als eine der spannendsten Regionen. \u201eSt\u00e4rke muss man immer weiterentwickeln. Da kann diese Kreativit\u00e4t der Region helfen. Wir haben gemerkt, es sind ganz viele digitale Projekte dabei, die sich aber eben mit Authentizit\u00e4t mischen, also eine feste Heimatverwurzelung haben. Dann wird das Ganze auch nachhaltig und wird dazu beitragen, dass S\u00fcdwestfalen auch in Zukunft eine der st\u00e4rksten Wirtschaftsregionen bleibt\u201c, sagte Ministerin Ina Scharrenbach.<\/p>\n<p>Erstmals gab es beim S\u00fcdwestfalen Festival Gelegenheit, sich noch vor Beginn insgesamt drei Projektbereisungen anzuschlie\u00dfen. Das Angebot, Einblicke in die Arbeit der Projektverantwortlichen der REGIONALE 2025 zu erhalten, war im Vorfeld schnell ausgebucht. Einige Teilnehmerinnen und Teilnehmer der Bereisung besuchten eine Industriebrache in Kreuztal-Ferndorf, die umgestaltet werden soll. Andere informierten sich zur digitalen Erweiterung des Siegerlandmuseums und die dritte Gruppe lernte mehr \u00fcber das Projekt \u201eNatur digital begreifen\u201c. Auf dem Festival-Gel\u00e4nde stand zudem mit \u201eDigitalum unterwegs\u201c ein weiteres REGIONALE-Projekt: der 18 Meter lange Bus, den Akteurinnen und Akteure in Wittgenstein zu einem mobilen Digitallabor umgebaut haben.<\/p>\n<div id=\"attachment_31416\" style=\"width: 310px\" class=\"wp-caption alignright\"><a href=\"https:\/\/www.vdsm.net\/wronline\/wp-content\/uploads\/2023\/09\/Festival_Gruppenbild_Sieger_Kracher_des_Jahres.jpg\"><img loading=\"lazy\" decoding=\"async\" aria-describedby=\"caption-attachment-31416\" class=\"wp-image-31416 size-medium\" src=\"https:\/\/www.vdsm.net\/wronline\/wp-content\/uploads\/2023\/09\/Festival_Gruppenbild_Sieger_Kracher_des_Jahres-300x170.jpg\" alt=\"\" width=\"300\" height=\"170\" \/><\/a><p id=\"caption-attachment-31416\" class=\"wp-caption-text\">Beim S\u00fcdwestfalen Festival wurde per Live-Voting der &#8222;Kracher des Jahres 2023 \u2013 made in S\u00fcdwestfalen&#8220; gek\u00fcrt. In dem Videowettbewerb setzte sich am Ende die HQ Europe GmbH aus Iserlohn durch.<\/p><\/div>\n<p>Das B\u00fchnenprogramm wurde knapp gehalten, damit an den St\u00e4nden gen\u00fcgend Zeit blieb zum Austauschen und Vernetzen. Umgeben von Food Trucks kamen die Besucherinnen und Besucher schnell ins Gespr\u00e4ch, etwa zu Smart Cities, zum neuen Coworking-Projekt \u201eHub45 \u2013 Neue Orte des digitalen Arbeitens\u201c und zum aktuellen Stand der Mobilit\u00e4tsstrategie f\u00fcr S\u00fcdwestfalen. In allen genannten Projekten ist die S\u00fcdwestfalen Agentur GmbH involviert. Sie organisierte das Festival und konnte die Veranstaltung am Rande auch nutzen, um im Beisein ihrer sechs Gesellschafter \u2013 den f\u00fcnf Kreisen S\u00fcdwestfalens sowie dem Verein \u201eWirtschaft f\u00fcr S\u00fcdwestfalen \u2013 auf ihr 15-j\u00e4hriges Bestehen anzusto\u00dfen.<\/p>\n<p>Das Miteinander von Politik, Wirtschaft und Gesellschaft spiegelte sich auch darin, wider, dass die Mitgliederversammlung des Vereins \u201eWirtschaft f\u00fcr S\u00fcdwestfalen\u201c in das Festival integriert wurde. Der Verein z\u00e4hlt inzwischen fast 400 Unternehmen. Sie unterst\u00fctzen so das Regionalmarketing f\u00fcr S\u00fcdwestfalen, das beim Festival ebenfalls zahlreiche Projekte vorstellte. In eines der Projekte waren die G\u00e4ste direkt eingebunden. Sie k\u00fcrten mit einem Live-Voting den Sieger im Videowettbewerb \u201eKracher des Jahres 2023 \u2013 made in S\u00fcdwestfalen\u201c. 20.000 Mal wurden die Videos der teilnehmenden Unternehmen zu Produkten, auf die sie stolz sind, in den vergangenen Wochen online aufgerufen. Am Ende setzte sich die HQ-Europe GmbH aus Iserlohn mit dem Clip zu ihren smarten T\u00fcrbremse durch.<\/p>\n<p>Eine Galerie mit Fotos der Veranstaltung und ein R\u00fcckblicksvideo finden sich hier: <a href=\"https:\/\/infos.suedwestfalen.com\/c\/86998222\/0a256ff41-s110pp\" target=\"_blank\" rel=\"noopener\">www.suedwestfalen-agentur.com\/festival_2023<\/a>.<\/p>\n<p>Text:\u00a0<a href=\"https:\/\/www.suedwestfalen-agentur.com\/\" target=\"_blank\" rel=\"noopener\">S\u00fcdwestfalen Agentur<\/a>; Fotos: Patrick Bonzel \/ S\u00fcdwestfalen Agentur GmbH<\/p>\n","protected":false},"excerpt":{"rendered":"<p>In S\u00fcdwestfalen tut sich eine Menge. Mehr noch: eine Menge Gutes. Das S\u00fcdwestfalen Festival entpuppte sich einmal als Ort, um dies live zu erleben und&#8230;<\/p>\n","protected":false},"author":6,"featured_media":31415,"comment_status":"open","ping_status":"open","sticky":false,"template":"","format":"standard","meta":{"_jetpack_memberships_contains_paid_content":false,"footnotes":""},"categories":[1,32,30,11],"tags":[],"class_list":["post-31412","post","type-post","status-publish","format-standard","has-post-thumbnail","hentry","category-aktuell","category-infos","category-vermischtes","category-regionale-wirtschaft"],"jetpack_featured_media_url":"https:\/\/www.vdsm.net\/wronline\/wp-content\/uploads\/2023\/09\/FESTIV1-scaled-e1694784478535.jpg","jetpack_sharing_enabled":true,"_links":{"self":[{"href":"https:\/\/www.vdsm.net\/wronline\/wp-json\/wp\/v2\/posts\/31412","targetHints":{"allow":["GET"]}}],"collection":[{"href":"https:\/\/www.vdsm.net\/wronline\/wp-json\/wp\/v2\/posts"}],"about":[{"href":"https:\/\/www.vdsm.net\/wronline\/wp-json\/wp\/v2\/types\/post"}],"author":[{"embeddable":true,"href":"https:\/\/www.vdsm.net\/wronline\/wp-json\/wp\/v2\/users\/6"}],"replies":[{"embeddable":true,"href":"https:\/\/www.vdsm.net\/wronline\/wp-json\/wp\/v2\/comments?post=31412"}],"version-history":[{"count":4,"href":"https:\/\/www.vdsm.net\/wronline\/wp-json\/wp\/v2\/posts\/31412\/revisions"}],"predecessor-version":[{"id":31418,"href":"https:\/\/www.vdsm.net\/wronline\/wp-json\/wp\/v2\/posts\/31412\/revisions\/31418"}],"wp:featuredmedia":[{"embeddable":true,"href":"https:\/\/www.vdsm.net\/wronline\/wp-json\/wp\/v2\/media\/31415"}],"wp:attachment":[{"href":"https:\/\/www.vdsm.net\/wronline\/wp-json\/wp\/v2\/media?parent=31412"}],"wp:term":[{"taxonomy":"category","embeddable":true,"href":"https:\/\/www.vdsm.net\/wronline\/wp-json\/wp\/v2\/categories?post=31412"},{"taxonomy":"post_tag","embeddable":true,"href":"https:\/\/www.vdsm.net\/wronline\/wp-json\/wp\/v2\/tags?post=31412"}],"curies":[{"name":"wp","href":"https:\/\/api.w.org\/{rel}","templated":true}]}}