{"id":31257,"date":"2023-08-11T14:24:53","date_gmt":"2023-08-11T12:24:53","guid":{"rendered":"https:\/\/www.vdsm.net\/wronline\/?p=31257"},"modified":"2023-08-11T14:25:12","modified_gmt":"2023-08-11T12:25:12","slug":"verlaessliche-politik-als-grundpfeiler-fuer-stabilitaet-und-fortschritt-der-wirtschaft","status":"publish","type":"post","link":"https:\/\/www.vdsm.net\/wronline\/verlaessliche-politik-als-grundpfeiler-fuer-stabilitaet-und-fortschritt-der-wirtschaft\/","title":{"rendered":"Verl\u00e4ssliche Politik als Grundpfeiler f\u00fcr Stabilit\u00e4t und Fortschritt der Wirtschaft"},"content":{"rendered":"<p>Die Unternehmerinnen und Unternehmer im Kreis Olpe waren \u00e4u\u00dferst erfreut, dass Mona Neubaur, Ministerin f\u00fcr Wirtschaft, Industrie, Klimaschutz und Energie des Landes Nordrhein-Westfalen und stellvertretende Ministerpr\u00e4sidentin, nicht nur der Einladung zur Unternehmertagung 2023 in der Stadthalle Olpe gefolgt ist, sondern auch, dass sie sich am Folgetag mit einer Delegation des Arbeitgeberverbandes f\u00fcr den Kreis Olpe e.V. traf. Zusammen mit den Mitgliedern des Vorstands sowie Tarifausschuss Metall besuchte die Ministerin die Unternehmen MENNEKES Elektrotechnik GmbH &amp; Co. KG sowie Gebr. Kemper GmbH + Co. KG.<\/p>\n<p>Christopher Mennekes, gesch\u00e4ftsf\u00fchrender Gesellschafter der MENNEKES-Gruppe, zeigte Ministerin Neubaur bei einem Rundgang Firmengel\u00e4nde und Teile der Produktion am Standort in Welschen Ennest. Die Wirtschaftsministerin konnte sich zudem ein Bild von der in S\u00fcdwestfalen einzigartigen Ladeinfrastruktur auf dem MENNEKES-Parkplatz machen. An bereits 50 von insgesamt 100 geplanten Ladepunkten k\u00f6nnen Mitarbeiter und G\u00e4ste ihre Elektroautos laden.<\/p>\n<div id=\"attachment_31259\" style=\"width: 310px\" class=\"wp-caption alignright\"><a href=\"https:\/\/www.vdsm.net\/wronline\/wp-content\/uploads\/2023\/08\/DSCN2709-scaled.jpg\"><img loading=\"lazy\" decoding=\"async\" aria-describedby=\"caption-attachment-31259\" class=\"wp-image-31259 size-medium\" src=\"https:\/\/www.vdsm.net\/wronline\/wp-content\/uploads\/2023\/08\/DSCN2709-300x225.jpg\" alt=\"\" width=\"300\" height=\"225\" \/><\/a><p id=\"caption-attachment-31259\" class=\"wp-caption-text\">Als zweite Station stand f\u00fcr Mona Neubaur, Ministerin f\u00fcr Wirtschaft, Industrie, Klimaschutz und Energie des Landes Nordrhein-Westfalen und stellvertretende Ministerpr\u00e4sidentin, das Unternehmen Gebr. Kemper GmbH + Co. KG in Olpe auf dem Programm.<\/p><\/div>\n<p>Als zweite Station stand das Unternehmen Gebr. Kemper GmbH + Co. KG in Olpe auf dem Programm. Tessa Bertram, Vorsitzende des Beirats der Gebr. Kemper GmbH + Co KG, hob in ihren einf\u00fchrenden Worten die Verantwortung eines in f\u00fcnfter Generation gef\u00fchrten Familienunternehmens f\u00fcr die Besch\u00e4ftigten, ihre Familien sowie die Region hervor. Nach der Vorstellung der einzelnen Gesch\u00e4ftsbereiche und dem Austausch mit der Ministerin \u00fcber die aktuellen Herausforderungen durch die bestehende Energiekostensituation, rundete ein Rundgang durch den Gesch\u00e4ftsbereich Walzprodukte den Besuch von Ministerin Neubaur ab.<\/p>\n<p>Noch am Vortag hatte Christopher Mennekes in seiner Funktion als Vorsitzender des Arbeitgeberverbandes f\u00fcr den Kreis Olpe e.V. in seiner Begr\u00fc\u00dfungsrede anl\u00e4sslich der Unternehmertagung &#8211; um die Worte von Ministerin Neubaur zur zitieren &#8211; \u201echarmant Kritik\u201c ge\u00fcbt, indem er mit freundlichen Worten und dem Ansatz gemeinsam L\u00f6sungen f\u00fcr die gro\u00dfen Herausforderungen wie Fach- und Arbeitskr\u00e4ftemangel, Energiekosten sowie Infrastruktur zu finden, die notwendige Zusammenarbeit zwischen Politik und Wirtschaft betonte.<\/p>\n<p>Dieser konstruktiv kritische aber dennoch kollaborative Ton war auch f\u00fcr die Gespr\u00e4che am Folgetag kennzeichnend. Der Austausch machte deutlich, dass Wirtschaft und Landesregierung sich darin einig sind, dass es gemeinsame Wege zur L\u00f6sung der gro\u00dfen Probleme bedarf. Vor diesem Hintergrund wurden w\u00e4hrend des Unternehmensbesuches bei der Firma Mennekes das Thema Elektromobilit\u00e4t mit den Herausforderungen F\u00f6rderpolitik, aktuelle Stimmung, Marktlage sowie technologische Entwicklung vertieft, w\u00e4hrend es bei der Firma Kemper mit den dort prozessbedingt hohen Strom- und Gaskosten um die Sorgen der Unternehmerinnen und Unternehmer hinsichtlich der aktuellen Energiepreisniveaus vor dem Hintergrund der bestehenden globalen Markt- und Wettbewerbssituation ging.<\/p>\n<p>Die Unternehmerinnen und Unternehmen brachten zum Ausdruck, dass vieles von einer verl\u00e4sslichen Politik abh\u00e4nge, die zudem Orientierung biete. Unerl\u00e4sslich sei eine zielgerichtete Anreizpolitik. Im Gespr\u00e4ch wurde deutlich, dass die aktuelle F\u00f6rderkulisse oftmals eher zu Verunsicherung beitrage. Insbesondere im Bereich der F\u00f6rderung wichtiger Zukunftstechnologien wie Ladeinfrastruktur und W\u00e4rmepumpen habe sich gezeigt, dass unklare Rahmenbedingungen und h\u00e4ufige \u00c4nderungen Investitionen und Entwicklungen behindern k\u00f6nnen. Hier w\u00fcrde eine verl\u00e4ssliche Politik nicht nur dazu beitragen, notwendige Investitionen zu t\u00e4tigen, sondern auch die dringend ben\u00f6tigte Transformation hin zu nachhaltigen Energiequellen zu beschleunigen. Zudem trete Politik in solchen F\u00e4llen als Nachfrager auf, was zu Verzerrungen der freien Marktwirtschaft f\u00fchren k\u00f6nne. Gerade wenn Unternehmen durch F\u00f6rderprogramme und die damit hervorgerufenen (Zusatz-)Bedarfe Kapazit\u00e4ten in Anlagen sowie Besch\u00e4ftigung aufbauen, ist der beim Wegfall der F\u00f6rderung entstehende Nachfrager\u00fcckgang nicht ohne weiteres abzufedern. F\u00f6rderpolitik muss demzufolge so ausgestaltet werden, dass sie langfristig wirkt, Unsicherheiten reduziert und Verl\u00e4sslichkeit bei allen Beteiligten schafft. Dabei sollte Politik durch eine gezielte F\u00f6rderung &#8211; wo erforderlich &#8211; Impulse setzen, ohne langfristig die Gesetze der freien Marktwirtschaft abzukoppeln.<\/p>\n<p>Bez\u00fcglich der aktuellen Situation der Energiepreise sieht auch Ministerin Neubaur dringenden Handlungsbedarf und \u00e4u\u00dfert die Hoffnung, dass die notwendigen Entscheidungen auf Bundesebene jetzt schnellstm\u00f6glich getroffen werden und man von der Diskussion zur Umsetzung komme.<\/p>\n<p>Im Gespr\u00e4ch mit den Unternehmerinnen und Unternehmern zollte Ministerin Neubaur der \u00f6rtlichen Wirtschaft erneut Ihren Respekt. Gerade die beiden Betriebsrundg\u00e4nge in den Unternehmen zeigten doch eindrucksvoll, was bereits von den Unternehmen geleistet werde, um den zuk\u00fcnftigen Herausforderungen zu begegnen und den Prozess der Dekarbonisierung aktiv mitzugestalten.<\/p>\n<p>Der offene und konstruktive Austausch zeigte, dass mit Mona Neubaur eine Wirtschaftsministerin in Nordrhein-Westfalen angetreten ist, die sich Zeit nimmt, mit offenen Ohren den Sorgen und N\u00f6ten der Wirtschaft sehr genau zuh\u00f6rt und mit viel Pragmatismus an den notwendigen L\u00f6sungen mitwirkt.<\/p>\n<p>Text und Fotos: Arbeitgeberverband f\u00fcr den Kreis Olpe e.V.<\/p>\n","protected":false},"excerpt":{"rendered":"<p>Die Unternehmerinnen und Unternehmer im Kreis Olpe waren \u00e4u\u00dferst erfreut, dass Mona Neubaur, Ministerin f\u00fcr Wirtschaft, Industrie, Klimaschutz und Energie des Landes Nordrhein-Westfalen und stellvertretende&#8230;<\/p>\n","protected":false},"author":6,"featured_media":31258,"comment_status":"open","ping_status":"open","sticky":false,"template":"","format":"standard","meta":{"_jetpack_memberships_contains_paid_content":false,"footnotes":""},"categories":[1,32,30,11],"tags":[],"class_list":["post-31257","post","type-post","status-publish","format-standard","has-post-thumbnail","hentry","category-aktuell","category-infos","category-vermischtes","category-regionale-wirtschaft"],"jetpack_featured_media_url":"https:\/\/www.vdsm.net\/wronline\/wp-content\/uploads\/2023\/08\/02_mennekes_besuch_mona_neubaur_139.jpg","jetpack_sharing_enabled":true,"_links":{"self":[{"href":"https:\/\/www.vdsm.net\/wronline\/wp-json\/wp\/v2\/posts\/31257","targetHints":{"allow":["GET"]}}],"collection":[{"href":"https:\/\/www.vdsm.net\/wronline\/wp-json\/wp\/v2\/posts"}],"about":[{"href":"https:\/\/www.vdsm.net\/wronline\/wp-json\/wp\/v2\/types\/post"}],"author":[{"embeddable":true,"href":"https:\/\/www.vdsm.net\/wronline\/wp-json\/wp\/v2\/users\/6"}],"replies":[{"embeddable":true,"href":"https:\/\/www.vdsm.net\/wronline\/wp-json\/wp\/v2\/comments?post=31257"}],"version-history":[{"count":2,"href":"https:\/\/www.vdsm.net\/wronline\/wp-json\/wp\/v2\/posts\/31257\/revisions"}],"predecessor-version":[{"id":31370,"href":"https:\/\/www.vdsm.net\/wronline\/wp-json\/wp\/v2\/posts\/31257\/revisions\/31370"}],"wp:featuredmedia":[{"embeddable":true,"href":"https:\/\/www.vdsm.net\/wronline\/wp-json\/wp\/v2\/media\/31258"}],"wp:attachment":[{"href":"https:\/\/www.vdsm.net\/wronline\/wp-json\/wp\/v2\/media?parent=31257"}],"wp:term":[{"taxonomy":"category","embeddable":true,"href":"https:\/\/www.vdsm.net\/wronline\/wp-json\/wp\/v2\/categories?post=31257"},{"taxonomy":"post_tag","embeddable":true,"href":"https:\/\/www.vdsm.net\/wronline\/wp-json\/wp\/v2\/tags?post=31257"}],"curies":[{"name":"wp","href":"https:\/\/api.w.org\/{rel}","templated":true}]}}