{"id":31243,"date":"2023-08-09T11:31:23","date_gmt":"2023-08-09T09:31:23","guid":{"rendered":"https:\/\/www.vdsm.net\/wronline\/?p=31243"},"modified":"2023-08-09T11:31:23","modified_gmt":"2023-08-09T09:31:23","slug":"prof-reese-wird-neue-rektorin-der-universitaet-siegen","status":"publish","type":"post","link":"https:\/\/www.vdsm.net\/wronline\/prof-reese-wird-neue-rektorin-der-universitaet-siegen\/","title":{"rendered":"Prof. Reese wird neue Rektorin der Universit\u00e4t Siegen"},"content":{"rendered":"<p>Die neue Rektorin der Universit\u00e4t Siegen hei\u00dft Prof. Dr. Stefanie Reese. Die Hochschulwahlversammlung w\u00e4hlte die Mechanik-Professorin am 8. August 2023 und entschied damit das Verfahren zur Besetzung der Rektorenstelle. Reese wird Nachfolgerin von Prof. Dr. Holger Burckhart, der nach drei erfolgreichen Amtszeiten keine Wiederwahl angestrebt hatte. Am 30. September 2023 endet die Amtszeit von Prof. Burckhart nach dann 14 Jahren an der Spitze der Universit\u00e4t. Die Hochschulwahlversammlung hat nun entschieden, dass Prof. Stefanie Reese in den n\u00e4chsten sechs Jahren als neue Rektorin die Geschicke der Universit\u00e4t leiten soll.<\/p>\n<div id=\"attachment_31245\" style=\"width: 210px\" class=\"wp-caption alignright\"><a href=\"https:\/\/www.vdsm.net\/wronline\/wp-content\/uploads\/2023\/08\/prof_reese_vortrag-scaled.jpg\"><img loading=\"lazy\" decoding=\"async\" aria-describedby=\"caption-attachment-31245\" class=\"size-medium wp-image-31245\" src=\"https:\/\/www.vdsm.net\/wronline\/wp-content\/uploads\/2023\/08\/prof_reese_vortrag-200x300.jpg\" alt=\"\" width=\"200\" height=\"300\" srcset=\"https:\/\/www.vdsm.net\/wronline\/wp-content\/uploads\/2023\/08\/prof_reese_vortrag-200x300.jpg 200w, https:\/\/www.vdsm.net\/wronline\/wp-content\/uploads\/2023\/08\/prof_reese_vortrag-683x1024.jpg 683w, https:\/\/www.vdsm.net\/wronline\/wp-content\/uploads\/2023\/08\/prof_reese_vortrag-768x1152.jpg 768w, https:\/\/www.vdsm.net\/wronline\/wp-content\/uploads\/2023\/08\/prof_reese_vortrag-1024x1536.jpg 1024w, https:\/\/www.vdsm.net\/wronline\/wp-content\/uploads\/2023\/08\/prof_reese_vortrag-1365x2048.jpg 1365w, https:\/\/www.vdsm.net\/wronline\/wp-content\/uploads\/2023\/08\/prof_reese_vortrag-scaled.jpg 1707w\" sizes=\"auto, (max-width: 200px) 100vw, 200px\" \/><\/a><p id=\"caption-attachment-31245\" class=\"wp-caption-text\">Die Hochschulwahlversammlung hat entschieden, dass Prof. Stefanie Reese in den n\u00e4chsten sechs Jahren als neue Rektorin die Geschicke der Universit\u00e4t leiten soll.<\/p><\/div>\n<p>\u201eIch freue mich unglaublich \u00fcber die Wahl als Rektorin und auf die Arbeit \u2013 eine tolle Uni, eine tolle Stadt, eine tolle Region. Die kommenden Jahre m\u00f6chte ich mit Verl\u00e4sslichkeit, Wertsch\u00e4tzung und Offenheit gestalten und Menschen f\u00fcr Siegen und die Universit\u00e4t begeistern. Ideen und Strategien in positive Ver\u00e4nderungen umsetzen, macht mir gro\u00dfe Freude\u201c, sagte Prof. Dr. Stefanie Reese.<\/p>\n<p>\u201eMit Frau Prof. Stefanie Reese gewinnen wir eine exzellente Forscherin mit hervorragenden Qualit\u00e4ten f\u00fcr die Leitung der Universit\u00e4t Siegen. Sie wird neue Impulse setzen und mit einem klugen Konzept die \u00fcberaus erfolgreiche Entwicklung der Universit\u00e4t unter Prof. Holger Burckhart fortsetzen\u201c, erkl\u00e4rte Arndt G. Kirchhoff, der Vorsitzende des Hochschulrats der Universit\u00e4t Siegen.<\/p>\n<p>\u201eFrau Prof. Reese hat uns mit ihrem Konzept und dem Fokus auf die innere Entwicklung der Universit\u00e4t \u00fcberzeugt. Wir sind sicher, dass Frau Reese die Universit\u00e4t mit ihrem Engagement, ihrer Authentizit\u00e4t und ihrer Expertise weiterbringen wird\u201c, sagte Prof. Dr. Bernd Engel, Sprecher des Senats der Universit\u00e4t.<\/p>\n<p>\u201eWir hatten hervorragende Bewerberinnen und Bewerber. In der Findungskommission haben wir uns schlie\u00dflich einstimmig f\u00fcr Prof. Reese entschieden. Wir freuen uns, dass sie alle Beteiligten begeistert und die Wahl so eindeutig f\u00fcr sich entschieden hat\u201c, sagte Prof. Dr. Jutta Wiesemann, Sprecherin der Findungskommission.<\/p>\n<p>Die Hochschulwahlversammlung, die sich jeweils zur H\u00e4lfte aus den Mitgliedern des Senats und des Hochschulrats zusammensetzt, w\u00e4hlte Prof. Reese mit \u00fcberw\u00e4ltigender Mehrheit im 1. Wahlgang. Nach der erfolgreichen Wahl muss Prof. Reese noch vom Ministerium f\u00fcr Kultur und Wissenschaft (MKW) ernannt werden. Das Verfahren zur Besetzung der Rektorenstelle war von einer Findungskommission vorbereitet worden. Sie hatte der Hochschulwahlversammlung einen Wahlvorschlag gem\u00e4\u00df Hochschulgesetz und Grundordnung vorgelegt und Prof. Reese einstimmig auf einer Einerliste zur Wahl vorgeschlagen.<\/p>\n<p><em>Zur Person<\/em><\/p>\n<p>Prof. Dr. Stefanie Reese (58) studierte von 1984 bis 1990 Bauingenieurwesen an der Leibniz Universit\u00e4t Hannover und promovierte 1994 an der TU Darmstadt. Nach ihrer T\u00e4tigkeit als Hochschulassistentin an der TU Darmstadt und Oberingenieurin an der Leibniz Universit\u00e4t Hannover, unterbrochen durch Forschungsaufenthalte an der University of California (Berkeley, CA, USA) und an der University of Cape Town (Kapstadt, S\u00fcdafrika), folgte 2000 die Habilitation im Fach Mechanik. Im gleichen Jahr wurde sie als erste Frau in Deutschland auf eine Professur f\u00fcr Mechanik an der Ruhr-Universit\u00e4t Bochum berufen. 2005 wechselte Frau Prof. Reese an die TU Braunschweig. Seit 2009 hat sie die Professur f\u00fcr Angewandte Mechanik an der RWTH Aachen inne. Zwei weitere Rufe ins Ausland, unter anderem an die ETH Z\u00fcrich, lehnte sie ab.<\/p>\n<p><em>Bisher erfolgte Schritte im Verfahren<\/em><\/p>\n<p>Die Wahl ist durch eine Findungskommission vorbereitet worden, die aus je drei Mitgliedern des Senats und drei Mitgliedern des Hochschulrats besteht. Zudem ist Dr. Elisabeth Heinrich als Gleichstellungsbeauftragte der Universit\u00e4t beratendes Mitglied der Findungskommission. Sprecherin der Findungskommission ist Prof. Dr. Jutta Wiesemann.<\/p>\n<p>Die Findungskommission hatte eine Stellenausschreibung erarbeitet, die von der Hochschulwahlversammlung verabschiedet und anschlie\u00dfend ver\u00f6ffentlicht wurde. Die Bewerbungsfrist endete am 15. Mai 2023. Die Findungskommission sichtete 19 eingegangene Bewerbungen, f\u00fchrte Gespr\u00e4che mit sieben Kandidatinnen und Kandidaten und legte der Hochschulwahlversammlung am 10. Juli 2023 einen Wahlvorschlag vor.<\/p>\n<p>Vorangegangen war die ergebnislose Wahl am 24. Januar 2023, als keiner der vorgeschlagenen Bewerber*innen eine Mehrheit fand. Das Verfahren zur Nachbesetzung der Rektorenstelle und der Wahl eines neuen Rektors oder einer neuen Rektorin war in der Folge neu gestartet worden.<\/p>\n<p>Text und Fotos: <a href=\"https:\/\/www.uni-siegen.de\/start\/\" target=\"_blank\" rel=\"noopener\">Universit\u00e4t Siegen<\/a><\/p>\n","protected":false},"excerpt":{"rendered":"<p>Die neue Rektorin der Universit\u00e4t Siegen hei\u00dft Prof. Dr. Stefanie Reese. Die Hochschulwahlversammlung w\u00e4hlte die Mechanik-Professorin am 8. August 2023 und entschied damit das Verfahren&#8230;<\/p>\n","protected":false},"author":6,"featured_media":31244,"comment_status":"open","ping_status":"open","sticky":false,"template":"","format":"standard","meta":{"_jetpack_memberships_contains_paid_content":false,"footnotes":""},"categories":[8,32,30],"tags":[],"class_list":["post-31243","post","type-post","status-publish","format-standard","has-post-thumbnail","hentry","category-ausbildung","category-infos","category-vermischtes"],"jetpack_featured_media_url":"https:\/\/www.vdsm.net\/wronline\/wp-content\/uploads\/2023\/08\/prof_reese_gruppe-scaled.jpeg","jetpack_sharing_enabled":true,"_links":{"self":[{"href":"https:\/\/www.vdsm.net\/wronline\/wp-json\/wp\/v2\/posts\/31243","targetHints":{"allow":["GET"]}}],"collection":[{"href":"https:\/\/www.vdsm.net\/wronline\/wp-json\/wp\/v2\/posts"}],"about":[{"href":"https:\/\/www.vdsm.net\/wronline\/wp-json\/wp\/v2\/types\/post"}],"author":[{"embeddable":true,"href":"https:\/\/www.vdsm.net\/wronline\/wp-json\/wp\/v2\/users\/6"}],"replies":[{"embeddable":true,"href":"https:\/\/www.vdsm.net\/wronline\/wp-json\/wp\/v2\/comments?post=31243"}],"version-history":[{"count":1,"href":"https:\/\/www.vdsm.net\/wronline\/wp-json\/wp\/v2\/posts\/31243\/revisions"}],"predecessor-version":[{"id":31246,"href":"https:\/\/www.vdsm.net\/wronline\/wp-json\/wp\/v2\/posts\/31243\/revisions\/31246"}],"wp:featuredmedia":[{"embeddable":true,"href":"https:\/\/www.vdsm.net\/wronline\/wp-json\/wp\/v2\/media\/31244"}],"wp:attachment":[{"href":"https:\/\/www.vdsm.net\/wronline\/wp-json\/wp\/v2\/media?parent=31243"}],"wp:term":[{"taxonomy":"category","embeddable":true,"href":"https:\/\/www.vdsm.net\/wronline\/wp-json\/wp\/v2\/categories?post=31243"},{"taxonomy":"post_tag","embeddable":true,"href":"https:\/\/www.vdsm.net\/wronline\/wp-json\/wp\/v2\/tags?post=31243"}],"curies":[{"name":"wp","href":"https:\/\/api.w.org\/{rel}","templated":true}]}}