{"id":31182,"date":"2023-07-31T15:49:11","date_gmt":"2023-07-31T13:49:11","guid":{"rendered":"https:\/\/www.vdsm.net\/wronline\/?p=31182"},"modified":"2023-07-31T15:50:00","modified_gmt":"2023-07-31T13:50:00","slug":"technik-erleben-bei-siegenia","status":"publish","type":"post","link":"https:\/\/www.vdsm.net\/wronline\/technik-erleben-bei-siegenia\/","title":{"rendered":"\u201eTechnik erleben bei SIEGENIA\u201c"},"content":{"rendered":"<p>Mit einer spannenden Aktion gestaltete SIEGENIA abwechslungsreiche Ferientage f\u00fcr Jugendliche aus der Region: Unter dem Motto \u201eTechnik erleben bei SIEGENIA\u201c lud das Siegerl\u00e4nder Unternehmen Sch\u00fclerinnen und Sch\u00fcler an den Hauptstandort in Wilnsdorf-Niederdielfen ein, um ihnen einen ebenso unterhaltsamen wie lehrreichen Einblick in das Unternehmen und seine technischen Berufsbilder zu geben. \u201eImmer wieder stellen wir fest, dass es jungen Menschen nach dem Schulabschluss an Orientierung fehlt. In Form von Sch\u00fclerpraktika unterst\u00fctzen wir sie bereits seit langem bei der Berufswahl. Ziel der Ferienaktion ist es, junge Menschen bereits fr\u00fch an technische Berufsbilder heranzuf\u00fchren\u201c, schildert Lukas L\u00f6hr, Technischer Ausbilder bei SIEGENIA.<\/p>\n<div id=\"attachment_31184\" style=\"width: 310px\" class=\"wp-caption alignright\"><a href=\"https:\/\/www.vdsm.net\/wronline\/wp-content\/uploads\/2023\/07\/SIE_Ferienaktion-2023_8254-scaled.jpg\"><img loading=\"lazy\" decoding=\"async\" aria-describedby=\"caption-attachment-31184\" class=\"size-medium wp-image-31184\" src=\"https:\/\/www.vdsm.net\/wronline\/wp-content\/uploads\/2023\/07\/SIE_Ferienaktion-2023_8254-300x216.jpg\" alt=\"\" width=\"300\" height=\"216\" srcset=\"https:\/\/www.vdsm.net\/wronline\/wp-content\/uploads\/2023\/07\/SIE_Ferienaktion-2023_8254-300x216.jpg 300w, https:\/\/www.vdsm.net\/wronline\/wp-content\/uploads\/2023\/07\/SIE_Ferienaktion-2023_8254-1024x737.jpg 1024w, https:\/\/www.vdsm.net\/wronline\/wp-content\/uploads\/2023\/07\/SIE_Ferienaktion-2023_8254-768x553.jpg 768w, https:\/\/www.vdsm.net\/wronline\/wp-content\/uploads\/2023\/07\/SIE_Ferienaktion-2023_8254-1536x1106.jpg 1536w, https:\/\/www.vdsm.net\/wronline\/wp-content\/uploads\/2023\/07\/SIE_Ferienaktion-2023_8254-2048x1475.jpg 2048w\" sizes=\"auto, (max-width: 300px) 100vw, 300px\" \/><\/a><p id=\"caption-attachment-31184\" class=\"wp-caption-text\">Gemeinsam mit Wieland Frank (r,), Gesch\u00e4ftsf\u00fchrender Gesellschafter von SIEGENIA, machte sich Hannes Gieseler (l.), B\u00fcrgermeister der Gemeinde Wilnsdorf, an einem der Veranstaltungstage ein pers\u00f6nliches Bild von der Ferienaktion.<\/p><\/div>\n<p>In Kooperation mit der Gemeinde Wilnsdorf rief SIEGENIA f\u00fcr Juli zwei Termine f\u00fcr das Ferienprogramm der ans\u00e4ssigen Jugendlichen ins Leben. Von der Bereitschaft des Siegerl\u00e4nder Unternehmens angetan, besuchte Hannes Gieseler, B\u00fcrgermeister der Gemeinde Wilnsdorf, den letzten Aktionstag pers\u00f6nlich. Vor Ort begr\u00fc\u00dft wurde er von Wieland Frank, Gesch\u00e4ftsf\u00fchrender Gesellschafter von SIEGENIA.<\/p>\n<p>Erg\u00e4nzend initiierte das Unternehmen einen zus\u00e4tzlichen Schnuppertag f\u00fcr Kinder seiner Mitarbeitenden. \u201eAls zertifiziertes \u201aFamilienfreundliches Unternehmen\u2018 liegt uns das Wohlergehen unserer Mitarbeitenden am Herzen\u201c, schildert Ausbildungsleiterin Nina Herter. \u201eMit der Ferienaktion f\u00fcr Jugendliche haben wir das pandemiebedingt ausgesetzte Vorhaben, attraktive Angebote zur Ferienbetreuung bereitzustellen, aufleben lassen und in diesem Jahr erste Ideen dazu umgesetzt.\u201c<\/p>\n<h4>Von der ersten Idee zum fertigen Miniaturauto<\/h4>\n<div id=\"attachment_31185\" style=\"width: 310px\" class=\"wp-caption alignleft\"><a href=\"https:\/\/www.vdsm.net\/wronline\/wp-content\/uploads\/2023\/07\/SIE_Ferienaktion-2023_8110-scaled-e1690811288726.jpg\"><img loading=\"lazy\" decoding=\"async\" aria-describedby=\"caption-attachment-31185\" class=\"size-medium wp-image-31185\" src=\"https:\/\/www.vdsm.net\/wronline\/wp-content\/uploads\/2023\/07\/SIE_Ferienaktion-2023_8110-scaled-e1690811288726-300x216.jpg\" alt=\"\" width=\"300\" height=\"216\" srcset=\"https:\/\/www.vdsm.net\/wronline\/wp-content\/uploads\/2023\/07\/SIE_Ferienaktion-2023_8110-scaled-e1690811288726-300x216.jpg 300w, https:\/\/www.vdsm.net\/wronline\/wp-content\/uploads\/2023\/07\/SIE_Ferienaktion-2023_8110-scaled-e1690811288726-768x553.jpg 768w, https:\/\/www.vdsm.net\/wronline\/wp-content\/uploads\/2023\/07\/SIE_Ferienaktion-2023_8110-scaled-e1690811288726.jpg 777w\" sizes=\"auto, (max-width: 300px) 100vw, 300px\" \/><\/a><p id=\"caption-attachment-31185\" class=\"wp-caption-text\">Unterst\u00fctzt von den Auszubildenden bei SIEGENIA arbeiteten die Jugendlichen an der Fertigstellung des SIEGENIA-Autos, ein Miniaturmodell mit Firmenlogo.<\/p><\/div>\n<p>F\u00fcr die Gestaltung der drei Techniktage hatte sich das Ausbilderteam ein spannendes Programm einfallen lassen. Gemeinsam mit ihren G\u00e4sten entwarfen die Ausbilder zun\u00e4chst ein 3D-Modell f\u00fcr ein SIEGENIA-Auto, ein Miniaturmodell mit Firmenlogo. Hautnah erlebten die Jugendlichen anschlie\u00dfend, wie ihre kreativen Designideen w\u00e4hrend des 3D-Drucks Schritt f\u00fcr Schritt sichtbar wurden \u2013 ein beeindruckendes Erlebnis.<\/p>\n<p>Nach einem Rundgang durch das Ausstellungszentrum und einem Mittagessen besch\u00e4ftigten sich die Sch\u00fclerinnen und Sch\u00fcler unter Federf\u00fchrung der Azubis von SIEGENIA mit der Fertigung des Untergestells. Mit Feuereifer feilten, k\u00f6rnten, bohrten und schnitten sie die einzelnen Bauteile und lernten dadurch zahlreiche handwerkliche Fertigkeiten kennen. Kr\u00f6nender H\u00f6hepunkt war die Endmontage des Autos, das die potenziellen zuk\u00fcnftigen Auszubildenden durchweg begeisterte. Abgerundet wurde das Tagesprogramm durch eine Werksf\u00fchrung, die einen lebendigen Einblick in die Produktionsabl\u00e4ufe und Prozesse bei SIEGENIA vermittelte.<\/p>\n<p>Text und Foto:\u00a0<a href=\"https:\/\/www.siegenia.com\/de\" target=\"_blank\" rel=\"noopener\">SIEGENIA-AUBI KG<\/a><\/p>\n","protected":false},"excerpt":{"rendered":"<p>Mit einer spannenden Aktion gestaltete SIEGENIA abwechslungsreiche Ferientage f\u00fcr Jugendliche aus der Region: Unter dem Motto \u201eTechnik erleben bei SIEGENIA\u201c lud das Siegerl\u00e4nder Unternehmen Sch\u00fclerinnen&#8230;<\/p>\n","protected":false},"author":6,"featured_media":31183,"comment_status":"open","ping_status":"open","sticky":false,"template":"","format":"standard","meta":{"_jetpack_memberships_contains_paid_content":false,"footnotes":""},"categories":[1,32,30,10],"tags":[],"class_list":["post-31182","post","type-post","status-publish","format-standard","has-post-thumbnail","hentry","category-aktuell","category-infos","category-vermischtes","category-unternehmen"],"jetpack_featured_media_url":"https:\/\/www.vdsm.net\/wronline\/wp-content\/uploads\/2023\/07\/SIE_Ferienaktion-2023_8062-scaled-e1690811201537.jpg","jetpack_sharing_enabled":true,"_links":{"self":[{"href":"https:\/\/www.vdsm.net\/wronline\/wp-json\/wp\/v2\/posts\/31182","targetHints":{"allow":["GET"]}}],"collection":[{"href":"https:\/\/www.vdsm.net\/wronline\/wp-json\/wp\/v2\/posts"}],"about":[{"href":"https:\/\/www.vdsm.net\/wronline\/wp-json\/wp\/v2\/types\/post"}],"author":[{"embeddable":true,"href":"https:\/\/www.vdsm.net\/wronline\/wp-json\/wp\/v2\/users\/6"}],"replies":[{"embeddable":true,"href":"https:\/\/www.vdsm.net\/wronline\/wp-json\/wp\/v2\/comments?post=31182"}],"version-history":[{"count":1,"href":"https:\/\/www.vdsm.net\/wronline\/wp-json\/wp\/v2\/posts\/31182\/revisions"}],"predecessor-version":[{"id":31186,"href":"https:\/\/www.vdsm.net\/wronline\/wp-json\/wp\/v2\/posts\/31182\/revisions\/31186"}],"wp:featuredmedia":[{"embeddable":true,"href":"https:\/\/www.vdsm.net\/wronline\/wp-json\/wp\/v2\/media\/31183"}],"wp:attachment":[{"href":"https:\/\/www.vdsm.net\/wronline\/wp-json\/wp\/v2\/media?parent=31182"}],"wp:term":[{"taxonomy":"category","embeddable":true,"href":"https:\/\/www.vdsm.net\/wronline\/wp-json\/wp\/v2\/categories?post=31182"},{"taxonomy":"post_tag","embeddable":true,"href":"https:\/\/www.vdsm.net\/wronline\/wp-json\/wp\/v2\/tags?post=31182"}],"curies":[{"name":"wp","href":"https:\/\/api.w.org\/{rel}","templated":true}]}}