{"id":31177,"date":"2023-07-31T10:38:59","date_gmt":"2023-07-31T08:38:59","guid":{"rendered":"https:\/\/www.vdsm.net\/wronline\/?p=31177"},"modified":"2023-07-31T10:40:09","modified_gmt":"2023-07-31T08:40:09","slug":"jetzt-abstimmen-fuer-den-kracher-des-jahres-2023-aus-suedwestfalen","status":"publish","type":"post","link":"https:\/\/www.vdsm.net\/wronline\/jetzt-abstimmen-fuer-den-kracher-des-jahres-2023-aus-suedwestfalen\/","title":{"rendered":"Jetzt abstimmen f\u00fcr den \u201eKracher des Jahres 2023\u201c aus S\u00fcdwestfalen!"},"content":{"rendered":"<div>\n<p>Zukunftsweisend und hochtechnologisch, aber auch alltagsnah und authentisch \u2013 die Beitr\u00e4ge zum \u201eKracher des Jahres 2023\u201c aus S\u00fcdwestfalen k\u00f6nnen sich sehen lassen. Fast 50 Unternehmen der Region haben sich am Wettbewerb der S\u00fcdwestfalen Agentur GmbH beteiligt und pr\u00e4sentieren in einem 90-Sekunden-Video ein Produkt oder eine Dienstleistung, auf die sie besonders stolz sind.<\/p>\n<\/div>\n<div>\n<div>\n<p>Bis zum 20. August kann jetzt die \u00d6ffentlichkeit mitentscheiden, wer das Rennen macht und den absoluten \u201eKracher des Jahres 2023 \u2013 made in S\u00fcdwestfalen\u201c entwickelt hat.<\/p>\n<p>Zum zweiten Mal nach 2021 k\u00fcrt die S\u00fcdwestfalen Agentur zusammen mit den regionalen Kammern, Arbeitgeberverb\u00e4nden und Wirtschaftsf\u00f6rderungen den \u201eKracher des Jahres\u201c. Ziel der Aktion ist, die St\u00e4rke und Innovationskraft der s\u00fcdwestf\u00e4lischen Wirtschaft auf anschauliche Weise bewusst und bekannt zu machen. \u201eDie tollen Beitr\u00e4ge zeigen einmal mehr, wie viel Fortschritt, Kreativit\u00e4t und Ideenreichtum ihren Ursprung in dieser Region haben und teils sogar weltweit zum Einsatz kommen\u201c, erkl\u00e4rt Marie Ting, Leiterin des Regionalmarketings der S\u00fcdwestfalen Agentur. \u201eAuch kleinere Firmen oder traditionelle Handwerksbetriebe haben echte \u201eHighlights\u201c vorgestellt. Die Wahl f\u00e4llt da wirklich schwer.\u201c<\/p>\n<p><strong>Online abstimmen \u2013 so wird\u2019s gemacht<\/strong><\/p>\n<p>Alle \u201eKracher\u201c-Videos stehen jetzt online \u00fcber den YouTube-Kanal \u201eS\u00fcdwestfalen &#8211; Alles Echt\u201c der S\u00fcdwestfalen Agentur zum Anschauen, Staunen und Teilen bereit. F\u00fcr den Lieblings-Kracher kann man unter\u00a0<a href=\"http:\/\/www.jetzt-zusammenstehen.de\/kracher\" target=\"_blank\" rel=\"noopener\">www.jetzt-zusammenstehen.de\/kracher<\/a>\u00a0abstimmen. Auch die teilnehmenden Unternehmen haben die M\u00f6glichkeit, ihr Produktvideo \u00fcber eigene Kan\u00e4le zu teilen und Unterst\u00fctzung zu mobilisieren.<\/p>\n<p><strong>F\u00fcnf Kreissieger und ein Gesamtsieger<\/strong><\/p>\n<p>Die abgegebenen Online-Stimmen flie\u00dfen mit 50 Prozent in die Gesamtbewertung ein; eine Jury mit Vertreterinnen und Vertretern der beteiligten Wirtschaftsinstitutionen steuert die anderen 50 Prozent bei. Am 23. August steht dann fest, welches Unternehmen aus den f\u00fcnf s\u00fcdwestf\u00e4lischen Kreisen der jeweilige Kracher-Kreissieger ist.\u00a0Um den Gesamtgewinner zu ermitteln, haben sich die Initiatoren in diesem Jahr etwas Besonderes \u00fcberlegt: Beim S\u00fcdwestfalen Festival am 31. August auf dem Campus Buschh\u00fctten in Kreuztal wird das Publikum live vor Ort entscheiden, wer auf der Kracher-Siegertreppe ganz oben steht.<\/p>\n<p>Mehr als 20.000 Mal wurden die Beitr\u00e4ge des ersten Kracher-Wettbewerbs 2021 angeklickt. \u201eDie ungemein vielf\u00e4ltigen Videos verdienen auch in diesem Jahr jeden Klick: Ob praktische Alltagshelfer, smarte Softwarel\u00f6sungen oder technologische Meisterleistungen \u2013 die Produkte begeistern und werden h\u00e4ufig sehr unterhaltsam pr\u00e4sentiert\u201c, erkl\u00e4rt Claudia Berker, die die Aktion im Regionalmarketing der S\u00fcdwestfalen Agentur betreut.<\/p>\n<p><em>Informationen zu den Videos und zur Abstimmung finden sich unter\u00a0<a href=\"https:\/\/jetzt-zusammenstehen.de\/kracher\/\" target=\"_blank\" rel=\"noopener\">www.jetzt-zusammenstehen.de\/kracher<\/a><\/em><\/p>\n<p>Text und Foto: <a href=\"https:\/\/www.suedwestfalen-agentur.com\/\" target=\"_blank\" rel=\"noopener\">S\u00fcdwestfalen Agentur<\/a><\/p>\n<\/div>\n<\/div>\n","protected":false},"excerpt":{"rendered":"<p>Zukunftsweisend und hochtechnologisch, aber auch alltagsnah und authentisch \u2013 die Beitr\u00e4ge zum \u201eKracher des Jahres 2023\u201c aus S\u00fcdwestfalen k\u00f6nnen sich sehen lassen. Fast 50 Unternehmen&#8230;<\/p>\n","protected":false},"author":6,"featured_media":31178,"comment_status":"open","ping_status":"open","sticky":false,"template":"","format":"standard","meta":{"_jetpack_memberships_contains_paid_content":false,"footnotes":""},"categories":[1,32,30,11],"tags":[],"class_list":["post-31177","post","type-post","status-publish","format-standard","has-post-thumbnail","hentry","category-aktuell","category-infos","category-vermischtes","category-regionale-wirtschaft"],"jetpack_featured_media_url":"https:\/\/www.vdsm.net\/wronline\/wp-content\/uploads\/2023\/07\/PM_Abstimmung_Kracher_des_Jahres-scaled-e1690792110214.jpeg","jetpack_sharing_enabled":true,"_links":{"self":[{"href":"https:\/\/www.vdsm.net\/wronline\/wp-json\/wp\/v2\/posts\/31177","targetHints":{"allow":["GET"]}}],"collection":[{"href":"https:\/\/www.vdsm.net\/wronline\/wp-json\/wp\/v2\/posts"}],"about":[{"href":"https:\/\/www.vdsm.net\/wronline\/wp-json\/wp\/v2\/types\/post"}],"author":[{"embeddable":true,"href":"https:\/\/www.vdsm.net\/wronline\/wp-json\/wp\/v2\/users\/6"}],"replies":[{"embeddable":true,"href":"https:\/\/www.vdsm.net\/wronline\/wp-json\/wp\/v2\/comments?post=31177"}],"version-history":[{"count":2,"href":"https:\/\/www.vdsm.net\/wronline\/wp-json\/wp\/v2\/posts\/31177\/revisions"}],"predecessor-version":[{"id":31180,"href":"https:\/\/www.vdsm.net\/wronline\/wp-json\/wp\/v2\/posts\/31177\/revisions\/31180"}],"wp:featuredmedia":[{"embeddable":true,"href":"https:\/\/www.vdsm.net\/wronline\/wp-json\/wp\/v2\/media\/31178"}],"wp:attachment":[{"href":"https:\/\/www.vdsm.net\/wronline\/wp-json\/wp\/v2\/media?parent=31177"}],"wp:term":[{"taxonomy":"category","embeddable":true,"href":"https:\/\/www.vdsm.net\/wronline\/wp-json\/wp\/v2\/categories?post=31177"},{"taxonomy":"post_tag","embeddable":true,"href":"https:\/\/www.vdsm.net\/wronline\/wp-json\/wp\/v2\/tags?post=31177"}],"curies":[{"name":"wp","href":"https:\/\/api.w.org\/{rel}","templated":true}]}}