{"id":31134,"date":"2023-07-10T15:47:48","date_gmt":"2023-07-10T13:47:48","guid":{"rendered":"https:\/\/www.vdsm.net\/wronline\/?p=31134"},"modified":"2023-07-13T08:30:34","modified_gmt":"2023-07-13T06:30:34","slug":"ferienbetreuung-bei-der-emg-in-wenden-2","status":"publish","type":"post","link":"https:\/\/www.vdsm.net\/wronline\/ferienbetreuung-bei-der-emg-in-wenden-2\/","title":{"rendered":"Ferienbetreuung bei der EMG in Wenden"},"content":{"rendered":"<p class=\"x_MsoNormal\">Bereits zum siebten Mal bot die EMG Automation GmbH in diesem Jahr in Wenden in den ersten beiden Sommerferienwochen eine Ferienbetreuung an. Die Aktion richtete sich an Kinder im Alter von f\u00fcnf bis zw\u00f6lf Jahren und fand t\u00e4glich von 8 bis 17 Uhr statt. Die insgesamt 14 Kinder wurden von zwei P\u00e4dagogen betreut, die ein abwechslungsreiches Programm auf dem Firmengel\u00e4nde in Wenden mit In- und Outdoor-Spielen, sportlichen Aktivit\u00e4ten und kreativem Basteln zusammenstellten. Jeder Tag brachte neue Abenteuer, Spa\u00df und unvergessliche Momente f\u00fcr die Kinder. Sie konnten sich austoben, neue Freundschaften schlie\u00dfen und ihre Kreativit\u00e4t entfalten.<\/p>\n<p class=\"x_MsoNormal\"><strong>Viel Programm f\u00fcr die EMG-Mitarbeiterkinder<\/strong><br \/>\n<br aria-hidden=\"true\" \/>\u201eGerade in den langen Sommerferien ist die Vereinbarkeit von Familie und Beruf eine besondere Herausforderung\u201c, erkl\u00e4rt CEO Alexander Heck. \u201eDeswegen unterst\u00fctzen wir unsere Mitarbeiterinnen und Mitarbeiter in dieser Zeit durch ein p\u00e4dagogisch attraktives Betreuungsangebot ihrer schulpflichtigen Kinder. Die sehr positive Resonanz freut uns und zeichnet uns als familienfreundliches Unternehmen aus. Bei der \u201eSchnitzeljagd\u201c durch das Unternehmen, die die Auszubildenden der EMG organisierten, konnten die Kinder am Ende alle R\u00e4tsel l\u00f6sen und eine Schatztruhe finden. Weitere Highlights waren die beiden Tages-Ausfl\u00fcge. In der ersten Woche ging es in den Panoramapark Kirchhundem und in der zweiten Woche in den Affen- und Vogelpark Eckenhagen. Am letzten Tag gab es ein buntes Abschlussfest mit den Eltern.<\/p>\n<p>Text\/Foto: EMG<\/p>\n","protected":false},"excerpt":{"rendered":"<p>Bereits zum siebten Mal bot die EMG Automation GmbH in diesem Jahr in Wenden in den ersten beiden Sommerferienwochen eine Ferienbetreuung an. Die Aktion richtete&#8230;<\/p>\n","protected":false},"author":7,"featured_media":31135,"comment_status":"open","ping_status":"open","sticky":false,"template":"","format":"standard","meta":{"_jetpack_memberships_contains_paid_content":false,"footnotes":""},"categories":[1,10],"tags":[],"class_list":["post-31134","post","type-post","status-publish","format-standard","has-post-thumbnail","hentry","category-aktuell","category-unternehmen"],"jetpack_featured_media_url":"https:\/\/www.vdsm.net\/wronline\/wp-content\/uploads\/2023\/07\/EMG-Ferienbetreuung-2023-scaled.jpg","jetpack_sharing_enabled":true,"_links":{"self":[{"href":"https:\/\/www.vdsm.net\/wronline\/wp-json\/wp\/v2\/posts\/31134","targetHints":{"allow":["GET"]}}],"collection":[{"href":"https:\/\/www.vdsm.net\/wronline\/wp-json\/wp\/v2\/posts"}],"about":[{"href":"https:\/\/www.vdsm.net\/wronline\/wp-json\/wp\/v2\/types\/post"}],"author":[{"embeddable":true,"href":"https:\/\/www.vdsm.net\/wronline\/wp-json\/wp\/v2\/users\/7"}],"replies":[{"embeddable":true,"href":"https:\/\/www.vdsm.net\/wronline\/wp-json\/wp\/v2\/comments?post=31134"}],"version-history":[{"count":2,"href":"https:\/\/www.vdsm.net\/wronline\/wp-json\/wp\/v2\/posts\/31134\/revisions"}],"predecessor-version":[{"id":31143,"href":"https:\/\/www.vdsm.net\/wronline\/wp-json\/wp\/v2\/posts\/31134\/revisions\/31143"}],"wp:featuredmedia":[{"embeddable":true,"href":"https:\/\/www.vdsm.net\/wronline\/wp-json\/wp\/v2\/media\/31135"}],"wp:attachment":[{"href":"https:\/\/www.vdsm.net\/wronline\/wp-json\/wp\/v2\/media?parent=31134"}],"wp:term":[{"taxonomy":"category","embeddable":true,"href":"https:\/\/www.vdsm.net\/wronline\/wp-json\/wp\/v2\/categories?post=31134"},{"taxonomy":"post_tag","embeddable":true,"href":"https:\/\/www.vdsm.net\/wronline\/wp-json\/wp\/v2\/tags?post=31134"}],"curies":[{"name":"wp","href":"https:\/\/api.w.org\/{rel}","templated":true}]}}