{"id":31121,"date":"2023-07-07T09:02:48","date_gmt":"2023-07-07T07:02:48","guid":{"rendered":"https:\/\/www.vdsm.net\/wronline\/?p=31121"},"modified":"2023-07-07T09:03:13","modified_gmt":"2023-07-07T07:03:13","slug":"harald-goernig-und-matthias-rink-neue-doppelspitze-der-kreishandwerkerschaft-westfalen-sued","status":"publish","type":"post","link":"https:\/\/www.vdsm.net\/wronline\/harald-goernig-und-matthias-rink-neue-doppelspitze-der-kreishandwerkerschaft-westfalen-sued\/","title":{"rendered":"Harald G\u00f6rnig und Matthias Rink neue Doppelspitze der Kreishandwerkerschaft Westfalen-S\u00fcd"},"content":{"rendered":"<p>Die Kreishandwerkerschaft Westfalen-S\u00fcd stellt ihre Gesch\u00e4ftsf\u00fchrung neu auf. Die Delegierten der 20 Mitgliedsinnungen w\u00e4hlten im Haus der Siegerl\u00e4nder Wirtschaft in Siegen Harald G\u00f6rnig zum Hauptgesch\u00e4ftsf\u00fchrer und Matthias Rink zum Gesch\u00e4ftsf\u00fchrer. Beide haben ihre neuen Aufgaben bereits zum 1. Juli 2023 aufgenommen.<\/p>\n<p>Es war der bedeutendste Tagesordnungspunkt auf der Delegiertenversammlung der Kreishandwerkerschaft Westfalen-S\u00fcd: Die Wahl der neuen Gesch\u00e4ftsf\u00fchrung. Nachdem Stefan Simon aus pers\u00f6nlichen Gr\u00fcnden das Amt des Gesch\u00e4ftsf\u00fchrers niedergelegt hatte, w\u00e4hlten die Delegierten Schlossermeister Harald G\u00f6rnig zum neuen Hauptgesch\u00e4ftsf\u00fchrer und Diplom-Kaufmann Matthias Rink zum Gesch\u00e4ftsf\u00fchrer.<\/p>\n<p>Damit steht erstmalig ein Handwerksmeister an der Spitze der Kreishandhandwerkerschaft. Harald G\u00f6rnig legte 1998 seine Meisterpr\u00fcfung ab und ist seitdem mit seiner eigenen Schlosserei selbstst\u00e4ndig. Seit 2010 ist der Betrieb mit rund 20 Mitarbeiterinnen und Mitarbeitern in Siegen-Seelbach ans\u00e4ssig. Der 53-j\u00e4hrige Schlossermeister wohnt mit seiner Frau und seinen drei Kindern in Kreuztal. Seit f\u00fcnf Jahren engagiert er sich als Obermeister der Metalltechnik-Innung Westfalen-S\u00fcd f\u00fcr sein Gewerk. Gemeinsam mit Kreishandwerksmeister Frank Clemens ist er au\u00dferdem aktuell Gesch\u00e4ftsf\u00fchrer der Handwerkerhaus GmbH.<\/p>\n<p>Das Gesch\u00e4ftsf\u00fchrungsduo wird komplettiert von Matthias Rink. Der 59-J\u00e4hrige ist verheiratet, Vater von drei Kindern und wohnt in Wilnsdorf. Nach einer Ausbildung zum B\u00fcrokaufmann und dem anschlie\u00dfenden Fachabitur, studierte Matthias Rink Betriebswirtschaftslehre an der Universit\u00e4t Siegen. Der 59-J\u00e4hrige war unter anderem bei einem Einkaufsverband f\u00fcr Dachbaustoffe, einem regionalen Fertighaushersteller sowie mehrere Jahre im CJD Olpe t\u00e4tig, bevor er im Jahr 2011 zur Kreishandwerkerschaft Westfalen-S\u00fcd wechselte und die Leitung der Olper Gesch\u00e4ftsstelle \u00fcbernahm. Zum 1.1.2022 wurde Rink zum stellvertretenden Gesch\u00e4ftsf\u00fchrer der Kreishandwerkerschaft Westfalen-S\u00fcd ernannt. Als Gesch\u00e4ftsf\u00fchrer verantwortet er auch in Zukunft weiterhin die Leitung der KH-Gesch\u00e4ftsstelle in Olpe und betreut einen Teil der 20 Mitgliedsinnungen. Zudem vertritt er die Kreishandwerkerschaft und die Interessen des heimischen Handwerks in vielen regionalen und \u00fcberregionalen Gremien und widmet sich au\u00dferdem dem Thema Nachwuchsgewinnung und Fachkr\u00e4ftesicherung.<\/p>\n<p>Der stellvertretende Kreishandwerksmeister Karl-Friedrich Bublitz gratulierte dem neuen Gesch\u00e4ftsf\u00fchrungsteam zu seiner Wahl und w\u00fcnschte sich eine gute und erfolgreiche Zusammenarbeit von Haupt- und Ehrenamt.<\/p>\n<p>Die beiden neuen Gesch\u00e4ftsf\u00fchrer betonten in einem Statement im Anschluss an ihre Wahl, dass unter den aktuellen Herausforderungen, denen sich das Handwerk insgesamt, aber auch in unserer Region gegen\u00fcber sieht, eine Doppelspitze die folgerichtige und sinnvolle L\u00f6sung f\u00fcr die Kreishandwerkerschaft ist. Demographischer Wandel, die Folgen der Corona-Pandemie, Fachkr\u00e4ftemangel, Materialknappheit, Preissteigerungen, immer weiter zunehmende B\u00fcrokratisierung und vieles mehr; alles Themen, die das heimische Handwerk bew\u00e4ltigen muss. Au\u00dferdem steht mittelfristig auch der Umzug der Hauptgesch\u00e4ftsstelle in Siegen an, da die Universit\u00e4t das Areal am L\u00f6hrtor f\u00fcr ihr Projekt \u201eUni kommt in die Stadt\u201c erwerben m\u00f6chte. Viele Aufgaben also, die angepackt und erledigt werden m\u00fcssen. Harald G\u00f6rnig und Matthias Rink freuen sich auf die neue Aufgabe und die gute Zusammenarbeit im Team der Kreishandwerkerschaft und mit deren Innungen und Mitgliedsbetrieben.<\/p>\n<p>Text und Foto: Rebecca Dalhoff | Textwerk Attendorn<\/p>\n","protected":false},"excerpt":{"rendered":"<p>Die Kreishandwerkerschaft Westfalen-S\u00fcd stellt ihre Gesch\u00e4ftsf\u00fchrung neu auf. Die Delegierten der 20 Mitgliedsinnungen w\u00e4hlten im Haus der Siegerl\u00e4nder Wirtschaft in Siegen Harald G\u00f6rnig zum Hauptgesch\u00e4ftsf\u00fchrer&#8230;<\/p>\n","protected":false},"author":6,"featured_media":31124,"comment_status":"open","ping_status":"open","sticky":false,"template":"","format":"standard","meta":{"_jetpack_memberships_contains_paid_content":false,"footnotes":""},"categories":[1,32,30,11],"tags":[],"class_list":["post-31121","post","type-post","status-publish","format-standard","has-post-thumbnail","hentry","category-aktuell","category-infos","category-vermischtes","category-regionale-wirtschaft"],"jetpack_featured_media_url":"https:\/\/www.vdsm.net\/wronline\/wp-content\/uploads\/2023\/07\/Geschaeftsfuehrung-KH-mit-Rand-scaled.jpg","jetpack_sharing_enabled":true,"_links":{"self":[{"href":"https:\/\/www.vdsm.net\/wronline\/wp-json\/wp\/v2\/posts\/31121","targetHints":{"allow":["GET"]}}],"collection":[{"href":"https:\/\/www.vdsm.net\/wronline\/wp-json\/wp\/v2\/posts"}],"about":[{"href":"https:\/\/www.vdsm.net\/wronline\/wp-json\/wp\/v2\/types\/post"}],"author":[{"embeddable":true,"href":"https:\/\/www.vdsm.net\/wronline\/wp-json\/wp\/v2\/users\/6"}],"replies":[{"embeddable":true,"href":"https:\/\/www.vdsm.net\/wronline\/wp-json\/wp\/v2\/comments?post=31121"}],"version-history":[{"count":1,"href":"https:\/\/www.vdsm.net\/wronline\/wp-json\/wp\/v2\/posts\/31121\/revisions"}],"predecessor-version":[{"id":31123,"href":"https:\/\/www.vdsm.net\/wronline\/wp-json\/wp\/v2\/posts\/31121\/revisions\/31123"}],"wp:featuredmedia":[{"embeddable":true,"href":"https:\/\/www.vdsm.net\/wronline\/wp-json\/wp\/v2\/media\/31124"}],"wp:attachment":[{"href":"https:\/\/www.vdsm.net\/wronline\/wp-json\/wp\/v2\/media?parent=31121"}],"wp:term":[{"taxonomy":"category","embeddable":true,"href":"https:\/\/www.vdsm.net\/wronline\/wp-json\/wp\/v2\/categories?post=31121"},{"taxonomy":"post_tag","embeddable":true,"href":"https:\/\/www.vdsm.net\/wronline\/wp-json\/wp\/v2\/tags?post=31121"}],"curies":[{"name":"wp","href":"https:\/\/api.w.org\/{rel}","templated":true}]}}