{"id":31104,"date":"2023-07-06T09:16:51","date_gmt":"2023-07-06T07:16:51","guid":{"rendered":"https:\/\/www.vdsm.net\/wronline\/?p=31104"},"modified":"2023-07-06T09:28:55","modified_gmt":"2023-07-06T07:28:55","slug":"generationswechsel-in-der-geschaeftsfuehrung-der-sms-group","status":"publish","type":"post","link":"https:\/\/www.vdsm.net\/wronline\/generationswechsel-in-der-geschaeftsfuehrung-der-sms-group\/","title":{"rendered":"Generationswechsel in der Gesch\u00e4ftsf\u00fchrung der SMS group"},"content":{"rendered":"<p>Die SMS group nimmt einen strategischen Generationswechsel an der F\u00fchrungsspitze vor: Zum 1. Oktober 2023 wird Jochen Burg (43), derzeit Leiter des Service-Gesch\u00e4fts, neuer CEO und Vorsitzender der SMS-Gesch\u00e4ftsf\u00fchrung. Damit folgt er auf Burkhard Dahmen, der \u00fcber 33 Jahre im Unternehmen t\u00e4tig war, davon 20 Jahre in der Gesch\u00e4ftsf\u00fchrung und elf Jahre als deren Vorsitzender. Jochen Burg ist seit 2008 bei SMS und hat in den vergangenen Jahren erfolgreich das globale Servicegesch\u00e4ft auf- und ausgebaut.<\/p>\n<div id=\"attachment_31112\" style=\"width: 310px\" class=\"wp-caption alignright\"><a href=\"https:\/\/www.vdsm.net\/wronline\/wp-content\/uploads\/2023\/07\/SMS-group-Torsten-Heising_04-scaled-e1688628435895.jpg\"><img loading=\"lazy\" decoding=\"async\" aria-describedby=\"caption-attachment-31112\" class=\"size-medium wp-image-31112\" src=\"https:\/\/www.vdsm.net\/wronline\/wp-content\/uploads\/2023\/07\/SMS-group-Torsten-Heising_04-scaled-e1688628435895-300x225.jpg\" alt=\"\" width=\"300\" height=\"225\" srcset=\"https:\/\/www.vdsm.net\/wronline\/wp-content\/uploads\/2023\/07\/SMS-group-Torsten-Heising_04-scaled-e1688628435895-300x225.jpg 300w, https:\/\/www.vdsm.net\/wronline\/wp-content\/uploads\/2023\/07\/SMS-group-Torsten-Heising_04-scaled-e1688628435895-768x576.jpg 768w, https:\/\/www.vdsm.net\/wronline\/wp-content\/uploads\/2023\/07\/SMS-group-Torsten-Heising_04-scaled-e1688628435895.jpg 777w\" sizes=\"auto, (max-width: 300px) 100vw, 300px\" \/><\/a><p id=\"caption-attachment-31112\" class=\"wp-caption-text\">Torsten Heising ist seit 2017 CFO der SMS group.<\/p><\/div>\n<p>Zum 10. Oktober 2023 wird au\u00dferdem Fab\u00edola Fernandez (46) ins Unternehmen eintreten und zum 1. Januar 2024 die CFO-Rolle in der Gesch\u00e4ftsf\u00fchrung \u00fcbernehmen. Sie folgt damit auf Torsten Heising, der seit 2006 verschiedene F\u00fchrungsfunktionen bei SMS innehatte und 2017 zum CFO ernannt wurde. Fab\u00edola Fernandez kommt von der Gegenbauer SE &amp; Co. KG, einem f\u00fchrenden Service-Unternehmen f\u00fcr Facility Management, wo sie aktuell als Finanzvorst\u00e4ndin und Co-CEO t\u00e4tig ist.<\/p>\n<p>Burkhard Dahmen und Torsten Heising werden die \u00dcbergabe bis M\u00e4rz 2024 begleiten, um in allen Projekten einen nahtlosen \u00dcbergang sicherzustellen.<\/p>\n<div id=\"attachment_31109\" style=\"width: 310px\" class=\"wp-caption alignleft\"><a href=\"https:\/\/www.vdsm.net\/wronline\/wp-content\/uploads\/2023\/07\/SMS-group-Burkhard-Dahmen_03-scaled-e1688627420253.jpg\"><img loading=\"lazy\" decoding=\"async\" aria-describedby=\"caption-attachment-31109\" class=\"size-medium wp-image-31109\" src=\"https:\/\/www.vdsm.net\/wronline\/wp-content\/uploads\/2023\/07\/SMS-group-Burkhard-Dahmen_03-scaled-e1688627420253-300x200.jpg\" alt=\"\" width=\"300\" height=\"200\" srcset=\"https:\/\/www.vdsm.net\/wronline\/wp-content\/uploads\/2023\/07\/SMS-group-Burkhard-Dahmen_03-scaled-e1688627420253-300x200.jpg 300w, https:\/\/www.vdsm.net\/wronline\/wp-content\/uploads\/2023\/07\/SMS-group-Burkhard-Dahmen_03-scaled-e1688627420253-768x512.jpg 768w, https:\/\/www.vdsm.net\/wronline\/wp-content\/uploads\/2023\/07\/SMS-group-Burkhard-Dahmen_03-scaled-e1688627420253.jpg 777w\" sizes=\"auto, (max-width: 300px) 100vw, 300px\" \/><\/a><p id=\"caption-attachment-31109\" class=\"wp-caption-text\">Burkhard Dahmen ist seit elf Jahren Vorsitzender der Gesch\u00e4ftsf\u00fchrung.<\/p><\/div>\n<p>Der Vorsitzende des Aufsichtsrats der SMS group, Edwin Eichler: \u201eBurkhard Dahmen und Torsten Heising haben ganz wesentlich dazu beigetragen, die SMS group zukunftsorientiert aufzustellen. Angesichts der guten Marktlage ist nun der ideale Zeitpunkt, den Generationswechsel aktiv zu gestalten und damit auch eine neue Aufbruchssphase einzuleiten. Wir haben daf\u00fcr mit Jochen Burg und Fab\u00edola Fernandez eine Ideal-Besetzung gefunden. Gemeinsam werden wir uns auf den systematischen Ausbau unseres Servicegesch\u00e4fts, die technologische Weiterentwicklung unserer Anlagen sowie die Optimierung der Performance konzentrieren.<br \/>\nMein ausdr\u00fccklicher Dank geht an Burkhard Dahmen und Torsten Heising. Beide haben ihr Berufsleben der SMS group gewidmet und damit die erfolgreiche Entwicklung des Unternehmens, das dieses Jahr sein 150j\u00e4hriges Bestehen feiert, ganz ma\u00dfgeblich mit gestaltet. Ich w\u00fcnsche Burkhard Dahmen und Torsten Heising f\u00fcr ihren weiteren Lebensweg alles Gute.\u201c<\/p>\n<p>Jochen Burg, zuk\u00fcnftiger CEO der SMS group: \u201eIch freue mich sehr darauf, gemeinsam mit meinen Kolleginnen und Kollegen im Managing Board die Erfolgsgeschichte der SMS group fortzuschreiben. Der Kurs f\u00fcr die n\u00e4chsten Jahre ist klar gesetzt. Wir haben beste Voraussetzungen und vor allem gro\u00dfartige Mitarbeiterinnen und Mitarbeiter weltweit, um unsere ehrgeizigen Ziele gemeinsam zu erreichen.\u201c<\/p>\n<p>Fab\u00edola Fernandez, zuk\u00fcnftige CFO der SMS group: \u201eDie SMS group steht vor sehr spannenden und vielversprechenden Jahren. Es gibt nicht viele Unternehmen, die die Transformation einer gesamten Branche ma\u00dfgeblich pr\u00e4gen k\u00f6nnen. Umso mehr freue ich mich, Teil dieser bedeutenden Herausforderung zu werden und meine Erfahrung gewinnbringend f\u00fcr eine erfolgreiche und profitable Zukunft des Unternehmens einzusetzen.\u201c<\/p>\n<p>Text und Foto:\u00a0<a href=\"https:\/\/www.sms-group.com\/de\/\" target=\"_blank\" rel=\"noopener noreferrer\">SMS group GmbH<\/a><\/p>\n","protected":false},"excerpt":{"rendered":"<p>Die SMS group nimmt einen strategischen Generationswechsel an der F\u00fchrungsspitze vor: Zum 1. Oktober 2023 wird Jochen Burg (43), derzeit Leiter des Service-Gesch\u00e4fts, neuer CEO&#8230;<\/p>\n","protected":false},"author":6,"featured_media":31110,"comment_status":"open","ping_status":"open","sticky":false,"template":"","format":"standard","meta":{"_jetpack_memberships_contains_paid_content":false,"footnotes":""},"categories":[1,32,30,10],"tags":[],"class_list":["post-31104","post","type-post","status-publish","format-standard","has-post-thumbnail","hentry","category-aktuell","category-infos","category-vermischtes","category-unternehmen"],"jetpack_featured_media_url":"https:\/\/www.vdsm.net\/wronline\/wp-content\/uploads\/2023\/07\/Fabiola-Fernandez-und-Jochen-Burg-2.jpg","jetpack_sharing_enabled":true,"_links":{"self":[{"href":"https:\/\/www.vdsm.net\/wronline\/wp-json\/wp\/v2\/posts\/31104","targetHints":{"allow":["GET"]}}],"collection":[{"href":"https:\/\/www.vdsm.net\/wronline\/wp-json\/wp\/v2\/posts"}],"about":[{"href":"https:\/\/www.vdsm.net\/wronline\/wp-json\/wp\/v2\/types\/post"}],"author":[{"embeddable":true,"href":"https:\/\/www.vdsm.net\/wronline\/wp-json\/wp\/v2\/users\/6"}],"replies":[{"embeddable":true,"href":"https:\/\/www.vdsm.net\/wronline\/wp-json\/wp\/v2\/comments?post=31104"}],"version-history":[{"count":3,"href":"https:\/\/www.vdsm.net\/wronline\/wp-json\/wp\/v2\/posts\/31104\/revisions"}],"predecessor-version":[{"id":31113,"href":"https:\/\/www.vdsm.net\/wronline\/wp-json\/wp\/v2\/posts\/31104\/revisions\/31113"}],"wp:featuredmedia":[{"embeddable":true,"href":"https:\/\/www.vdsm.net\/wronline\/wp-json\/wp\/v2\/media\/31110"}],"wp:attachment":[{"href":"https:\/\/www.vdsm.net\/wronline\/wp-json\/wp\/v2\/media?parent=31104"}],"wp:term":[{"taxonomy":"category","embeddable":true,"href":"https:\/\/www.vdsm.net\/wronline\/wp-json\/wp\/v2\/categories?post=31104"},{"taxonomy":"post_tag","embeddable":true,"href":"https:\/\/www.vdsm.net\/wronline\/wp-json\/wp\/v2\/tags?post=31104"}],"curies":[{"name":"wp","href":"https:\/\/api.w.org\/{rel}","templated":true}]}}