{"id":31068,"date":"2023-06-28T11:37:30","date_gmt":"2023-06-28T09:37:30","guid":{"rendered":"https:\/\/www.vdsm.net\/wronline\/?p=31068"},"modified":"2023-06-28T11:38:27","modified_gmt":"2023-06-28T09:38:27","slug":"kracher-des-jahres-bis-7-juli-bewerben","status":"publish","type":"post","link":"https:\/\/www.vdsm.net\/wronline\/kracher-des-jahres-bis-7-juli-bewerben\/","title":{"rendered":"Kracher des Jahres: Bis 7. Juli bewerben"},"content":{"rendered":"<p>Noch bis Ende kommender Woche l\u00e4uft die Bewerbungsphase zum \u201eKracher des Jahres \u2013 made in S\u00fcdwestfalen\u201c: Bei der Aktion des Regionalmarketings der S\u00fcdwestfalen Agentur GmbH k\u00f6nnen Unternehmen und Verb\u00e4nde aus der ganzen Region in einem 90-Sekunden-Video pr\u00e4sentieren, worauf sie besonders stolz sind. Ob neue Technologien, kreative Konzepte, kluge Ideen oder innovative Dienstleistungen \u2013 die Beitr\u00e4ge nehmen Teil am Wettbewerb \u201eKracher des Jahres 2023\u201c und werden auf diese Weise f\u00fcr ein gro\u00dfes Publikum sichtbar gemacht.<\/p>\n<p><strong>Viel positive Resonanz f\u00fcr den Kracher des Jahres<\/strong><br \/>\nDie erstmals 2021 durchgef\u00fchrte Aktion ist bereits auf viel positive Resonanz gesto\u00dfen. F\u00fcr die Unternehmen kann sie gleich in mehrfacher Hinsicht Vorteile bringen: \u201eUns hat es nicht nur viel Spa\u00df gemacht, beim \u201aKracher des Jahres\u2018 teilzunehmen. Es war auch eine sch\u00f6ne Best\u00e4tigung f\u00fcr uns und wir konnten \u00fcber unser Video auf anschauliche Weise zeigen, was unsere Produkte zu bieten haben. Das digitale Format spricht auch junge Menschen an, die wir so f\u00fcr unsere Arbeit begeistern k\u00f6nnen\u201c, erkl\u00e4rt Steffen Reeder vom Plettenberger Unternehmen MJ-Ger\u00fcst und \u201eKracher des Jahres 2021\u201c-Gewinner. \u201eWir k\u00f6nnen andere Unternehmen nur ermutigen, ebenfalls an diesem tollen Wettbewerb teilzunehmen.\u201c<\/p>\n<p>Bewerbungsschluss f\u00fcr Unternehmen in diesem Jahr ist der 7. Juli 2023. Anschlie\u00dfend werden die Kurzfilme \u00fcber die \u201eS\u00fcdwestfalen \u00ad\u00ad\u2013 Alles Echt\u201c-Kan\u00e4le auf Social Media ver\u00f6ffentlicht. Verkn\u00fcpft werden die Ver\u00f6ffentlichungen mit einer Online-Umfrage, bei der alle Interessierten f\u00fcr ihre Favoriten abstimmen k\u00f6nnen. Nach der Entscheidung \u00fcber das Siegervideo aus jedem der f\u00fcnf s\u00fcdwestf\u00e4lischen Kreise am 23. August wird der Gesamtsieger per Live-Voting durch alle Anwesenden w\u00e4hrend des S\u00fcdwestfalen-Festivals am 31. August in Kreuztal gek\u00fcrt. \u201eHinter der Aktion stehen die gro\u00dfen Institutionen der s\u00fcdwestf\u00e4lischen Wirtschaft. Zusammen wollen wir die Wirtschaftskraft der Region und ihre gro\u00dfartigen Produkte herausstellen. Dazu nutzen wir viele \u00f6ffentlichkeitsstarke Medien und Plattformen\u201c, erkl\u00e4rt Marie Ting, Leiterin des Regionalmarketings der S\u00fcdwestfalen Agentur GmbH, durch die die Initiative federf\u00fchrend koordiniert wird. Partner der Aktion sind unter anderem die Industrie- und Handelskammern, alle Arbeitgeberverb\u00e4nde aus S\u00fcdwestfalen, die Handwerkskammern und Kreishandwerkerschaften der Region sowie die Wirtschaftsf\u00f6rderungen der Kreise.<\/p>\n<p>Weitere Infos zur Aktion und zur Teilnahme gibt es unter\u00a0<a href=\"http:\/\/www.jetzt-zusammenstehen.de\/kracher\" target=\"_blank\" rel=\"noopener\">www.jetzt-zusammenstehen.de\/kracher<\/a><\/p>\n<p>Text\/Foto: S\u00fcdwestfalen Agentur GmbH<\/p>\n","protected":false},"excerpt":{"rendered":"<p>Noch bis Ende kommender Woche l\u00e4uft die Bewerbungsphase zum \u201eKracher des Jahres \u2013 made in S\u00fcdwestfalen\u201c: Bei der Aktion des Regionalmarketings der S\u00fcdwestfalen Agentur GmbH&#8230;<\/p>\n","protected":false},"author":7,"featured_media":31071,"comment_status":"open","ping_status":"open","sticky":false,"template":"","format":"standard","meta":{"_jetpack_memberships_contains_paid_content":false,"footnotes":""},"categories":[1,30],"tags":[],"class_list":["post-31068","post","type-post","status-publish","format-standard","has-post-thumbnail","hentry","category-aktuell","category-vermischtes"],"jetpack_featured_media_url":"https:\/\/www.vdsm.net\/wronline\/wp-content\/uploads\/2023\/06\/Kracher-des-Jahres_Pressefoto-1.png","jetpack_sharing_enabled":true,"_links":{"self":[{"href":"https:\/\/www.vdsm.net\/wronline\/wp-json\/wp\/v2\/posts\/31068","targetHints":{"allow":["GET"]}}],"collection":[{"href":"https:\/\/www.vdsm.net\/wronline\/wp-json\/wp\/v2\/posts"}],"about":[{"href":"https:\/\/www.vdsm.net\/wronline\/wp-json\/wp\/v2\/types\/post"}],"author":[{"embeddable":true,"href":"https:\/\/www.vdsm.net\/wronline\/wp-json\/wp\/v2\/users\/7"}],"replies":[{"embeddable":true,"href":"https:\/\/www.vdsm.net\/wronline\/wp-json\/wp\/v2\/comments?post=31068"}],"version-history":[{"count":1,"href":"https:\/\/www.vdsm.net\/wronline\/wp-json\/wp\/v2\/posts\/31068\/revisions"}],"predecessor-version":[{"id":31070,"href":"https:\/\/www.vdsm.net\/wronline\/wp-json\/wp\/v2\/posts\/31068\/revisions\/31070"}],"wp:featuredmedia":[{"embeddable":true,"href":"https:\/\/www.vdsm.net\/wronline\/wp-json\/wp\/v2\/media\/31071"}],"wp:attachment":[{"href":"https:\/\/www.vdsm.net\/wronline\/wp-json\/wp\/v2\/media?parent=31068"}],"wp:term":[{"taxonomy":"category","embeddable":true,"href":"https:\/\/www.vdsm.net\/wronline\/wp-json\/wp\/v2\/categories?post=31068"},{"taxonomy":"post_tag","embeddable":true,"href":"https:\/\/www.vdsm.net\/wronline\/wp-json\/wp\/v2\/tags?post=31068"}],"curies":[{"name":"wp","href":"https:\/\/api.w.org\/{rel}","templated":true}]}}