{"id":31009,"date":"2023-06-12T11:33:13","date_gmt":"2023-06-12T09:33:13","guid":{"rendered":"https:\/\/www.vdsm.net\/wronline\/?p=31009"},"modified":"2023-06-12T11:34:56","modified_gmt":"2023-06-12T09:34:56","slug":"grosses-familienfest-in-kreuztal-buschhuetten","status":"publish","type":"post","link":"https:\/\/www.vdsm.net\/wronline\/grosses-familienfest-in-kreuztal-buschhuetten\/","title":{"rendered":"Gro\u00dfes Familienfest in Kreuztal-Buschh\u00fctten"},"content":{"rendered":"<div id=\"attachment_31013\" style=\"width: 310px\" class=\"wp-caption alignright\"><a href=\"https:\/\/www.vdsm.net\/wronline\/wp-content\/uploads\/2023\/06\/Georg-75Jahre-299-scaled-e1686562190533.jpg\"><img loading=\"lazy\" decoding=\"async\" aria-describedby=\"caption-attachment-31013\" class=\"size-medium wp-image-31013\" src=\"https:\/\/www.vdsm.net\/wronline\/wp-content\/uploads\/2023\/06\/Georg-75Jahre-299-scaled-e1686562190533-300x200.jpg\" alt=\"\" width=\"300\" height=\"200\" srcset=\"https:\/\/www.vdsm.net\/wronline\/wp-content\/uploads\/2023\/06\/Georg-75Jahre-299-scaled-e1686562190533-300x200.jpg 300w, https:\/\/www.vdsm.net\/wronline\/wp-content\/uploads\/2023\/06\/Georg-75Jahre-299-scaled-e1686562190533-768x512.jpg 768w, https:\/\/www.vdsm.net\/wronline\/wp-content\/uploads\/2023\/06\/Georg-75Jahre-299-scaled-e1686562190533.jpg 777w\" sizes=\"auto, (max-width: 300px) 100vw, 300px\" \/><\/a><p id=\"caption-attachment-31013\" class=\"wp-caption-text\">Der Gesch\u00e4ftsf\u00fchrende Gesellschafter Mark Georg er\u00f6ffnet mit dem Fassanstich das Jubil\u00e4ums-Familienfest.<\/p><\/div>\n<p>\u00dcber 1.100 Besucher feierten am Samstag, den 10. Juni 2023 bei sommerlichen Temperaturen das 75-j\u00e4hrige Bestehen des Buschh\u00fcttener Unternehmens GEORG. Heinrich Georg hatte am 20. Juni 1948 das Maschinenbauunternehmen gegr\u00fcndet, das sich seitdem \u00fcber drei Gesellschaftergenerationen hinweg zu einem weltweit renommierten Hightech Unternehmen entwickelte. Heute bietet es eine breite Produktpalette mit modernsten, digitalen L\u00f6sungen und Services sowie Niederlassungen in nahezu allen Erdteilen. Seit dem Ausbruch der Corona-Pandemie war es das erste gro\u00dfe gemeinsame Fest, mit dem die Gesellschafter und die Gesch\u00e4ftsleitung den Mitarbeitenden und ihren Familien ein buntes, geselliges Rahmenprogramm bot.<\/p>\n<p><strong>Spa\u00df und Spiel bei sommerlichen Temperaturen<\/strong><\/p>\n<div id=\"attachment_31015\" style=\"width: 310px\" class=\"wp-caption alignleft\"><a href=\"https:\/\/www.vdsm.net\/wronline\/wp-content\/uploads\/2023\/06\/Georg-75Jahre-577-scaled-e1686562279385.jpg\"><img loading=\"lazy\" decoding=\"async\" aria-describedby=\"caption-attachment-31015\" class=\"size-medium wp-image-31015\" src=\"https:\/\/www.vdsm.net\/wronline\/wp-content\/uploads\/2023\/06\/Georg-75Jahre-577-scaled-e1686562279385-300x200.jpg\" alt=\"\" width=\"300\" height=\"200\" srcset=\"https:\/\/www.vdsm.net\/wronline\/wp-content\/uploads\/2023\/06\/Georg-75Jahre-577-scaled-e1686562279385-300x200.jpg 300w, https:\/\/www.vdsm.net\/wronline\/wp-content\/uploads\/2023\/06\/Georg-75Jahre-577-scaled-e1686562279385-768x512.jpg 768w, https:\/\/www.vdsm.net\/wronline\/wp-content\/uploads\/2023\/06\/Georg-75Jahre-577-scaled-e1686562279385.jpg 777w\" sizes=\"auto, (max-width: 300px) 100vw, 300px\" \/><\/a><p id=\"caption-attachment-31015\" class=\"wp-caption-text\">Mit der Kutsche ging es zur Betriebsbesichtigung des 500 Meter entfernten GEORG Werks 1.<\/p><\/div>\n<p>Neben dem Jubil\u00e4um ist der hohe Auftragsbestand ein weiterer guter Grund f\u00fcr die Unternehmensleitung, der Belegschaft und ihren Familien danke zu sagen und abseits der Arbeit die sozialen Kontakte zu f\u00f6rdern. Nach dem Fassanstich durch den Gesch\u00e4ftsf\u00fchrenden Gesellschafter Mark Georg wurden zahlreiche Attraktionen f\u00fcr Gro\u00df und Klein geboten. Sie reichten von Ponyreiten und Kutschfahrt \u00fcber Riesenrad, Schminkstationen und H\u00fcpfburgen bis hin zu einer Wasserstation, bei der sich Gro\u00df und Klein ein wenig Abk\u00fchlung verschaffen konnten. Dar\u00fcber hinaus erfreuten Zirkusk\u00fcnstler\u00a0kleine wie gro\u00dfe Besucher. Eiswagen, Candybars und ein Catering von Fernsehkoch Olaf Baumeister und seinem Team sorgten f\u00fcr strahlende Gesichter der zahlreichen Besucherfamilien.<\/p>\n<p><strong>Einer der erfolgreichsten und attraktivsten Arbeitgeber im Maschinenbau <\/strong><\/p>\n<div id=\"attachment_31012\" style=\"width: 310px\" class=\"wp-caption alignright\"><a href=\"https:\/\/www.vdsm.net\/wronline\/wp-content\/uploads\/2023\/06\/Georg-75Jahre-527-scaled-e1686562102210.jpg\"><img loading=\"lazy\" decoding=\"async\" aria-describedby=\"caption-attachment-31012\" class=\"size-medium wp-image-31012\" src=\"https:\/\/www.vdsm.net\/wronline\/wp-content\/uploads\/2023\/06\/Georg-75Jahre-527-scaled-e1686562102210-300x200.jpg\" alt=\"\" width=\"300\" height=\"200\" srcset=\"https:\/\/www.vdsm.net\/wronline\/wp-content\/uploads\/2023\/06\/Georg-75Jahre-527-scaled-e1686562102210-300x200.jpg 300w, https:\/\/www.vdsm.net\/wronline\/wp-content\/uploads\/2023\/06\/Georg-75Jahre-527-scaled-e1686562102210-768x512.jpg 768w, https:\/\/www.vdsm.net\/wronline\/wp-content\/uploads\/2023\/06\/Georg-75Jahre-527-scaled-e1686562102210.jpg 777w\" sizes=\"auto, (max-width: 300px) 100vw, 300px\" \/><\/a><p id=\"caption-attachment-31012\" class=\"wp-caption-text\">Drei Generationen vereint: Mark Georg (li), Gerd Georg bekamen von der Belegschaft ein Portrait des Firmengr\u00fcnders Heinrich Georg \u00fcberreicht.<\/p><\/div>\n<p>Was das Unternehmen GEORG seit seines Bestehens ausmacht, ist seine permanente Wandlungs- und Innovationsf\u00e4higkeit. Dies zeigte besonders ein eigens produzierter Jubil\u00e4umsfilm, der in den Montagehallen vorgestellt wurde. Dass in dem Unternehmen Leistung und Zusammenhalt gro\u00df geschrieben werden, zeigen nicht nur die vielen Auszeichnungen, die das Buschh\u00fcttener Unternehmen in den vergangenen Jahren erhalten hat. Auch die Interviews mit Nachwuchskr\u00e4ften und den Gesellschaftern Mark Georg und seinem Vater Gerd Georg zeugten von der besonderen Unternehmenskultur und der F\u00e4higkeit, Kunden und gute Talente an das Unternehmen zu binden. So war f\u00fcr die Familienangeh\u00f6rigen der Besch\u00e4ftigten die Besichtigung der Arbeitspl\u00e4tze und Hightech Anlagen ein weiterer H\u00f6hepunkt des Festes.<\/p>\n<p>Bei gutem Essen und Trinken und einer Live Band klang der gesellige Tag am Abend aus.<\/p>\n<p>Text und Fotos: <a href=\"https:\/\/www.georg.com\/de\" target=\"_blank\" rel=\"noopener noreferrer\">Heinrich Georg GmbH\u00a0Maschinenfabrik<\/a><\/p>\n","protected":false},"excerpt":{"rendered":"<p>\u00dcber 1.100 Besucher feierten am Samstag, den 10. Juni 2023 bei sommerlichen Temperaturen das 75-j\u00e4hrige Bestehen des Buschh\u00fcttener Unternehmens GEORG. Heinrich Georg hatte am 20&#8230;.<\/p>\n","protected":false},"author":6,"featured_media":31011,"comment_status":"open","ping_status":"open","sticky":false,"template":"","format":"standard","meta":{"_jetpack_memberships_contains_paid_content":false,"footnotes":""},"categories":[1,32,10],"tags":[],"class_list":["post-31009","post","type-post","status-publish","format-standard","has-post-thumbnail","hentry","category-aktuell","category-infos","category-unternehmen"],"jetpack_featured_media_url":"https:\/\/www.vdsm.net\/wronline\/wp-content\/uploads\/2023\/06\/Georg-75Jahre-241-scaled-e1686562037737.jpg","jetpack_sharing_enabled":true,"_links":{"self":[{"href":"https:\/\/www.vdsm.net\/wronline\/wp-json\/wp\/v2\/posts\/31009","targetHints":{"allow":["GET"]}}],"collection":[{"href":"https:\/\/www.vdsm.net\/wronline\/wp-json\/wp\/v2\/posts"}],"about":[{"href":"https:\/\/www.vdsm.net\/wronline\/wp-json\/wp\/v2\/types\/post"}],"author":[{"embeddable":true,"href":"https:\/\/www.vdsm.net\/wronline\/wp-json\/wp\/v2\/users\/6"}],"replies":[{"embeddable":true,"href":"https:\/\/www.vdsm.net\/wronline\/wp-json\/wp\/v2\/comments?post=31009"}],"version-history":[{"count":4,"href":"https:\/\/www.vdsm.net\/wronline\/wp-json\/wp\/v2\/posts\/31009\/revisions"}],"predecessor-version":[{"id":31017,"href":"https:\/\/www.vdsm.net\/wronline\/wp-json\/wp\/v2\/posts\/31009\/revisions\/31017"}],"wp:featuredmedia":[{"embeddable":true,"href":"https:\/\/www.vdsm.net\/wronline\/wp-json\/wp\/v2\/media\/31011"}],"wp:attachment":[{"href":"https:\/\/www.vdsm.net\/wronline\/wp-json\/wp\/v2\/media?parent=31009"}],"wp:term":[{"taxonomy":"category","embeddable":true,"href":"https:\/\/www.vdsm.net\/wronline\/wp-json\/wp\/v2\/categories?post=31009"},{"taxonomy":"post_tag","embeddable":true,"href":"https:\/\/www.vdsm.net\/wronline\/wp-json\/wp\/v2\/tags?post=31009"}],"curies":[{"name":"wp","href":"https:\/\/api.w.org\/{rel}","templated":true}]}}