{"id":30993,"date":"2023-06-09T10:04:03","date_gmt":"2023-06-09T08:04:03","guid":{"rendered":"https:\/\/www.vdsm.net\/wronline\/?p=30993"},"modified":"2023-06-09T10:12:16","modified_gmt":"2023-06-09T08:12:16","slug":"mars-projekt-offiziell-eroeffnet","status":"publish","type":"post","link":"https:\/\/www.vdsm.net\/wronline\/mars-projekt-offiziell-eroeffnet\/","title":{"rendered":"MARS-Projekt offiziell er\u00f6ffnet"},"content":{"rendered":"<p>Mit der Pr\u00e4sentation des Sch\u00fclerprojekts \u201eErde trifft <span class=\"mark598ezlt10\" data-markjs=\"true\" data-ogac=\"\" data-ogab=\"\" data-ogsc=\"\" data-ogsb=\"\">Mars<\/span>\u201c durch die Physik- und die Kunstdidaktik ist das Programm im Campus Buschh\u00fctten, das sich rund um das riesige, aufgeh\u00e4ngte Mars-Modell des K\u00fcnstlers Luke Jerram dreht, auch offiziell er\u00f6ffnet. Dr. Ina Stricker und Andree Georg sowie Prof. Dr. Magdalena Eckes pr\u00e4sentierten den G\u00e4sten in dieser Woche die Ergebnisse der Arbeiten, die seit April entstanden waren. Unter Regie von Eckes und Prof. Dr. Oliver Schwarz hatten Schulklassen experimentell erfahren, unter welcher Krafteinwirkung die <span class=\"mark598ezlt10\" data-markjs=\"true\" data-ogac=\"\" data-ogab=\"\" data-ogsc=\"\" data-ogsb=\"\">Mars<\/span>oberfl\u00e4che entstanden ist. Dazu wurden einzelne Ph\u00e4nomene, die die\u00a0<span class=\"mark598ezlt10\" data-markjs=\"true\" data-ogac=\"\" data-ogab=\"\" data-ogsc=\"\" data-ogsb=\"\">Mars<\/span>oberfl\u00e4che in ihrer Morphologie bestimmen, durch physikalische Experimente nachempfunden, die auch im Campus Buschh\u00fctten noch einmal gezeigt wurden. In den Werkst\u00e4tten waren im Vorfeld auch \u201ehandfeste\u201c Simulationen der <span class=\"mark598ezlt10\" data-markjs=\"true\" data-ogac=\"\" data-ogab=\"\" data-ogsc=\"\" data-ogsb=\"\">Mars<\/span>oberfl\u00e4che mit ihren Kratern in unterschiedlichen Materialien entstanden, die ebenfalls in Buschh\u00fctten zu sehen sind.<\/p>\n<p>&#8222;Hausherrin&#8220; Dr. Gabriele Barten blickte anl\u00e4sslich der besonderen Ausstellung, die die Optik und den Terminkalender im Campus in den kommenden Tagen und Wochen bestimmen wird, auf die Geschichte des hier federf\u00fchrenden Unternehmens Achenbach Buschh\u00fctten zur\u00fcck, das als wohl \u00e4ltestes, noch existierendes Familienunternehmen der Welt bezeichnet werden k\u00f6nne. Es gebe bei Achenbach zwei wesentliche Gestaltungsprinzipien: Leistung und Solidarit\u00e4t. Man betreibe gemeinsam F\u00fcrsorge f\u00fcr das Unternehmen und seine Mitarbeiter, aber auch Engagement f\u00fcr die Region. Der Campus, und damit auch die Ausstellung als ein Teil davon, sei Beleg daf\u00fcr, dass man einen Beitrag leisten wolle, um die Region zukunftsfest zu machen: &#8222;Damit die Unternehmen auch zuk\u00fcnftig Erfolg haben.&#8220;<\/p>\n<p>Zuvor hatten Katja Knoche (Leiterin des Hauses der Wissenschaft der Uni Siegen), Prof. Dr. Petra Vogel (Prorektorin f\u00fcr Internationales und Lebenslanges Lernen an der Uni Siegen), Siegens Stadtrat Arne Fries und Dieter Gebauer, stellv. B\u00fcrgermeister der Stadt Kreuztal, Gru\u00dfworte gesprochen. Fries beispielsweise lobte, das Konzept, durch dieses Projekt und andere im Campus angedockte Veranstaltungen, Wissen zu den B\u00fcrgerinnen und B\u00fcrgern zu bringen.<\/p>\n<p>Der Campus ist zur\u00a0<span class=\"mark598ezlt10\" data-markjs=\"true\" data-ogac=\"\" data-ogab=\"\" data-ogsc=\"\" data-ogsb=\"\">Mars<\/span>-Betrachtung ge\u00f6ffnet zu folgenden Zeiten ge\u00f6ffnet:<\/p>\n<p>\u00b7\u00a0\u00a0\u00a0\u00a0\u00a0\u00a0\u00a0\u00a0\u00a006. Juni, 18.00 \u2013 20.00 Uhr<\/p>\n<p>\u00b7\u00a0\u00a0\u00a0\u00a0\u00a0\u00a0\u00a0\u00a0\u00a015. Juni, 16.00 \u2013 19.30 Uhr<\/p>\n<p>\u00b7\u00a0\u00a0\u00a0\u00a0\u00a0\u00a0\u00a0\u00a0\u00a020. Juni, 17.00 \u2013 19.00 Uhr<\/p>\n<p><strong>Impressionen von der Er\u00f6ffnung<\/strong><\/p>\n<div id='gallery-1' class='gallery galleryid-30993 gallery-columns-3 gallery-size-medium'><dl class='gallery-item'>\n\t\t\t<dt class='gallery-icon landscape'>\n\t\t\t\t<a href='https:\/\/www.vdsm.net\/wronline\/mars-projekt-offiziell-eroeffnet\/pxl_20230606_132552611\/'><img loading=\"lazy\" decoding=\"async\" width=\"300\" height=\"225\" src=\"https:\/\/www.vdsm.net\/wronline\/wp-content\/uploads\/2023\/06\/PXL_20230606_132552611-300x225.jpg\" class=\"attachment-medium size-medium\" alt=\"\" aria-describedby=\"gallery-1-30994\" srcset=\"https:\/\/www.vdsm.net\/wronline\/wp-content\/uploads\/2023\/06\/PXL_20230606_132552611-300x225.jpg 300w, https:\/\/www.vdsm.net\/wronline\/wp-content\/uploads\/2023\/06\/PXL_20230606_132552611-1024x768.jpg 1024w, https:\/\/www.vdsm.net\/wronline\/wp-content\/uploads\/2023\/06\/PXL_20230606_132552611-768x576.jpg 768w, https:\/\/www.vdsm.net\/wronline\/wp-content\/uploads\/2023\/06\/PXL_20230606_132552611-1536x1152.jpg 1536w, https:\/\/www.vdsm.net\/wronline\/wp-content\/uploads\/2023\/06\/PXL_20230606_132552611-2048x1536.jpg 2048w\" sizes=\"auto, (max-width: 300px) 100vw, 300px\" \/><\/a>\n\t\t\t<\/dt>\n\t\t\t\t<dd class='wp-caption-text gallery-caption' id='gallery-1-30994'>\n\t\t\t\tDr. Gabriele Barten blickte auf die Gr\u00fcnde f\u00fcr das Engagement von Achenbach Buschh\u00fctten zur\u00fcck.\n\t\t\t\t<\/dd><\/dl><dl class='gallery-item'>\n\t\t\t<dt class='gallery-icon landscape'>\n\t\t\t\t<a href='https:\/\/www.vdsm.net\/wronline\/mars-projekt-offiziell-eroeffnet\/pxl_20230606_133818875-mp\/'><img loading=\"lazy\" decoding=\"async\" width=\"300\" height=\"225\" src=\"https:\/\/www.vdsm.net\/wronline\/wp-content\/uploads\/2023\/06\/PXL_20230606_133818875.MP_-300x225.jpg\" class=\"attachment-medium size-medium\" alt=\"\" aria-describedby=\"gallery-1-30995\" srcset=\"https:\/\/www.vdsm.net\/wronline\/wp-content\/uploads\/2023\/06\/PXL_20230606_133818875.MP_-300x225.jpg 300w, https:\/\/www.vdsm.net\/wronline\/wp-content\/uploads\/2023\/06\/PXL_20230606_133818875.MP_-1024x768.jpg 1024w, https:\/\/www.vdsm.net\/wronline\/wp-content\/uploads\/2023\/06\/PXL_20230606_133818875.MP_-768x576.jpg 768w, https:\/\/www.vdsm.net\/wronline\/wp-content\/uploads\/2023\/06\/PXL_20230606_133818875.MP_-1536x1152.jpg 1536w, https:\/\/www.vdsm.net\/wronline\/wp-content\/uploads\/2023\/06\/PXL_20230606_133818875.MP_-2048x1536.jpg 2048w\" sizes=\"auto, (max-width: 300px) 100vw, 300px\" \/><\/a>\n\t\t\t<\/dt>\n\t\t\t\t<dd class='wp-caption-text gallery-caption' id='gallery-1-30995'>\n\t\t\t\tDr. Ina Stricker pr\u00e4sentierte tolle Experimente.\n\t\t\t\t<\/dd><\/dl><dl class='gallery-item'>\n\t\t\t<dt class='gallery-icon landscape'>\n\t\t\t\t<a href='https:\/\/www.vdsm.net\/wronline\/mars-projekt-offiziell-eroeffnet\/pxl_20230606_134022841\/'><img loading=\"lazy\" decoding=\"async\" width=\"300\" height=\"225\" src=\"https:\/\/www.vdsm.net\/wronline\/wp-content\/uploads\/2023\/06\/PXL_20230606_134022841-300x225.jpg\" class=\"attachment-medium size-medium\" alt=\"\" aria-describedby=\"gallery-1-30996\" srcset=\"https:\/\/www.vdsm.net\/wronline\/wp-content\/uploads\/2023\/06\/PXL_20230606_134022841-300x225.jpg 300w, https:\/\/www.vdsm.net\/wronline\/wp-content\/uploads\/2023\/06\/PXL_20230606_134022841-1024x768.jpg 1024w, https:\/\/www.vdsm.net\/wronline\/wp-content\/uploads\/2023\/06\/PXL_20230606_134022841-768x576.jpg 768w, https:\/\/www.vdsm.net\/wronline\/wp-content\/uploads\/2023\/06\/PXL_20230606_134022841-1536x1152.jpg 1536w, https:\/\/www.vdsm.net\/wronline\/wp-content\/uploads\/2023\/06\/PXL_20230606_134022841-2048x1536.jpg 2048w\" sizes=\"auto, (max-width: 300px) 100vw, 300px\" \/><\/a>\n\t\t\t<\/dt>\n\t\t\t\t<dd class='wp-caption-text gallery-caption' id='gallery-1-30996'>\n\t\t\t\tDr. Ina Stricker pr\u00e4sentierte tolle Experimente.\n\t\t\t\t<\/dd><\/dl><br style=\"clear: both\" \/><dl class='gallery-item'>\n\t\t\t<dt class='gallery-icon portrait'>\n\t\t\t\t<a href='https:\/\/www.vdsm.net\/wronline\/mars-projekt-offiziell-eroeffnet\/pxl_20230606_134121666\/'><img loading=\"lazy\" decoding=\"async\" width=\"225\" height=\"300\" src=\"https:\/\/www.vdsm.net\/wronline\/wp-content\/uploads\/2023\/06\/PXL_20230606_134121666-225x300.jpg\" class=\"attachment-medium size-medium\" alt=\"\" aria-describedby=\"gallery-1-30997\" srcset=\"https:\/\/www.vdsm.net\/wronline\/wp-content\/uploads\/2023\/06\/PXL_20230606_134121666-225x300.jpg 225w, https:\/\/www.vdsm.net\/wronline\/wp-content\/uploads\/2023\/06\/PXL_20230606_134121666-768x1024.jpg 768w, https:\/\/www.vdsm.net\/wronline\/wp-content\/uploads\/2023\/06\/PXL_20230606_134121666-1152x1536.jpg 1152w, https:\/\/www.vdsm.net\/wronline\/wp-content\/uploads\/2023\/06\/PXL_20230606_134121666-1536x2048.jpg 1536w, https:\/\/www.vdsm.net\/wronline\/wp-content\/uploads\/2023\/06\/PXL_20230606_134121666-scaled.jpg 1920w\" sizes=\"auto, (max-width: 225px) 100vw, 225px\" \/><\/a>\n\t\t\t<\/dt>\n\t\t\t\t<dd class='wp-caption-text gallery-caption' id='gallery-1-30997'>\n\t\t\t\tDas Publikum folgte interessiert dem Geschehen auf der B\u00fchne. \n\t\t\t\t<\/dd><\/dl><dl class='gallery-item'>\n\t\t\t<dt class='gallery-icon landscape'>\n\t\t\t\t<a href='https:\/\/www.vdsm.net\/wronline\/mars-projekt-offiziell-eroeffnet\/pxl_20230606_134054953\/'><img loading=\"lazy\" decoding=\"async\" width=\"300\" height=\"225\" src=\"https:\/\/www.vdsm.net\/wronline\/wp-content\/uploads\/2023\/06\/PXL_20230606_134054953-300x225.jpg\" class=\"attachment-medium size-medium\" alt=\"\" aria-describedby=\"gallery-1-30998\" srcset=\"https:\/\/www.vdsm.net\/wronline\/wp-content\/uploads\/2023\/06\/PXL_20230606_134054953-300x225.jpg 300w, https:\/\/www.vdsm.net\/wronline\/wp-content\/uploads\/2023\/06\/PXL_20230606_134054953-1024x768.jpg 1024w, https:\/\/www.vdsm.net\/wronline\/wp-content\/uploads\/2023\/06\/PXL_20230606_134054953-768x576.jpg 768w, https:\/\/www.vdsm.net\/wronline\/wp-content\/uploads\/2023\/06\/PXL_20230606_134054953-1536x1152.jpg 1536w, https:\/\/www.vdsm.net\/wronline\/wp-content\/uploads\/2023\/06\/PXL_20230606_134054953-2048x1536.jpg 2048w\" sizes=\"auto, (max-width: 300px) 100vw, 300px\" \/><\/a>\n\t\t\t<\/dt>\n\t\t\t\t<dd class='wp-caption-text gallery-caption' id='gallery-1-30998'>\n\t\t\t\tDas Publikum folgte interessiert dem Geschehen auf der B\u00fchne. \n\t\t\t\t<\/dd><\/dl><dl class='gallery-item'>\n\t\t\t<dt class='gallery-icon landscape'>\n\t\t\t\t<a href='https:\/\/www.vdsm.net\/wronline\/mars-projekt-offiziell-eroeffnet\/pxl_20230606_134711368-mp\/'><img loading=\"lazy\" decoding=\"async\" width=\"300\" height=\"225\" src=\"https:\/\/www.vdsm.net\/wronline\/wp-content\/uploads\/2023\/06\/PXL_20230606_134711368.MP_-300x225.jpg\" class=\"attachment-medium size-medium\" alt=\"\" aria-describedby=\"gallery-1-30999\" srcset=\"https:\/\/www.vdsm.net\/wronline\/wp-content\/uploads\/2023\/06\/PXL_20230606_134711368.MP_-300x225.jpg 300w, https:\/\/www.vdsm.net\/wronline\/wp-content\/uploads\/2023\/06\/PXL_20230606_134711368.MP_-1024x768.jpg 1024w, https:\/\/www.vdsm.net\/wronline\/wp-content\/uploads\/2023\/06\/PXL_20230606_134711368.MP_-768x576.jpg 768w, https:\/\/www.vdsm.net\/wronline\/wp-content\/uploads\/2023\/06\/PXL_20230606_134711368.MP_-1536x1152.jpg 1536w, https:\/\/www.vdsm.net\/wronline\/wp-content\/uploads\/2023\/06\/PXL_20230606_134711368.MP_-2048x1536.jpg 2048w\" sizes=\"auto, (max-width: 300px) 100vw, 300px\" \/><\/a>\n\t\t\t<\/dt>\n\t\t\t\t<dd class='wp-caption-text gallery-caption' id='gallery-1-30999'>\n\t\t\t\tAndree Georg begeisterte auch kleine Forscher von den physikalischen Gegebenheiten auf dem Mars. \n\t\t\t\t<\/dd><\/dl><br style=\"clear: both\" \/><dl class='gallery-item'>\n\t\t\t<dt class='gallery-icon landscape'>\n\t\t\t\t<a href='https:\/\/www.vdsm.net\/wronline\/mars-projekt-offiziell-eroeffnet\/pxl_20230606_135156222\/'><img loading=\"lazy\" decoding=\"async\" width=\"300\" height=\"225\" src=\"https:\/\/www.vdsm.net\/wronline\/wp-content\/uploads\/2023\/06\/PXL_20230606_135156222-300x225.jpg\" class=\"attachment-medium size-medium\" alt=\"\" aria-describedby=\"gallery-1-31000\" srcset=\"https:\/\/www.vdsm.net\/wronline\/wp-content\/uploads\/2023\/06\/PXL_20230606_135156222-300x225.jpg 300w, https:\/\/www.vdsm.net\/wronline\/wp-content\/uploads\/2023\/06\/PXL_20230606_135156222-1024x768.jpg 1024w, https:\/\/www.vdsm.net\/wronline\/wp-content\/uploads\/2023\/06\/PXL_20230606_135156222-768x576.jpg 768w, https:\/\/www.vdsm.net\/wronline\/wp-content\/uploads\/2023\/06\/PXL_20230606_135156222-1536x1152.jpg 1536w, https:\/\/www.vdsm.net\/wronline\/wp-content\/uploads\/2023\/06\/PXL_20230606_135156222-2048x1536.jpg 2048w\" sizes=\"auto, (max-width: 300px) 100vw, 300px\" \/><\/a>\n\t\t\t<\/dt>\n\t\t\t\t<dd class='wp-caption-text gallery-caption' id='gallery-1-31000'>\n\t\t\t\tDr. Ina Stricker und Andree Georg begeisterten mit einigen Experimenten. \n\t\t\t\t<\/dd><\/dl><dl class='gallery-item'>\n\t\t\t<dt class='gallery-icon landscape'>\n\t\t\t\t<a href='https:\/\/www.vdsm.net\/wronline\/mars-projekt-offiziell-eroeffnet\/pxl_20230606_135716124-mp\/'><img loading=\"lazy\" decoding=\"async\" width=\"300\" height=\"225\" src=\"https:\/\/www.vdsm.net\/wronline\/wp-content\/uploads\/2023\/06\/PXL_20230606_135716124.MP_-300x225.jpg\" class=\"attachment-medium size-medium\" alt=\"\" aria-describedby=\"gallery-1-31001\" srcset=\"https:\/\/www.vdsm.net\/wronline\/wp-content\/uploads\/2023\/06\/PXL_20230606_135716124.MP_-300x225.jpg 300w, https:\/\/www.vdsm.net\/wronline\/wp-content\/uploads\/2023\/06\/PXL_20230606_135716124.MP_-1024x768.jpg 1024w, https:\/\/www.vdsm.net\/wronline\/wp-content\/uploads\/2023\/06\/PXL_20230606_135716124.MP_-768x576.jpg 768w, https:\/\/www.vdsm.net\/wronline\/wp-content\/uploads\/2023\/06\/PXL_20230606_135716124.MP_-1536x1152.jpg 1536w, https:\/\/www.vdsm.net\/wronline\/wp-content\/uploads\/2023\/06\/PXL_20230606_135716124.MP_-2048x1536.jpg 2048w\" sizes=\"auto, (max-width: 300px) 100vw, 300px\" \/><\/a>\n\t\t\t<\/dt>\n\t\t\t\t<dd class='wp-caption-text gallery-caption' id='gallery-1-31001'>\n\t\t\t\tProf. Dr. Magdalena Eckes berichtete von der Arbeit mit den Sch\u00fclerinnen und Sch\u00fclern.\n\t\t\t\t<\/dd><\/dl><dl class='gallery-item'>\n\t\t\t<dt class='gallery-icon portrait'>\n\t\t\t\t<a href='https:\/\/www.vdsm.net\/wronline\/mars-projekt-offiziell-eroeffnet\/pxl_20230606_125421927\/'><img loading=\"lazy\" decoding=\"async\" width=\"225\" height=\"300\" src=\"https:\/\/www.vdsm.net\/wronline\/wp-content\/uploads\/2023\/06\/PXL_20230606_125421927-225x300.jpg\" class=\"attachment-medium size-medium\" alt=\"\" aria-describedby=\"gallery-1-31002\" srcset=\"https:\/\/www.vdsm.net\/wronline\/wp-content\/uploads\/2023\/06\/PXL_20230606_125421927-225x300.jpg 225w, https:\/\/www.vdsm.net\/wronline\/wp-content\/uploads\/2023\/06\/PXL_20230606_125421927-768x1024.jpg 768w, https:\/\/www.vdsm.net\/wronline\/wp-content\/uploads\/2023\/06\/PXL_20230606_125421927-1152x1536.jpg 1152w, https:\/\/www.vdsm.net\/wronline\/wp-content\/uploads\/2023\/06\/PXL_20230606_125421927-1536x2048.jpg 1536w, https:\/\/www.vdsm.net\/wronline\/wp-content\/uploads\/2023\/06\/PXL_20230606_125421927-scaled.jpg 1920w\" sizes=\"auto, (max-width: 225px) 100vw, 225px\" \/><\/a>\n\t\t\t<\/dt>\n\t\t\t\t<dd class='wp-caption-text gallery-caption' id='gallery-1-31002'>\n\t\t\t\tDer Mars konnte zur Er\u00f6ffnung zum ersten Mal erkundet werden. Aber es gibt weitere \u00d6ffnungszeiten f\u00fcr Besucher. \n\t\t\t\t<\/dd><\/dl><br style=\"clear: both\" \/><dl class='gallery-item'>\n\t\t\t<dt class='gallery-icon landscape'>\n\t\t\t\t<a href='https:\/\/www.vdsm.net\/wronline\/mars-projekt-offiziell-eroeffnet\/pxl_20230606_130900197\/'><img loading=\"lazy\" decoding=\"async\" width=\"300\" height=\"225\" src=\"https:\/\/www.vdsm.net\/wronline\/wp-content\/uploads\/2023\/06\/PXL_20230606_130900197-300x225.jpg\" class=\"attachment-medium size-medium\" alt=\"\" aria-describedby=\"gallery-1-31003\" srcset=\"https:\/\/www.vdsm.net\/wronline\/wp-content\/uploads\/2023\/06\/PXL_20230606_130900197-300x225.jpg 300w, https:\/\/www.vdsm.net\/wronline\/wp-content\/uploads\/2023\/06\/PXL_20230606_130900197-1024x768.jpg 1024w, https:\/\/www.vdsm.net\/wronline\/wp-content\/uploads\/2023\/06\/PXL_20230606_130900197-768x576.jpg 768w, https:\/\/www.vdsm.net\/wronline\/wp-content\/uploads\/2023\/06\/PXL_20230606_130900197-1536x1152.jpg 1536w, https:\/\/www.vdsm.net\/wronline\/wp-content\/uploads\/2023\/06\/PXL_20230606_130900197-2048x1536.jpg 2048w\" sizes=\"auto, (max-width: 300px) 100vw, 300px\" \/><\/a>\n\t\t\t<\/dt>\n\t\t\t\t<dd class='wp-caption-text gallery-caption' id='gallery-1-31003'>\n\t\t\t\tKatja Knoche, Leiterin des Hauses der Wisschenschaft.\n\t\t\t\t<\/dd><\/dl><dl class='gallery-item'>\n\t\t\t<dt class='gallery-icon landscape'>\n\t\t\t\t<a href='https:\/\/www.vdsm.net\/wronline\/mars-projekt-offiziell-eroeffnet\/pxl_20230606_131440827-mp\/'><img loading=\"lazy\" decoding=\"async\" width=\"300\" height=\"225\" src=\"https:\/\/www.vdsm.net\/wronline\/wp-content\/uploads\/2023\/06\/PXL_20230606_131440827.MP_-300x225.jpg\" class=\"attachment-medium size-medium\" alt=\"\" aria-describedby=\"gallery-1-31004\" srcset=\"https:\/\/www.vdsm.net\/wronline\/wp-content\/uploads\/2023\/06\/PXL_20230606_131440827.MP_-300x225.jpg 300w, https:\/\/www.vdsm.net\/wronline\/wp-content\/uploads\/2023\/06\/PXL_20230606_131440827.MP_-1024x768.jpg 1024w, https:\/\/www.vdsm.net\/wronline\/wp-content\/uploads\/2023\/06\/PXL_20230606_131440827.MP_-768x576.jpg 768w, https:\/\/www.vdsm.net\/wronline\/wp-content\/uploads\/2023\/06\/PXL_20230606_131440827.MP_-1536x1152.jpg 1536w, https:\/\/www.vdsm.net\/wronline\/wp-content\/uploads\/2023\/06\/PXL_20230606_131440827.MP_-2048x1536.jpg 2048w\" sizes=\"auto, (max-width: 300px) 100vw, 300px\" \/><\/a>\n\t\t\t<\/dt>\n\t\t\t\t<dd class='wp-caption-text gallery-caption' id='gallery-1-31004'>\n\t\t\t\tDieter Gebauer, stellv. B\u00fcrgermeister der Stadt Kreuztal.\n\t\t\t\t<\/dd><\/dl><dl class='gallery-item'>\n\t\t\t<dt class='gallery-icon landscape'>\n\t\t\t\t<a href='https:\/\/www.vdsm.net\/wronline\/mars-projekt-offiziell-eroeffnet\/pxl_20230606_131810263-mp\/'><img loading=\"lazy\" decoding=\"async\" width=\"300\" height=\"225\" src=\"https:\/\/www.vdsm.net\/wronline\/wp-content\/uploads\/2023\/06\/PXL_20230606_131810263.MP_-300x225.jpg\" class=\"attachment-medium size-medium\" alt=\"\" aria-describedby=\"gallery-1-31005\" srcset=\"https:\/\/www.vdsm.net\/wronline\/wp-content\/uploads\/2023\/06\/PXL_20230606_131810263.MP_-300x225.jpg 300w, https:\/\/www.vdsm.net\/wronline\/wp-content\/uploads\/2023\/06\/PXL_20230606_131810263.MP_-1024x768.jpg 1024w, https:\/\/www.vdsm.net\/wronline\/wp-content\/uploads\/2023\/06\/PXL_20230606_131810263.MP_-768x576.jpg 768w, https:\/\/www.vdsm.net\/wronline\/wp-content\/uploads\/2023\/06\/PXL_20230606_131810263.MP_-1536x1152.jpg 1536w, https:\/\/www.vdsm.net\/wronline\/wp-content\/uploads\/2023\/06\/PXL_20230606_131810263.MP_-2048x1536.jpg 2048w\" sizes=\"auto, (max-width: 300px) 100vw, 300px\" \/><\/a>\n\t\t\t<\/dt>\n\t\t\t\t<dd class='wp-caption-text gallery-caption' id='gallery-1-31005'>\n\t\t\t\tSiegens Stadtrat Arne Fries.\n\t\t\t\t<\/dd><\/dl><br style=\"clear: both\" \/><dl class='gallery-item'>\n\t\t\t<dt class='gallery-icon landscape'>\n\t\t\t\t<a href='https:\/\/www.vdsm.net\/wronline\/mars-projekt-offiziell-eroeffnet\/pxl_20230606_132249203\/'><img loading=\"lazy\" decoding=\"async\" width=\"300\" height=\"225\" src=\"https:\/\/www.vdsm.net\/wronline\/wp-content\/uploads\/2023\/06\/PXL_20230606_132249203-300x225.jpg\" class=\"attachment-medium size-medium\" alt=\"\" aria-describedby=\"gallery-1-31006\" srcset=\"https:\/\/www.vdsm.net\/wronline\/wp-content\/uploads\/2023\/06\/PXL_20230606_132249203-300x225.jpg 300w, https:\/\/www.vdsm.net\/wronline\/wp-content\/uploads\/2023\/06\/PXL_20230606_132249203-1024x768.jpg 1024w, https:\/\/www.vdsm.net\/wronline\/wp-content\/uploads\/2023\/06\/PXL_20230606_132249203-768x576.jpg 768w, https:\/\/www.vdsm.net\/wronline\/wp-content\/uploads\/2023\/06\/PXL_20230606_132249203-1536x1152.jpg 1536w, https:\/\/www.vdsm.net\/wronline\/wp-content\/uploads\/2023\/06\/PXL_20230606_132249203-2048x1536.jpg 2048w\" sizes=\"auto, (max-width: 300px) 100vw, 300px\" \/><\/a>\n\t\t\t<\/dt>\n\t\t\t\t<dd class='wp-caption-text gallery-caption' id='gallery-1-31006'>\n\t\t\t\tProf. Dr. Petra Vogel, Prorektorin f\u00fcr Internationales und Lebenslanges Lernen an der Uni Siegen.\n\t\t\t\t<\/dd><\/dl>\n\t\t\t<br style='clear: both' \/>\n\t\t<\/div>\n\n<p>Unter dem gro\u00dfen\u00a0<span class=\"mark598ezlt10\" data-markjs=\"true\" data-ogac=\"\" data-ogab=\"\" data-ogsc=\"\" data-ogsb=\"\">Mars<\/span>\u00a0finden bis zum 20. Juni weitere Veranstaltungen statt:<\/p>\n<p>\u00b7\u00a0\u00a0\u00a0\u00a0\u00a0\u00a0\u00a0\u00a0\u00a0<b>12. Juni 2023, 18.00 Uhr:<\/b>\u00a0Prof. Dr. Oliver Schwarz liest aus dem \u00e4ltesten deutschsprachigen Science-Fiction-Roman \u201eAuf zwei Planeten\u201c; der Star-Autor Andreas Eschbach wird via Webex aus der Bretagne zugeschaltet und hat seine Jugendbuchserie \u201eDas\u00a0<span class=\"mark598ezlt10\" data-markjs=\"true\" data-ogac=\"\" data-ogab=\"\" data-ogsc=\"\" data-ogsb=\"\">Mars<\/span>projekt\u201c dabei. Moderiert wird die Lesung, zu der sich Kinder und Jugendliche als MarisanerInnen verkleiden d\u00fcrfen, von Dr. Jana Mikota.<\/p>\n<p>\u00b7\u00a0\u00a0\u00a0\u00a0\u00a0\u00a0\u00a0\u00a0\u00a0Am\u00a0<b>15. Juni 2023, 20.00 Uhr,<\/b>\u00a0findet Forum Siegen unter der beleuchteten\u00a0<span class=\"mark598ezlt10\" data-markjs=\"true\" data-ogac=\"\" data-ogab=\"\" data-ogsc=\"\" data-ogsb=\"\">Mars<\/span>kugel statt. Dr. Markus P\u00f6ssel (Haus der Astronomie Heidelberg) besch\u00e4ftigt sich mit dem Thema \u201eGrenzen der Astronomie \u2013 was wir \u00fcber unser Universum (noch) nicht wissen\u201c.<\/p>\n<p>\u00b7\u00a0\u00a0\u00a0\u00a0\u00a0\u00a0\u00a0\u00a0\u00a0Am\u00a0<b>17. Juni, 12.00 Uhr,<\/b>\u00a0ist das Format \u201eSamstags um 12\u201c zu Gast unter dem riesigen Kunstobjekt. Das Thema des Physikers Dr. Markus Niechciol lautet: \u201eAuf Teilchenjagd am anderen Ende der Welt \u2013 Den extremsten Prozessen auf der Spur\u201c<\/p>\n<p>Wenige freie Pl\u00e4tze f\u00fcr jung und alt gibt es noch im Workshop \u201e<span class=\"mark598ezlt10\" data-markjs=\"true\" data-ogac=\"\" data-ogab=\"\" data-ogsc=\"\" data-ogsb=\"\">Mars<\/span>\u00a0in Stereo\u201c am\u00a0<b>7. Juni, ab 15 Uhr<\/b>. Anmeldung unter Mail\u00a0<a href=\"mailto:dunya.rebaya@uni-siegen.de\" data-auth=\"NotApplicable\" data-linkindex=\"0\">dunya.rebaya@uni-siegen.de<\/a><\/p>\n<p>&nbsp;<\/p>\n<p>Weiteres Highlight im Wissenschaftsjahr ist der Besuch des bekannten ESA-Astronauten Dr. Thomas Reiter am\u00a0<b>6. Juli 2023<\/b>\u00a0in Siegen. Thomas Reiter verbrachte lange Forschungsaufenthalte sowohl auf der ISS als auch auf der MIR. Zum Thema \u201eAstronaut und Wissenschaft\u201c berichtet er am 6. Juli, 20 Uhr, US \u2013 C 116 (Campus Unteres Schloss) im Forum Siegen.<\/p>\n","protected":false},"excerpt":{"rendered":"<p>Mit der Pr\u00e4sentation des Sch\u00fclerprojekts \u201eErde trifft Mars\u201c durch die Physik- und die Kunstdidaktik ist das Programm im Campus Buschh\u00fctten, das sich rund um das&#8230;<\/p>\n","protected":false},"author":7,"featured_media":31002,"comment_status":"open","ping_status":"open","sticky":false,"template":"","format":"standard","meta":{"_jetpack_memberships_contains_paid_content":false,"footnotes":""},"categories":[1,30,10],"tags":[],"class_list":["post-30993","post","type-post","status-publish","format-standard","has-post-thumbnail","hentry","category-aktuell","category-vermischtes","category-unternehmen"],"jetpack_featured_media_url":"https:\/\/www.vdsm.net\/wronline\/wp-content\/uploads\/2023\/06\/PXL_20230606_125421927-scaled.jpg","jetpack_sharing_enabled":true,"_links":{"self":[{"href":"https:\/\/www.vdsm.net\/wronline\/wp-json\/wp\/v2\/posts\/30993","targetHints":{"allow":["GET"]}}],"collection":[{"href":"https:\/\/www.vdsm.net\/wronline\/wp-json\/wp\/v2\/posts"}],"about":[{"href":"https:\/\/www.vdsm.net\/wronline\/wp-json\/wp\/v2\/types\/post"}],"author":[{"embeddable":true,"href":"https:\/\/www.vdsm.net\/wronline\/wp-json\/wp\/v2\/users\/7"}],"replies":[{"embeddable":true,"href":"https:\/\/www.vdsm.net\/wronline\/wp-json\/wp\/v2\/comments?post=30993"}],"version-history":[{"count":2,"href":"https:\/\/www.vdsm.net\/wronline\/wp-json\/wp\/v2\/posts\/30993\/revisions"}],"predecessor-version":[{"id":31008,"href":"https:\/\/www.vdsm.net\/wronline\/wp-json\/wp\/v2\/posts\/30993\/revisions\/31008"}],"wp:featuredmedia":[{"embeddable":true,"href":"https:\/\/www.vdsm.net\/wronline\/wp-json\/wp\/v2\/media\/31002"}],"wp:attachment":[{"href":"https:\/\/www.vdsm.net\/wronline\/wp-json\/wp\/v2\/media?parent=30993"}],"wp:term":[{"taxonomy":"category","embeddable":true,"href":"https:\/\/www.vdsm.net\/wronline\/wp-json\/wp\/v2\/categories?post=30993"},{"taxonomy":"post_tag","embeddable":true,"href":"https:\/\/www.vdsm.net\/wronline\/wp-json\/wp\/v2\/tags?post=30993"}],"curies":[{"name":"wp","href":"https:\/\/api.w.org\/{rel}","templated":true}]}}