{"id":30978,"date":"2023-06-05T09:29:06","date_gmt":"2023-06-05T07:29:06","guid":{"rendered":"https:\/\/www.vdsm.net\/wronline\/?p=30978"},"modified":"2023-06-05T09:29:22","modified_gmt":"2023-06-05T07:29:22","slug":"weber-maschinentechnik-gmbh-lud-zum-tag-der-offenen-tuer","status":"publish","type":"post","link":"https:\/\/www.vdsm.net\/wronline\/weber-maschinentechnik-gmbh-lud-zum-tag-der-offenen-tuer\/","title":{"rendered":"Weber Maschinentechnik GmbH lud zum Tag der offenen T\u00fcr"},"content":{"rendered":"<p>Die Weber Maschinentechnik GmbH hatte am Samstag, 3. Juni 2023 in der Zeit von 11 \u2013 17 Uhr zum Tag der offenen T\u00fcr am Firmensitz in Bad Laasphe-R\u00fcckershausen eingeladen. Anlass f\u00fcr den &#8222;Blick hinter die Kulissen&#8220; war das 70. Firmenjubil\u00e4um, das das Unternehmen im letzten Jahr begehen konnte. Bei herrlichem Sonnenschein konnten sich Besucherinnen und Besucher die blau-grauen R\u00fcttelplatten und Stampfer des Unternehmens vor Ort ansehen und in den Hallen des Unternehmens u.a. sehen, was genau produziert wird. Neben Vorf\u00fchrungen der Ger\u00e4te gab es sogar einen kleinen Parcour, wo die G\u00e4ste selbst erleben konnten, wie es sich anf\u00fchlt, mit einer R\u00fcttelplatte zu arbeiten. Auch f\u00fcr die Kleinsten war gesorgt, indem sie sich vor Ort im XXL-Sandkasten oder\u00a0 auf der H\u00fcpfburg austoben konnten.\u00a0Dar\u00fcber hinaus gab eine Ausstellung, anhand derer die Besucherinnnen und Besucher erfahren konnten, wie sich die Maschinen und Technologien in den letzten 70 Jahren weiterentwickelt haben und wie viel Know-how in der Entwicklung einer R\u00fcttelplatte steckt.<\/p>\n<div style=\"width: 1920px;\" class=\"wp-video\"><video class=\"wp-video-shortcode\" id=\"video-30978-1\" width=\"1920\" height=\"1080\" preload=\"metadata\" controls=\"controls\"><source type=\"video\/mp4\" src=\"https:\/\/www.vdsm.net\/wronline\/wp-content\/uploads\/2023\/06\/EL3A0023.mp4?_=1\" \/><a href=\"https:\/\/www.vdsm.net\/wronline\/wp-content\/uploads\/2023\/06\/EL3A0023.mp4\">https:\/\/www.vdsm.net\/wronline\/wp-content\/uploads\/2023\/06\/EL3A0023.mp4<\/a><\/video><\/div>\n<p>Text, Foto und Video: Julia F\u00f6rster<\/p>\n","protected":false},"excerpt":{"rendered":"<p>Die Weber Maschinentechnik GmbH hatte am Samstag, 3. Juni 2023 in der Zeit von 11 \u2013 17 Uhr zum Tag der offenen T\u00fcr am Firmensitz&#8230;<\/p>\n","protected":false},"author":6,"featured_media":30981,"comment_status":"open","ping_status":"open","sticky":false,"template":"","format":"standard","meta":{"_jetpack_memberships_contains_paid_content":false,"footnotes":""},"categories":[1,32,30,10],"tags":[],"class_list":["post-30978","post","type-post","status-publish","format-standard","has-post-thumbnail","hentry","category-aktuell","category-infos","category-vermischtes","category-unternehmen"],"jetpack_featured_media_url":"https:\/\/www.vdsm.net\/wronline\/wp-content\/uploads\/2023\/06\/EL3A0027-scaled.jpg","jetpack_sharing_enabled":true,"_links":{"self":[{"href":"https:\/\/www.vdsm.net\/wronline\/wp-json\/wp\/v2\/posts\/30978","targetHints":{"allow":["GET"]}}],"collection":[{"href":"https:\/\/www.vdsm.net\/wronline\/wp-json\/wp\/v2\/posts"}],"about":[{"href":"https:\/\/www.vdsm.net\/wronline\/wp-json\/wp\/v2\/types\/post"}],"author":[{"embeddable":true,"href":"https:\/\/www.vdsm.net\/wronline\/wp-json\/wp\/v2\/users\/6"}],"replies":[{"embeddable":true,"href":"https:\/\/www.vdsm.net\/wronline\/wp-json\/wp\/v2\/comments?post=30978"}],"version-history":[{"count":4,"href":"https:\/\/www.vdsm.net\/wronline\/wp-json\/wp\/v2\/posts\/30978\/revisions"}],"predecessor-version":[{"id":30984,"href":"https:\/\/www.vdsm.net\/wronline\/wp-json\/wp\/v2\/posts\/30978\/revisions\/30984"}],"wp:featuredmedia":[{"embeddable":true,"href":"https:\/\/www.vdsm.net\/wronline\/wp-json\/wp\/v2\/media\/30981"}],"wp:attachment":[{"href":"https:\/\/www.vdsm.net\/wronline\/wp-json\/wp\/v2\/media?parent=30978"}],"wp:term":[{"taxonomy":"category","embeddable":true,"href":"https:\/\/www.vdsm.net\/wronline\/wp-json\/wp\/v2\/categories?post=30978"},{"taxonomy":"post_tag","embeddable":true,"href":"https:\/\/www.vdsm.net\/wronline\/wp-json\/wp\/v2\/tags?post=30978"}],"curies":[{"name":"wp","href":"https:\/\/api.w.org\/{rel}","templated":true}]}}