{"id":30973,"date":"2023-06-02T13:56:48","date_gmt":"2023-06-02T11:56:48","guid":{"rendered":"https:\/\/www.vdsm.net\/wronline\/?p=30973"},"modified":"2023-06-02T13:56:48","modified_gmt":"2023-06-02T11:56:48","slug":"mars-findet-stadt-und-erde-trifft-mars","status":"publish","type":"post","link":"https:\/\/www.vdsm.net\/wronline\/mars-findet-stadt-und-erde-trifft-mars\/","title":{"rendered":"Mars findet Stadt und Erde trifft Mars"},"content":{"rendered":"<p>Am fr\u00fchen Morgen des 31. Mai am Campus Buschh\u00fctten. Robert Bohnert, Event-Experte aus Halle\/Saale, hat sich die R\u00e4umlichkeit bereits am Abend zuvor angeschaut. Dabei hat er in einer Box das Equipment f\u00fcr die <span class=\"mark598ezlt10\" data-markjs=\"true\" data-ogac=\"\" data-ogab=\"\" data-ogsc=\"\" data-ogsb=\"\">Mars<\/span>-Installation. In Halle hat der r\u00f6tliche Planet des britischen K\u00fcnstlers Luke Jerram gleich mehrfach die \u00d6rtlichkeit gewechselt. Unter freiem Himmel hing er vor dem neuen Planetarium im alten Gasometer, indoor in der Moritzkirche. Nun ist er im Wissenschaftsjahr \u201eUnser Universum\u201c des Bundesministeriums f\u00fcr Bildung und Forschung (BMBF) und im Rahmen des Projekts \u201e<span class=\"mark598ezlt10\" data-markjs=\"true\" data-ogac=\"\" data-ogab=\"\" data-ogsc=\"\" data-ogsb=\"\">Mars<\/span>\u00a0findet Stadt\u201c im Siegerland angekommen. Die Federf\u00fchrung im Projekt hat der Verein Science2Public inne. Die Installation im Campus Buschh\u00fctten ist gelungen \u2013 vom 6. bis zum 20. Juni finden unter dem gro\u00dfen\u00a0<span class=\"mark598ezlt10\" data-markjs=\"true\" data-ogac=\"\" data-ogab=\"\" data-ogsc=\"\" data-ogsb=\"\">Mars<\/span>\u00a0(7 Meter Durchmesser) zahlreiche Veranstaltungen der Universit\u00e4t Siegen statt. Der Eintritt ist frei.<\/p>\n<p><strong>Er\u00f6ffnung am 6. Juni mit dem Projekt \u201eErde trifft\u00a0<span class=\"mark598ezlt10\" data-markjs=\"true\" data-ogac=\"\" data-ogab=\"\" data-ogsc=\"\" data-ogsb=\"\">Mars<\/span>\u201c<\/strong><i><br \/>\n<\/i>Er\u00f6ffnet wird das Programm in Buschh\u00fctten mit der Pr\u00e4sentation des Sch\u00fcler*innenprojekts \u201eErde trifft\u00a0<span class=\"mark598ezlt10\" data-markjs=\"true\" data-ogac=\"\" data-ogab=\"\" data-ogsc=\"\" data-ogsb=\"\">Mars<\/span>\u201c am 6. Juni ab 15 Uhr. Seit April wird in den Werkst\u00e4tten der Kunstdidaktik und der Physikdidaktik auf dem Haardter Berg mit Sch\u00fclerinnen und Sch\u00fclern gewerkelt. Unter Regie von Prof. Dr. Magdalena Eckes und Prof. Dr. Oliver Schwarz erfahren Schulklassen experimentell, unter welcher Krafteinwirkung die\u00a0<span class=\"mark598ezlt10\" data-markjs=\"true\" data-ogac=\"\" data-ogab=\"\" data-ogsc=\"\" data-ogsb=\"\">Mars<\/span>oberfl\u00e4che entstanden ist. Dazu wurden einzelne Ph\u00e4nomene, die die\u00a0<span class=\"mark598ezlt10\" data-markjs=\"true\" data-ogac=\"\" data-ogab=\"\" data-ogsc=\"\" data-ogsb=\"\">Mars<\/span>oberfl\u00e4che in ihrer Morphologie bestimmen, durch physikalische Experimente nachempfunden. Auf der entstandenen Oberfl\u00e4che wurden dann Besiedlungs- und Erforschungsszenarien inszeniert, die fotografisch (zwei- und dreidimensional) festgehalten und via VR-Brillen erlebbar werden. In den Werkst\u00e4tten entstanden auch \u201ehandfeste\u201c Simulationen der\u00a0<span class=\"mark598ezlt10\" data-markjs=\"true\" data-ogac=\"\" data-ogab=\"\" data-ogsc=\"\" data-ogsb=\"\">Mars<\/span>oberfl\u00e4che mit ihren Kratern in unterschiedlichen Materialien. Dabei wurde Material wie beispielsweise Gips zuerst mit Roststaub eingef\u00e4rbt und dann mit Kugeln \u201ebeschossen\u201c. Ganz besonders sind die M\u00e4dchen und Jungen eingeladen, die gewerkelt haben, zusammen mit ihren Familien die Ergebnisse des Sch\u00fclerprojektes \u201eErde trifft\u00a0<span class=\"mark598ezlt10\" data-markjs=\"true\" data-ogac=\"\" data-ogab=\"\" data-ogsc=\"\" data-ogsb=\"\">Mars<\/span>\u201c anzuschauen.<\/p>\n<p>Unter dem gro\u00dfen\u00a0<span class=\"mark598ezlt10\" data-markjs=\"true\" data-ogac=\"\" data-ogab=\"\" data-ogsc=\"\" data-ogsb=\"\">Mars<\/span>\u00a0finden bis zum 20. Juni weitere Veranstaltungen statt:<\/p>\n<p>\u00b7\u00a0\u00a0\u00a0\u00a0\u00a0\u00a0\u00a0\u00a0\u00a0<b>12. Juni 2023, 18.00 Uhr:<\/b>\u00a0Prof. Dr. Oliver Schwarz liest aus dem \u00e4ltesten deutschsprachigen Science-Fiction-Roman \u201eAuf zwei Planeten\u201c; der Star-Autor Andreas Eschbach wird via Webex aus der Bretagne zugeschaltet und hat seine Jugendbuchserie \u201eDas\u00a0<span class=\"mark598ezlt10\" data-markjs=\"true\" data-ogac=\"\" data-ogab=\"\" data-ogsc=\"\" data-ogsb=\"\">Mars<\/span>projekt\u201c dabei. Moderiert wird die Lesung, zu der sich Kinder und Jugendliche als MarisanerInnen verkleiden d\u00fcrfen, von Dr. Jana Mikota.<\/p>\n<p>\u00b7\u00a0\u00a0\u00a0\u00a0\u00a0\u00a0\u00a0\u00a0\u00a0Am\u00a0<b>15. Juni 2023, 20.00 Uhr,<\/b>\u00a0findet Forum Siegen unter der beleuchteten\u00a0<span class=\"mark598ezlt10\" data-markjs=\"true\" data-ogac=\"\" data-ogab=\"\" data-ogsc=\"\" data-ogsb=\"\">Mars<\/span>kugel statt. Dr. Markus P\u00f6ssel (Haus der Astronomie Heidelberg) besch\u00e4ftigt sich mit dem Thema \u201eGrenzen der Astronomie \u2013 was wir \u00fcber unser Universum (noch) nicht wissen\u201c.<\/p>\n<p>\u00b7\u00a0\u00a0\u00a0\u00a0\u00a0\u00a0\u00a0\u00a0\u00a0Am\u00a0<b>17. Juni, 12.00 Uhr,<\/b>\u00a0ist das Format \u201eSamstags um 12\u201c zu Gast unter dem riesigen Kunstobjekt. Das Thema des Physikers Dr. Markus Niechciol lautet: \u201eAuf Teilchenjagd am anderen Ende der Welt \u2013 Den extremsten Prozessen auf der Spur\u201c<\/p>\n<p>Wenige freie Pl\u00e4tze f\u00fcr jung und alt gibt es noch im Workshop \u201e<span class=\"mark598ezlt10\" data-markjs=\"true\" data-ogac=\"\" data-ogab=\"\" data-ogsc=\"\" data-ogsb=\"\">Mars<\/span>\u00a0in Stereo\u201c am\u00a0<b>7. Juni, ab 15 Uhr<\/b>. Anmeldung unter Mail\u00a0<a href=\"mailto:dunya.rebaya@uni-siegen.de\" data-auth=\"NotApplicable\" data-linkindex=\"0\">dunya.rebaya@uni-siegen.de<\/a><\/p>\n<p>Der Campus ist zur\u00a0<span class=\"mark598ezlt10\" data-markjs=\"true\" data-ogac=\"\" data-ogab=\"\" data-ogsc=\"\" data-ogsb=\"\">Mars<\/span>-Betrachtung ge\u00f6ffnet zu folgenden Zeiten:<\/p>\n<p>\u00b7\u00a0\u00a0\u00a0\u00a0\u00a0\u00a0\u00a0\u00a0\u00a006. Juni, 18.00 \u2013 20.00 Uhr<\/p>\n<p>\u00b7\u00a0\u00a0\u00a0\u00a0\u00a0\u00a0\u00a0\u00a0\u00a015. Juni, 16.00 \u2013 19.30 Uhr<\/p>\n<p>\u00b7\u00a0\u00a0\u00a0\u00a0\u00a0\u00a0\u00a0\u00a0\u00a020. Juni, 17.00 \u2013 19.00 Uhr<\/p>\n<p>Weiteres Highlight im Wissenschaftsjahr ist der Besuch des bekannten ESA-Astronauten Dr. Thomas Reiter am\u00a0<b>6. Juli 2023<\/b>\u00a0in Siegen. Thomas Reiter verbrachte lange Forschungsaufenthalte sowohl auf der ISS als auch auf der MIR. Zum Thema \u201eAstronaut und Wissenschaft\u201c berichtet er am 6. Juli, 20 Uhr, US \u2013 C 116 (Campus Unteres Schloss) im Forum Siegen.<\/p>\n<p>Text\/Foto: Uni Siegen<\/p>\n","protected":false},"excerpt":{"rendered":"<p>Am fr\u00fchen Morgen des 31. Mai am Campus Buschh\u00fctten. Robert Bohnert, Event-Experte aus Halle\/Saale, hat sich die R\u00e4umlichkeit bereits am Abend zuvor angeschaut. Dabei hat&#8230;<\/p>\n","protected":false},"author":7,"featured_media":30974,"comment_status":"open","ping_status":"open","sticky":false,"template":"","format":"standard","meta":{"_jetpack_newsletter_access":"","_jetpack_dont_email_post_to_subs":false,"_jetpack_newsletter_tier_id":0,"_jetpack_memberships_contains_paywalled_content":false,"_jetpack_feature_clip_id":0,"_jetpack_memberships_contains_paid_content":false,"footnotes":"","jetpack_post_was_ever_published":false},"categories":[1,30,11],"tags":[],"class_list":["post-30973","post","type-post","status-publish","format-standard","has-post-thumbnail","hentry","category-aktuell","category-vermischtes","category-regionale-wirtschaft"],"jetpack_sharing_enabled":true,"jetpack_featured_media_url":"https:\/\/www.vdsm.net\/wronline\/wp-content\/uploads\/2023\/06\/mars_buschhuetten.jpg","_links":{"self":[{"href":"https:\/\/www.vdsm.net\/wronline\/wp-json\/wp\/v2\/posts\/30973","targetHints":{"allow":["GET"]}}],"collection":[{"href":"https:\/\/www.vdsm.net\/wronline\/wp-json\/wp\/v2\/posts"}],"about":[{"href":"https:\/\/www.vdsm.net\/wronline\/wp-json\/wp\/v2\/types\/post"}],"author":[{"embeddable":true,"href":"https:\/\/www.vdsm.net\/wronline\/wp-json\/wp\/v2\/users\/7"}],"replies":[{"embeddable":true,"href":"https:\/\/www.vdsm.net\/wronline\/wp-json\/wp\/v2\/comments?post=30973"}],"version-history":[{"count":1,"href":"https:\/\/www.vdsm.net\/wronline\/wp-json\/wp\/v2\/posts\/30973\/revisions"}],"predecessor-version":[{"id":30975,"href":"https:\/\/www.vdsm.net\/wronline\/wp-json\/wp\/v2\/posts\/30973\/revisions\/30975"}],"wp:featuredmedia":[{"embeddable":true,"href":"https:\/\/www.vdsm.net\/wronline\/wp-json\/wp\/v2\/media\/30974"}],"wp:attachment":[{"href":"https:\/\/www.vdsm.net\/wronline\/wp-json\/wp\/v2\/media?parent=30973"}],"wp:term":[{"taxonomy":"category","embeddable":true,"href":"https:\/\/www.vdsm.net\/wronline\/wp-json\/wp\/v2\/categories?post=30973"},{"taxonomy":"post_tag","embeddable":true,"href":"https:\/\/www.vdsm.net\/wronline\/wp-json\/wp\/v2\/tags?post=30973"}],"curies":[{"name":"wp","href":"https:\/\/api.w.org\/{rel}","templated":true}]}}