{"id":30924,"date":"2023-05-26T14:30:04","date_gmt":"2023-05-26T12:30:04","guid":{"rendered":"https:\/\/www.vdsm.net\/wronline\/?p=30924"},"modified":"2023-06-09T09:18:58","modified_gmt":"2023-06-09T07:18:58","slug":"lars-p-feld-wir-muessen-laenger-arbeiten","status":"publish","type":"post","link":"https:\/\/www.vdsm.net\/wronline\/lars-p-feld-wir-muessen-laenger-arbeiten\/","title":{"rendered":"Lars P. Feld: \u201eWir m\u00fcssen l\u00e4nger arbeiten\u201c"},"content":{"rendered":"<p>\u201eEs ist nicht so schlimm, wie man denken w\u00fcrde, es ist aber nicht gut.\u201c Das Fazit des Vortrags von Prof. Dr. Dr. h.c. Lars P. Feld gab am Donnerstagabend sehr gut die Stimmung wieder, die sich derzeit wie ein roter Faden durch die Wirtschaft, nicht nur in Siegen-Wittgenstein, zieht. Der Direktor des Walter Eucken Instituts und gleichzeitig Pers\u00f6nlicher Beauftragter von Bundesfinanzminister Christian Lindner f\u00fcr die gesamtwirtschaftliche Entwicklung war der Einladung der Arbeitgeberverb\u00e4nde Siegen-Wittgenstein ins Haus der Siegerl\u00e4nder Wirtschaft gefolgt und hielt einen kurzweiligen Vortrag unter dem Titel \u201eKrise ohne Ende? Wie ein Neustart gelingen kann\u201c.<\/p>\n<p>In seinen Vorbemerkungen war Christian F. Kocherscheidt, Vorsitzender des Verbandes der Siegerl\u00e4nder Metallindustriellen, auf die Ausgangslage eingegangen: zu viel B\u00fcrokratie, zu hohe Kosten im Energiebereich und eine f\u00f6rmlich wegbr\u00f6ckelnde Infrastruktur.<\/p>\n<p><b>\u201eDer Untergang des Abendlandes ist ausgeblieben\u201c<br \/>\n<\/b>Mit Blick auf die aktuellsten Wirtschaftszahlen, die erst am Morgen ver\u00f6ffentlicht worden waren, meinte Feld: \u201eBeim Ausrufen einer Rezession w\u00e4re ich vorsichtig.\u201c Allerdings habe sich die von ihm erwartete Stagnation f\u00fcr das laufende Jahr schon fr\u00fchzeitig abgezeichnet. Immerhin sei die wirtschaftliche Lage in Folge des Ukraine-Kriegs aber nicht so in den Keller gegangen, wie das BASF-Chef Dr. Martin Bruderm\u00fcller zu Beginn prognostiziert habe. \u201eDer Untergang des Abendlandes ist ausgeblieben.\u201c Dennoch sank das deutsche Bruttoinlandsprodukt im zweiten Quartal in Folge. Experten sprechen dann von einer \u201etechnischen Rezession\u201c. Und auch die Nadel des ifo-Gesch\u00e4ftsklimabarometers zeigt nun wieder nach unten, weist eine Stimmung in der deutschen Wirtschaft aus, die so schlecht ist wie im M\u00e4rz 2022, kurz nach dem Beginn des Ukraine-Krieges.<\/p>\n<p>Zudem s\u00e4hen die Rahmenbedingungen abseits des Krieges (\u201edas ist nicht allein Putins Inflation\u201c) nicht sonderlich gut aus. Die Bundesregierung und auch viele Prognostiker seien sehr optimistisch, was den R\u00fcckgang der Inflation angehe \u2013 frei nach einer Textzeile aus dem Lied \u201eSpinning Wheel\u201c der Band \u201eBlood, Sweat &amp; Tears\u201c: \u201eWhat goes up, must come down\u201c. Doch einige Effekte blieben eben auf lange Sicht. Die hohen Energiekosten seien \u201eeine Problematik, die nicht mehr weg geht\u201c.<\/p>\n<p><b>Woher soll Scholz\u2018 zweites Wirtschaftswunder kommen?<br \/>\n<\/b>Darum frage er sich auch, welcher Redenschreiber Bundeskanzler Olaf Scholz aufgeschrieben habe, dass ein zweites Wirtschaftswunder bevorstehe: \u201eWir hatten damals ein Wirtschaftswachstum von 9 Prozent. Die Arbeitskr\u00e4fte daf\u00fcr haben wir heute gar nicht.\u201c Deutschland befindet sich derzeit im Modus der Stagnation.\u00a0\u00a0Eine wesentliche Ursache hierf\u00fcr sei die Bauindustrie. Denn durch die Inflation und die damit verbundenen Zinserh\u00f6hungsschritte w\u00fcrden zahlreiche Projekte storniert: \u201eDie Goldgr\u00e4berstimmung bei den Immobilieninvestoren ist erst einmal vorbei.\u201c Seines Erachtens bleibe die Inflation erst einmal hoch. \u201eWie einige Institute f\u00fcr 2024 eine 2 vors Komma bekommen, bleibt das Geheimnis der Prognostiker\u201c, schmunzelte Feld. Probleme aufgrund der Steigerung der Zinsen k\u00f6nnten hoch verschuldete Mitgliedstaaten in der EU wegen der h\u00f6heren Zinsausgaben haben. Im Falle von Italien schrumpfe dadurch beispielsweise die Galgenfrist, bis die Finanzm\u00e4rkte hellh\u00f6rig werden. Diese Gefahr gebe es in Deutschland nicht, daf\u00fcr l\u00e4gen die Herausforderungen anderswo. Bei den Energiekosten beispielsweise stehe die Bundesrepublik auf einem zweifelhaften \u201eSiegertreppchen\u201c mit der Goldmedaille ganz oben. Immer neue Regulierungen legten \u201eGulliver\u201c Jahr f\u00fcr Jahr weitere Fesseln an, \u201ebis er sich nicht mehr bewegen kann\u201c.<\/p>\n<p><b>Kritik an fehlender Digitalisierung im \u00f6ffentlichen Dienst<br \/>\n<\/b>Es m\u00fcsse dereguliert werden, vor allem vor dem Hintergrund zuwiderlaufender Gesetze und Verordnungen: \u201eVersuchen Sie mal, in Deutschland ein denkmalgesch\u00fctztes Haus fit f\u00fcr Klimaschutz und Brandschutz zu machen. Da bekommen Sie garantiert Probleme mit den Denkmalsch\u00fctzern!\u201c Jede Beh\u00f6rde entscheide nach Recht und Gesetz: \u201eAber so kommen wir nicht weiter.\u201c Leider sehe er kaum Politiker in Verantwortung, die hier Abhilfe schaffen k\u00f6nnten: \u201eEs gibt B\u00fcrgermeister, die handeln wie Unternehmer. Aber es sind leider viel zu wenige.\u201c<\/p>\n<p>Das Bild ist eindeutig. Lars P. Feld pl\u00e4dierte bei seinen L\u00f6sungsans\u00e4tzen f\u00fcr ein Handeln in vier Bereichen: Klimapolitik, Demografie, Digitalisierung und Au\u00dfenpolitik. Auf dem Feld der Digitalisierung wurde der \u00d6konom besonders deutlich: \u201eDer \u00f6ffentliche Dienst ist nicht digitalisiert. Wenn die Mitarbeiter Homeoffice machen und die Akten liegen im B\u00fcro \u2013 was ist da Office? Das ist \u00fcberspitzt gesagt bedingungsloses Grundeinkommen!\u201c Mit Blick auf einen drohenden \u201ehei\u00dfen\u201c Konflikt um Taiwan riet der ehemalige Wirtschaftsweise zu wirkungsvoller Abschreckung, nur das k\u00f6nne langfristig helfen. Zumal Deutschlands Wirtschaftsleitung extrem am Tropf Chinas und den Importen von dort h\u00e4nge.<\/p>\n<p>In der aktuellen Diskussion um die Vier-Tage-Woche und geltende Altersteilzeit-Modelle legte Lars P. Feld mit Blick auf den Renteneintritt der Baby-Boomer-Generation den Finger unbequem in die Wunde: \u201eEs will keiner h\u00f6ren, aber wir m\u00fcssen l\u00e4nger arbeiten, \u00fcber 67 Jahre hinaus,\u00a0\u00a0sechs Tage in der Woche; weniger Teilzeit, mehr Vollzeit muss das Motto sein.\u201c<\/p>\n<p>Im Hinblick auf den Klimaschutz verwies der Referent auf ein wirksames marktwirtschaftliches Mittel: Die Verteuerung von CO<sub>2<\/sub>, so dass der Markt die Dinge regeln kann. Das k\u00f6nne er aber nur, wenn man gleichzeitig internationale Abkommen schlie\u00dfe, um die Bedingungen f\u00fcr alle \u00e4hnlich zu halten.<\/p>\n<p><b>\u00dcber die Arbeitgeberverb\u00e4nde Siegen-Wittgenstein:<br \/>\n<\/b>Die Arbeitgeberverb\u00e4nde Siegen-Wittgenstein (AGV) vertreten rund 200 Mitgliedsunternehmen in der drittst\u00e4rksten Industrieregion Deutschlands. Der Verband der Siegerl\u00e4nder Metallindustriellen e.V. (VdSM) vertritt die Metall- und Elektroindustrie in Siegen-Wittgenstein. In der Unternehmerschaft Siegen-Wittgenstein (USW) sind alle anderen Branchen zusammengefasst \u2013 von der Tankstelle bis zum Start-Up. Sitz der Arbeitgeberverb\u00e4nde Siegen-Wittgenstein ist das Haus der Siegerl\u00e4nder Wirtschaft an der Spandauer Stra\u00dfe in Siegen. Gesch\u00e4ftsf\u00fchrer ist Dr. Thorsten Doublet, den ehrenamtlichen Vorsitz hat Christian F. Kocherscheidt, Gesch\u00e4ftsf\u00fchrer der Ejot Holding GmbH &amp; Co. KG, inne.<\/p>\n<p>Text: Jan Krumnow\/Fotos: Julia F\u00f6rster<\/p>\n<div id='gallery-1' class='gallery galleryid-30924 gallery-columns-4 gallery-size-large'><dl class='gallery-item'>\n\t\t\t<dt class='gallery-icon landscape'>\n\t\t\t\t<a href='https:\/\/www.vdsm.net\/wronline\/lars-p-feld-wir-muessen-laenger-arbeiten\/el3a0003-b\/'><img loading=\"lazy\" decoding=\"async\" width=\"1024\" height=\"661\" src=\"https:\/\/www.vdsm.net\/wronline\/wp-content\/uploads\/2023\/05\/EL3A0003-b-1024x661.jpg\" class=\"attachment-large size-large\" alt=\"\" aria-describedby=\"gallery-1-30952\" srcset=\"https:\/\/www.vdsm.net\/wronline\/wp-content\/uploads\/2023\/05\/EL3A0003-b-1024x661.jpg 1024w, https:\/\/www.vdsm.net\/wronline\/wp-content\/uploads\/2023\/05\/EL3A0003-b-300x194.jpg 300w, https:\/\/www.vdsm.net\/wronline\/wp-content\/uploads\/2023\/05\/EL3A0003-b-768x496.jpg 768w, https:\/\/www.vdsm.net\/wronline\/wp-content\/uploads\/2023\/05\/EL3A0003-b-1536x992.jpg 1536w, https:\/\/www.vdsm.net\/wronline\/wp-content\/uploads\/2023\/05\/EL3A0003-b.jpg 1990w\" sizes=\"auto, (max-width: 1024px) 100vw, 1024px\" \/><\/a>\n\t\t\t<\/dt>\n\t\t\t\t<dd class='wp-caption-text gallery-caption' id='gallery-1-30952'>\n\t\t\t\tDie Arbeitgeberverb\u00e4nde hatten am Donnerstag Prof. Dr. Lars P. Feld zu Gast. Foto: Julia F\u00f6rster\n\t\t\t\t<\/dd><\/dl><dl class='gallery-item'>\n\t\t\t<dt class='gallery-icon landscape'>\n\t\t\t\t<a href='https:\/\/www.vdsm.net\/wronline\/lars-p-feld-wir-muessen-laenger-arbeiten\/el3a0024-b\/'><img loading=\"lazy\" decoding=\"async\" width=\"1024\" height=\"754\" src=\"https:\/\/www.vdsm.net\/wronline\/wp-content\/uploads\/2023\/05\/EL3A0024-b-1024x754.jpg\" class=\"attachment-large size-large\" alt=\"\" aria-describedby=\"gallery-1-30937\" srcset=\"https:\/\/www.vdsm.net\/wronline\/wp-content\/uploads\/2023\/05\/EL3A0024-b-1024x754.jpg 1024w, https:\/\/www.vdsm.net\/wronline\/wp-content\/uploads\/2023\/05\/EL3A0024-b-300x221.jpg 300w, https:\/\/www.vdsm.net\/wronline\/wp-content\/uploads\/2023\/05\/EL3A0024-b-768x566.jpg 768w, https:\/\/www.vdsm.net\/wronline\/wp-content\/uploads\/2023\/05\/EL3A0024-b-1536x1131.jpg 1536w, https:\/\/www.vdsm.net\/wronline\/wp-content\/uploads\/2023\/05\/EL3A0024-b.jpg 1943w\" sizes=\"auto, (max-width: 1024px) 100vw, 1024px\" \/><\/a>\n\t\t\t<\/dt>\n\t\t\t\t<dd class='wp-caption-text gallery-caption' id='gallery-1-30937'>\n\t\t\t\tDie Arbeitgeberverb\u00e4nde hatten am Donnerstag Prof. Dr. Lars P. Feld zu Gast. Foto: Julia F\u00f6rster\n\t\t\t\t<\/dd><\/dl><dl class='gallery-item'>\n\t\t\t<dt class='gallery-icon portrait'>\n\t\t\t\t<a href='https:\/\/www.vdsm.net\/wronline\/lars-p-feld-wir-muessen-laenger-arbeiten\/el3a0021-b\/'><img loading=\"lazy\" decoding=\"async\" width=\"832\" height=\"1024\" src=\"https:\/\/www.vdsm.net\/wronline\/wp-content\/uploads\/2023\/05\/EL3A0021-b-832x1024.jpg\" class=\"attachment-large size-large\" alt=\"\" aria-describedby=\"gallery-1-30936\" srcset=\"https:\/\/www.vdsm.net\/wronline\/wp-content\/uploads\/2023\/05\/EL3A0021-b-832x1024.jpg 832w, https:\/\/www.vdsm.net\/wronline\/wp-content\/uploads\/2023\/05\/EL3A0021-b-244x300.jpg 244w, https:\/\/www.vdsm.net\/wronline\/wp-content\/uploads\/2023\/05\/EL3A0021-b-768x945.jpg 768w, https:\/\/www.vdsm.net\/wronline\/wp-content\/uploads\/2023\/05\/EL3A0021-b-1248x1536.jpg 1248w, https:\/\/www.vdsm.net\/wronline\/wp-content\/uploads\/2023\/05\/EL3A0021-b.jpg 1459w\" sizes=\"auto, (max-width: 832px) 100vw, 832px\" \/><\/a>\n\t\t\t<\/dt>\n\t\t\t\t<dd class='wp-caption-text gallery-caption' id='gallery-1-30936'>\n\t\t\t\tDie Arbeitgeberverb\u00e4nde hatten am Donnerstag Prof. Dr. Lars P. Feld zu Gast. Foto: Julia F\u00f6rster\n\t\t\t\t<\/dd><\/dl><dl class='gallery-item'>\n\t\t\t<dt class='gallery-icon landscape'>\n\t\t\t\t<a href='https:\/\/www.vdsm.net\/wronline\/lars-p-feld-wir-muessen-laenger-arbeiten\/el3a0009-b\/'><img loading=\"lazy\" decoding=\"async\" width=\"1024\" height=\"1005\" src=\"https:\/\/www.vdsm.net\/wronline\/wp-content\/uploads\/2023\/05\/EL3A0009-b-1024x1005.jpg\" class=\"attachment-large size-large\" alt=\"\" aria-describedby=\"gallery-1-30953\" srcset=\"https:\/\/www.vdsm.net\/wronline\/wp-content\/uploads\/2023\/05\/EL3A0009-b-1024x1005.jpg 1024w, https:\/\/www.vdsm.net\/wronline\/wp-content\/uploads\/2023\/05\/EL3A0009-b-300x294.jpg 300w, https:\/\/www.vdsm.net\/wronline\/wp-content\/uploads\/2023\/05\/EL3A0009-b-768x754.jpg 768w, https:\/\/www.vdsm.net\/wronline\/wp-content\/uploads\/2023\/05\/EL3A0009-b.jpg 1487w\" sizes=\"auto, (max-width: 1024px) 100vw, 1024px\" \/><\/a>\n\t\t\t<\/dt>\n\t\t\t\t<dd class='wp-caption-text gallery-caption' id='gallery-1-30953'>\n\t\t\t\tDie Arbeitgeberverb\u00e4nde hatten am Donnerstag Prof. Dr. Lars P. Feld zu Gast. Foto: Julia F\u00f6rster\n\t\t\t\t<\/dd><\/dl><br style=\"clear: both\" \/><dl class='gallery-item'>\n\t\t\t<dt class='gallery-icon portrait'>\n\t\t\t\t<a href='https:\/\/www.vdsm.net\/wronline\/lars-p-feld-wir-muessen-laenger-arbeiten\/el3a0092-b\/'><img loading=\"lazy\" decoding=\"async\" width=\"768\" height=\"1024\" src=\"https:\/\/www.vdsm.net\/wronline\/wp-content\/uploads\/2023\/05\/EL3A0092-b-768x1024.jpg\" class=\"attachment-large size-large\" alt=\"\" aria-describedby=\"gallery-1-30947\" srcset=\"https:\/\/www.vdsm.net\/wronline\/wp-content\/uploads\/2023\/05\/EL3A0092-b-768x1024.jpg 768w, https:\/\/www.vdsm.net\/wronline\/wp-content\/uploads\/2023\/05\/EL3A0092-b-225x300.jpg 225w, https:\/\/www.vdsm.net\/wronline\/wp-content\/uploads\/2023\/05\/EL3A0092-b-1152x1536.jpg 1152w, https:\/\/www.vdsm.net\/wronline\/wp-content\/uploads\/2023\/05\/EL3A0092-b.jpg 1459w\" sizes=\"auto, (max-width: 768px) 100vw, 768px\" \/><\/a>\n\t\t\t<\/dt>\n\t\t\t\t<dd class='wp-caption-text gallery-caption' id='gallery-1-30947'>\n\t\t\t\tDie Arbeitgeberverb\u00e4nde hatten am Donnerstag Prof. Dr. Lars P. Feld zu Gast. Foto: Julia F\u00f6rster\n\t\t\t\t<\/dd><\/dl><dl class='gallery-item'>\n\t\t\t<dt class='gallery-icon landscape'>\n\t\t\t\t<a href='https:\/\/www.vdsm.net\/wronline\/lars-p-feld-wir-muessen-laenger-arbeiten\/el3a0044-b-2\/'><img loading=\"lazy\" decoding=\"async\" width=\"1024\" height=\"682\" src=\"https:\/\/www.vdsm.net\/wronline\/wp-content\/uploads\/2023\/05\/EL3A0044-b-1-1024x682.jpg\" class=\"attachment-large size-large\" alt=\"\" aria-describedby=\"gallery-1-30949\" srcset=\"https:\/\/www.vdsm.net\/wronline\/wp-content\/uploads\/2023\/05\/EL3A0044-b-1-1024x682.jpg 1024w, https:\/\/www.vdsm.net\/wronline\/wp-content\/uploads\/2023\/05\/EL3A0044-b-1-300x200.jpg 300w, https:\/\/www.vdsm.net\/wronline\/wp-content\/uploads\/2023\/05\/EL3A0044-b-1-768x512.jpg 768w, https:\/\/www.vdsm.net\/wronline\/wp-content\/uploads\/2023\/05\/EL3A0044-b-1-1536x1023.jpg 1536w, https:\/\/www.vdsm.net\/wronline\/wp-content\/uploads\/2023\/05\/EL3A0044-b-1.jpg 1966w\" sizes=\"auto, (max-width: 1024px) 100vw, 1024px\" \/><\/a>\n\t\t\t<\/dt>\n\t\t\t\t<dd class='wp-caption-text gallery-caption' id='gallery-1-30949'>\n\t\t\t\tDie Arbeitgeberverb\u00e4nde hatten am Donnerstag Prof. Dr. Lars P. Feld zu Gast. Foto: Julia F\u00f6rster\n\t\t\t\t<\/dd><\/dl><dl class='gallery-item'>\n\t\t\t<dt class='gallery-icon landscape'>\n\t\t\t\t<a href='https:\/\/www.vdsm.net\/wronline\/lars-p-feld-wir-muessen-laenger-arbeiten\/el3a0037-b\/'><img loading=\"lazy\" decoding=\"async\" width=\"1024\" height=\"682\" src=\"https:\/\/www.vdsm.net\/wronline\/wp-content\/uploads\/2023\/05\/EL3A0037-b-1024x682.jpg\" class=\"attachment-large size-large\" alt=\"\" aria-describedby=\"gallery-1-30948\" srcset=\"https:\/\/www.vdsm.net\/wronline\/wp-content\/uploads\/2023\/05\/EL3A0037-b-1024x682.jpg 1024w, https:\/\/www.vdsm.net\/wronline\/wp-content\/uploads\/2023\/05\/EL3A0037-b-300x200.jpg 300w, https:\/\/www.vdsm.net\/wronline\/wp-content\/uploads\/2023\/05\/EL3A0037-b-768x511.jpg 768w, https:\/\/www.vdsm.net\/wronline\/wp-content\/uploads\/2023\/05\/EL3A0037-b-1536x1023.jpg 1536w, https:\/\/www.vdsm.net\/wronline\/wp-content\/uploads\/2023\/05\/EL3A0037-b.jpg 1967w\" sizes=\"auto, (max-width: 1024px) 100vw, 1024px\" \/><\/a>\n\t\t\t<\/dt>\n\t\t\t\t<dd class='wp-caption-text gallery-caption' id='gallery-1-30948'>\n\t\t\t\tDie Arbeitgeberverb\u00e4nde hatten am Donnerstag Prof. Dr. Lars P. Feld zu Gast. Foto: Julia F\u00f6rster\n\t\t\t\t<\/dd><\/dl><dl class='gallery-item'>\n\t\t\t<dt class='gallery-icon landscape'>\n\t\t\t\t<a href='https:\/\/www.vdsm.net\/wronline\/lars-p-feld-wir-muessen-laenger-arbeiten\/el3a0031-b\/'><img loading=\"lazy\" decoding=\"async\" width=\"1024\" height=\"682\" src=\"https:\/\/www.vdsm.net\/wronline\/wp-content\/uploads\/2023\/05\/EL3A0031-b-1024x682.jpg\" class=\"attachment-large size-large\" alt=\"\" aria-describedby=\"gallery-1-30940\" srcset=\"https:\/\/www.vdsm.net\/wronline\/wp-content\/uploads\/2023\/05\/EL3A0031-b-1024x682.jpg 1024w, https:\/\/www.vdsm.net\/wronline\/wp-content\/uploads\/2023\/05\/EL3A0031-b-300x200.jpg 300w, https:\/\/www.vdsm.net\/wronline\/wp-content\/uploads\/2023\/05\/EL3A0031-b-768x512.jpg 768w, https:\/\/www.vdsm.net\/wronline\/wp-content\/uploads\/2023\/05\/EL3A0031-b-1536x1023.jpg 1536w, https:\/\/www.vdsm.net\/wronline\/wp-content\/uploads\/2023\/05\/EL3A0031-b.jpg 1966w\" sizes=\"auto, (max-width: 1024px) 100vw, 1024px\" \/><\/a>\n\t\t\t<\/dt>\n\t\t\t\t<dd class='wp-caption-text gallery-caption' id='gallery-1-30940'>\n\t\t\t\tDie Arbeitgeberverb\u00e4nde hatten am Donnerstag Prof. Dr. Lars P. Feld zu Gast. Foto: Julia F\u00f6rster\n\t\t\t\t<\/dd><\/dl><br style=\"clear: both\" \/><dl class='gallery-item'>\n\t\t\t<dt class='gallery-icon landscape'>\n\t\t\t\t<a href='https:\/\/www.vdsm.net\/wronline\/lars-p-feld-wir-muessen-laenger-arbeiten\/el3a0043-b\/'><img loading=\"lazy\" decoding=\"async\" width=\"1024\" height=\"768\" src=\"https:\/\/www.vdsm.net\/wronline\/wp-content\/uploads\/2023\/05\/EL3A0043-b-1024x768.jpg\" class=\"attachment-large size-large\" alt=\"\" aria-describedby=\"gallery-1-30942\" srcset=\"https:\/\/www.vdsm.net\/wronline\/wp-content\/uploads\/2023\/05\/EL3A0043-b-1024x768.jpg 1024w, https:\/\/www.vdsm.net\/wronline\/wp-content\/uploads\/2023\/05\/EL3A0043-b-300x225.jpg 300w, https:\/\/www.vdsm.net\/wronline\/wp-content\/uploads\/2023\/05\/EL3A0043-b-768x576.jpg 768w, https:\/\/www.vdsm.net\/wronline\/wp-content\/uploads\/2023\/05\/EL3A0043-b-1536x1152.jpg 1536w, https:\/\/www.vdsm.net\/wronline\/wp-content\/uploads\/2023\/05\/EL3A0043-b.jpg 1795w\" sizes=\"auto, (max-width: 1024px) 100vw, 1024px\" \/><\/a>\n\t\t\t<\/dt>\n\t\t\t\t<dd class='wp-caption-text gallery-caption' id='gallery-1-30942'>\n\t\t\t\tDie Arbeitgeberverb\u00e4nde hatten am Donnerstag Prof. Dr. Lars P. Feld zu Gast. Foto: Julia F\u00f6rster\n\t\t\t\t<\/dd><\/dl><dl class='gallery-item'>\n\t\t\t<dt class='gallery-icon landscape'>\n\t\t\t\t<a href='https:\/\/www.vdsm.net\/wronline\/lars-p-feld-wir-muessen-laenger-arbeiten\/el3a0048-b\/'><img loading=\"lazy\" decoding=\"async\" width=\"1024\" height=\"682\" src=\"https:\/\/www.vdsm.net\/wronline\/wp-content\/uploads\/2023\/05\/EL3A0048-b-1024x682.jpg\" class=\"attachment-large size-large\" alt=\"\" aria-describedby=\"gallery-1-30944\" srcset=\"https:\/\/www.vdsm.net\/wronline\/wp-content\/uploads\/2023\/05\/EL3A0048-b-1024x682.jpg 1024w, https:\/\/www.vdsm.net\/wronline\/wp-content\/uploads\/2023\/05\/EL3A0048-b-300x200.jpg 300w, https:\/\/www.vdsm.net\/wronline\/wp-content\/uploads\/2023\/05\/EL3A0048-b-768x512.jpg 768w, https:\/\/www.vdsm.net\/wronline\/wp-content\/uploads\/2023\/05\/EL3A0048-b-1536x1023.jpg 1536w, https:\/\/www.vdsm.net\/wronline\/wp-content\/uploads\/2023\/05\/EL3A0048-b.jpg 1989w\" sizes=\"auto, (max-width: 1024px) 100vw, 1024px\" \/><\/a>\n\t\t\t<\/dt>\n\t\t\t\t<dd class='wp-caption-text gallery-caption' id='gallery-1-30944'>\n\t\t\t\tDie Arbeitgeberverb\u00e4nde hatten am Donnerstag Prof. Dr. Lars P. Feld zu Gast. Foto: Julia F\u00f6rster\n\t\t\t\t<\/dd><\/dl><dl class='gallery-item'>\n\t\t\t<dt class='gallery-icon portrait'>\n\t\t\t\t<a href='https:\/\/www.vdsm.net\/wronline\/lars-p-feld-wir-muessen-laenger-arbeiten\/el3a0088-b\/'><img loading=\"lazy\" decoding=\"async\" width=\"768\" height=\"1024\" src=\"https:\/\/www.vdsm.net\/wronline\/wp-content\/uploads\/2023\/05\/EL3A0088-b-768x1024.jpg\" class=\"attachment-large size-large\" alt=\"\" aria-describedby=\"gallery-1-30946\" srcset=\"https:\/\/www.vdsm.net\/wronline\/wp-content\/uploads\/2023\/05\/EL3A0088-b-768x1024.jpg 768w, https:\/\/www.vdsm.net\/wronline\/wp-content\/uploads\/2023\/05\/EL3A0088-b-225x300.jpg 225w, https:\/\/www.vdsm.net\/wronline\/wp-content\/uploads\/2023\/05\/EL3A0088-b-1152x1536.jpg 1152w, https:\/\/www.vdsm.net\/wronline\/wp-content\/uploads\/2023\/05\/EL3A0088-b.jpg 1459w\" sizes=\"auto, (max-width: 768px) 100vw, 768px\" \/><\/a>\n\t\t\t<\/dt>\n\t\t\t\t<dd class='wp-caption-text gallery-caption' id='gallery-1-30946'>\n\t\t\t\tDie Arbeitgeberverb\u00e4nde hatten am Donnerstag Prof. Dr. Lars P. Feld zu Gast. Foto: Julia F\u00f6rster\n\t\t\t\t<\/dd><\/dl><dl class='gallery-item'>\n\t\t\t<dt class='gallery-icon landscape'>\n\t\t\t\t<a href='https:\/\/www.vdsm.net\/wronline\/lars-p-feld-wir-muessen-laenger-arbeiten\/el3a0050-b\/'><img loading=\"lazy\" decoding=\"async\" width=\"1024\" height=\"768\" src=\"https:\/\/www.vdsm.net\/wronline\/wp-content\/uploads\/2023\/05\/EL3A0050-b-1024x768.jpg\" class=\"attachment-large size-large\" alt=\"\" aria-describedby=\"gallery-1-30950\" srcset=\"https:\/\/www.vdsm.net\/wronline\/wp-content\/uploads\/2023\/05\/EL3A0050-b-1024x768.jpg 1024w, https:\/\/www.vdsm.net\/wronline\/wp-content\/uploads\/2023\/05\/EL3A0050-b-300x225.jpg 300w, https:\/\/www.vdsm.net\/wronline\/wp-content\/uploads\/2023\/05\/EL3A0050-b-768x576.jpg 768w, https:\/\/www.vdsm.net\/wronline\/wp-content\/uploads\/2023\/05\/EL3A0050-b-1536x1152.jpg 1536w, https:\/\/www.vdsm.net\/wronline\/wp-content\/uploads\/2023\/05\/EL3A0050-b.jpg 1943w\" sizes=\"auto, (max-width: 1024px) 100vw, 1024px\" \/><\/a>\n\t\t\t<\/dt>\n\t\t\t\t<dd class='wp-caption-text gallery-caption' id='gallery-1-30950'>\n\t\t\t\tDie Arbeitgeberverb\u00e4nde hatten am Donnerstag Prof. Dr. Lars P. Feld zu Gast. Foto: Julia F\u00f6rster\n\t\t\t\t<\/dd><\/dl><br style=\"clear: both\" \/><dl class='gallery-item'>\n\t\t\t<dt class='gallery-icon landscape'>\n\t\t\t\t<a href='https:\/\/www.vdsm.net\/wronline\/lars-p-feld-wir-muessen-laenger-arbeiten\/el3a0055-b\/'><img loading=\"lazy\" decoding=\"async\" width=\"1024\" height=\"576\" src=\"https:\/\/www.vdsm.net\/wronline\/wp-content\/uploads\/2023\/05\/EL3A0055-b-1024x576.jpg\" class=\"attachment-large size-large\" alt=\"\" aria-describedby=\"gallery-1-30945\" srcset=\"https:\/\/www.vdsm.net\/wronline\/wp-content\/uploads\/2023\/05\/EL3A0055-b-1024x576.jpg 1024w, https:\/\/www.vdsm.net\/wronline\/wp-content\/uploads\/2023\/05\/EL3A0055-b-300x169.jpg 300w, https:\/\/www.vdsm.net\/wronline\/wp-content\/uploads\/2023\/05\/EL3A0055-b-768x432.jpg 768w, https:\/\/www.vdsm.net\/wronline\/wp-content\/uploads\/2023\/05\/EL3A0055-b-1536x863.jpg 1536w, https:\/\/www.vdsm.net\/wronline\/wp-content\/uploads\/2023\/05\/EL3A0055-b-777x437.jpg 777w, https:\/\/www.vdsm.net\/wronline\/wp-content\/uploads\/2023\/05\/EL3A0055-b-180x101.jpg 180w, https:\/\/www.vdsm.net\/wronline\/wp-content\/uploads\/2023\/05\/EL3A0055-b-260x146.jpg 260w, https:\/\/www.vdsm.net\/wronline\/wp-content\/uploads\/2023\/05\/EL3A0055-b-373x210.jpg 373w, https:\/\/www.vdsm.net\/wronline\/wp-content\/uploads\/2023\/05\/EL3A0055-b-120x67.jpg 120w, https:\/\/www.vdsm.net\/wronline\/wp-content\/uploads\/2023\/05\/EL3A0055-b.jpg 1966w\" sizes=\"auto, (max-width: 1024px) 100vw, 1024px\" \/><\/a>\n\t\t\t<\/dt>\n\t\t\t\t<dd class='wp-caption-text gallery-caption' id='gallery-1-30945'>\n\t\t\t\tDie Arbeitgeberverb\u00e4nde hatten am Donnerstag Prof. Dr. Lars P. Feld zu Gast. Foto: Julia F\u00f6rster\n\t\t\t\t<\/dd><\/dl><dl class='gallery-item'>\n\t\t\t<dt class='gallery-icon portrait'>\n\t\t\t\t<a href='https:\/\/www.vdsm.net\/wronline\/lars-p-feld-wir-muessen-laenger-arbeiten\/el3a0041-b\/'><img loading=\"lazy\" decoding=\"async\" width=\"784\" height=\"1024\" src=\"https:\/\/www.vdsm.net\/wronline\/wp-content\/uploads\/2023\/05\/EL3A0041-b-784x1024.jpg\" class=\"attachment-large size-large\" alt=\"\" aria-describedby=\"gallery-1-30941\" srcset=\"https:\/\/www.vdsm.net\/wronline\/wp-content\/uploads\/2023\/05\/EL3A0041-b-784x1024.jpg 784w, https:\/\/www.vdsm.net\/wronline\/wp-content\/uploads\/2023\/05\/EL3A0041-b-230x300.jpg 230w, https:\/\/www.vdsm.net\/wronline\/wp-content\/uploads\/2023\/05\/EL3A0041-b-768x1003.jpg 768w, https:\/\/www.vdsm.net\/wronline\/wp-content\/uploads\/2023\/05\/EL3A0041-b-1176x1536.jpg 1176w, https:\/\/www.vdsm.net\/wronline\/wp-content\/uploads\/2023\/05\/EL3A0041-b.jpg 1459w\" sizes=\"auto, (max-width: 784px) 100vw, 784px\" \/><\/a>\n\t\t\t<\/dt>\n\t\t\t\t<dd class='wp-caption-text gallery-caption' id='gallery-1-30941'>\n\t\t\t\tDie Arbeitgeberverb\u00e4nde hatten am Donnerstag Prof. Dr. Lars P. Feld zu Gast. Foto: Julia F\u00f6rster\n\t\t\t\t<\/dd><\/dl><dl class='gallery-item'>\n\t\t\t<dt class='gallery-icon landscape'>\n\t\t\t\t<a href='https:\/\/www.vdsm.net\/wronline\/lars-p-feld-wir-muessen-laenger-arbeiten\/el3a0046-b\/'><img loading=\"lazy\" decoding=\"async\" width=\"1024\" height=\"546\" src=\"https:\/\/www.vdsm.net\/wronline\/wp-content\/uploads\/2023\/05\/EL3A0046-b-1024x546.jpg\" class=\"attachment-large size-large\" alt=\"\" aria-describedby=\"gallery-1-30943\" srcset=\"https:\/\/www.vdsm.net\/wronline\/wp-content\/uploads\/2023\/05\/EL3A0046-b-1024x546.jpg 1024w, https:\/\/www.vdsm.net\/wronline\/wp-content\/uploads\/2023\/05\/EL3A0046-b-300x160.jpg 300w, https:\/\/www.vdsm.net\/wronline\/wp-content\/uploads\/2023\/05\/EL3A0046-b-768x409.jpg 768w, https:\/\/www.vdsm.net\/wronline\/wp-content\/uploads\/2023\/05\/EL3A0046-b-1536x819.jpg 1536w, https:\/\/www.vdsm.net\/wronline\/wp-content\/uploads\/2023\/05\/EL3A0046-b.jpg 1989w\" sizes=\"auto, (max-width: 1024px) 100vw, 1024px\" \/><\/a>\n\t\t\t<\/dt>\n\t\t\t\t<dd class='wp-caption-text gallery-caption' id='gallery-1-30943'>\n\t\t\t\tDie Arbeitgeberverb\u00e4nde hatten am Donnerstag Prof. Dr. Lars P. Feld zu Gast. Foto: Julia F\u00f6rster\n\t\t\t\t<\/dd><\/dl><dl class='gallery-item'>\n\t\t\t<dt class='gallery-icon landscape'>\n\t\t\t\t<a href='https:\/\/www.vdsm.net\/wronline\/lars-p-feld-wir-muessen-laenger-arbeiten\/el3a0110-b\/'><img loading=\"lazy\" decoding=\"async\" width=\"1024\" height=\"682\" src=\"https:\/\/www.vdsm.net\/wronline\/wp-content\/uploads\/2023\/05\/EL3A0110-b-1024x682.jpg\" class=\"attachment-large size-large\" alt=\"\" aria-describedby=\"gallery-1-30951\" srcset=\"https:\/\/www.vdsm.net\/wronline\/wp-content\/uploads\/2023\/05\/EL3A0110-b-1024x682.jpg 1024w, https:\/\/www.vdsm.net\/wronline\/wp-content\/uploads\/2023\/05\/EL3A0110-b-300x200.jpg 300w, https:\/\/www.vdsm.net\/wronline\/wp-content\/uploads\/2023\/05\/EL3A0110-b-768x512.jpg 768w, https:\/\/www.vdsm.net\/wronline\/wp-content\/uploads\/2023\/05\/EL3A0110-b-1536x1023.jpg 1536w, https:\/\/www.vdsm.net\/wronline\/wp-content\/uploads\/2023\/05\/EL3A0110-b.jpg 1966w\" sizes=\"auto, (max-width: 1024px) 100vw, 1024px\" \/><\/a>\n\t\t\t<\/dt>\n\t\t\t\t<dd class='wp-caption-text gallery-caption' id='gallery-1-30951'>\n\t\t\t\tDie Arbeitgeberverb\u00e4nde hatten am Donnerstag Prof. Dr. Lars P. Feld zu Gast. Foto: Julia F\u00f6rster\n\t\t\t\t<\/dd><\/dl><br style=\"clear: both\" \/><dl class='gallery-item'>\n\t\t\t<dt class='gallery-icon landscape'>\n\t\t\t\t<a href='https:\/\/www.vdsm.net\/wronline\/lars-p-feld-wir-muessen-laenger-arbeiten\/el3a0094-b\/'><img loading=\"lazy\" decoding=\"async\" width=\"1024\" height=\"768\" src=\"https:\/\/www.vdsm.net\/wronline\/wp-content\/uploads\/2023\/05\/EL3A0094-b-1024x768.jpg\" class=\"attachment-large size-large\" alt=\"\" aria-describedby=\"gallery-1-30927\" srcset=\"https:\/\/www.vdsm.net\/wronline\/wp-content\/uploads\/2023\/05\/EL3A0094-b-1024x768.jpg 1024w, https:\/\/www.vdsm.net\/wronline\/wp-content\/uploads\/2023\/05\/EL3A0094-b-300x225.jpg 300w, https:\/\/www.vdsm.net\/wronline\/wp-content\/uploads\/2023\/05\/EL3A0094-b-768x576.jpg 768w, https:\/\/www.vdsm.net\/wronline\/wp-content\/uploads\/2023\/05\/EL3A0094-b-1536x1152.jpg 1536w, https:\/\/www.vdsm.net\/wronline\/wp-content\/uploads\/2023\/05\/EL3A0094-b.jpg 1943w\" sizes=\"auto, (max-width: 1024px) 100vw, 1024px\" \/><\/a>\n\t\t\t<\/dt>\n\t\t\t\t<dd class='wp-caption-text gallery-caption' id='gallery-1-30927'>\n\t\t\t\tDie Arbeitgeberverb\u00e4nde hatten am Donnerstag Prof. Dr. Lars P. Feld zu Gast. Foto: Julia F\u00f6rster\n\t\t\t\t<\/dd><\/dl><dl class='gallery-item'>\n\t\t\t<dt class='gallery-icon landscape'>\n\t\t\t\t<a href='https:\/\/www.vdsm.net\/wronline\/lars-p-feld-wir-muessen-laenger-arbeiten\/el3a0129-b\/'><img loading=\"lazy\" decoding=\"async\" width=\"1024\" height=\"682\" src=\"https:\/\/www.vdsm.net\/wronline\/wp-content\/uploads\/2023\/05\/EL3A0129-b-1024x682.jpg\" class=\"attachment-large size-large\" alt=\"\" aria-describedby=\"gallery-1-30931\" srcset=\"https:\/\/www.vdsm.net\/wronline\/wp-content\/uploads\/2023\/05\/EL3A0129-b-1024x682.jpg 1024w, https:\/\/www.vdsm.net\/wronline\/wp-content\/uploads\/2023\/05\/EL3A0129-b-300x200.jpg 300w, https:\/\/www.vdsm.net\/wronline\/wp-content\/uploads\/2023\/05\/EL3A0129-b-768x512.jpg 768w, https:\/\/www.vdsm.net\/wronline\/wp-content\/uploads\/2023\/05\/EL3A0129-b-1536x1023.jpg 1536w, https:\/\/www.vdsm.net\/wronline\/wp-content\/uploads\/2023\/05\/EL3A0129-b.jpg 1966w\" sizes=\"auto, (max-width: 1024px) 100vw, 1024px\" \/><\/a>\n\t\t\t<\/dt>\n\t\t\t\t<dd class='wp-caption-text gallery-caption' id='gallery-1-30931'>\n\t\t\t\tDie Arbeitgeberverb\u00e4nde hatten am Donnerstag Prof. Dr. Lars P. Feld zu Gast. Foto: Julia F\u00f6rster\n\t\t\t\t<\/dd><\/dl><dl class='gallery-item'>\n\t\t\t<dt class='gallery-icon landscape'>\n\t\t\t\t<a href='https:\/\/www.vdsm.net\/wronline\/lars-p-feld-wir-muessen-laenger-arbeiten\/el3a0006-b\/'><img loading=\"lazy\" decoding=\"async\" width=\"1024\" height=\"598\" src=\"https:\/\/www.vdsm.net\/wronline\/wp-content\/uploads\/2023\/05\/EL3A0006-b-1024x598.jpg\" class=\"attachment-large size-large\" alt=\"\" aria-describedby=\"gallery-1-30935\" srcset=\"https:\/\/www.vdsm.net\/wronline\/wp-content\/uploads\/2023\/05\/EL3A0006-b-1024x598.jpg 1024w, https:\/\/www.vdsm.net\/wronline\/wp-content\/uploads\/2023\/05\/EL3A0006-b-300x175.jpg 300w, https:\/\/www.vdsm.net\/wronline\/wp-content\/uploads\/2023\/05\/EL3A0006-b-768x449.jpg 768w, https:\/\/www.vdsm.net\/wronline\/wp-content\/uploads\/2023\/05\/EL3A0006-b-1536x898.jpg 1536w, https:\/\/www.vdsm.net\/wronline\/wp-content\/uploads\/2023\/05\/EL3A0006-b.jpg 2033w\" sizes=\"auto, (max-width: 1024px) 100vw, 1024px\" \/><\/a>\n\t\t\t<\/dt>\n\t\t\t\t<dd class='wp-caption-text gallery-caption' id='gallery-1-30935'>\n\t\t\t\tDie Arbeitgeberverb\u00e4nde hatten am Donnerstag Prof. Dr. Lars P. Feld zu Gast. Foto: Julia F\u00f6rster\n\t\t\t\t<\/dd><\/dl><dl class='gallery-item'>\n\t\t\t<dt class='gallery-icon landscape'>\n\t\t\t\t<a href='https:\/\/www.vdsm.net\/wronline\/lars-p-feld-wir-muessen-laenger-arbeiten\/el3a0098-b\/'><img loading=\"lazy\" decoding=\"async\" width=\"1024\" height=\"768\" src=\"https:\/\/www.vdsm.net\/wronline\/wp-content\/uploads\/2023\/05\/EL3A0098-b-1024x768.jpg\" class=\"attachment-large size-large\" alt=\"\" aria-describedby=\"gallery-1-30928\" srcset=\"https:\/\/www.vdsm.net\/wronline\/wp-content\/uploads\/2023\/05\/EL3A0098-b-1024x768.jpg 1024w, https:\/\/www.vdsm.net\/wronline\/wp-content\/uploads\/2023\/05\/EL3A0098-b-300x225.jpg 300w, https:\/\/www.vdsm.net\/wronline\/wp-content\/uploads\/2023\/05\/EL3A0098-b-768x576.jpg 768w, https:\/\/www.vdsm.net\/wronline\/wp-content\/uploads\/2023\/05\/EL3A0098-b-1536x1152.jpg 1536w, https:\/\/www.vdsm.net\/wronline\/wp-content\/uploads\/2023\/05\/EL3A0098-b.jpg 1943w\" sizes=\"auto, (max-width: 1024px) 100vw, 1024px\" \/><\/a>\n\t\t\t<\/dt>\n\t\t\t\t<dd class='wp-caption-text gallery-caption' id='gallery-1-30928'>\n\t\t\t\tDie Arbeitgeberverb\u00e4nde hatten am Donnerstag Prof. Dr. Lars P. Feld zu Gast. Foto: Julia F\u00f6rster\n\t\t\t\t<\/dd><\/dl><br style=\"clear: both\" \/><dl class='gallery-item'>\n\t\t\t<dt class='gallery-icon landscape'>\n\t\t\t\t<a href='https:\/\/www.vdsm.net\/wronline\/lars-p-feld-wir-muessen-laenger-arbeiten\/el3a0028-b\/'><img loading=\"lazy\" decoding=\"async\" width=\"1024\" height=\"689\" src=\"https:\/\/www.vdsm.net\/wronline\/wp-content\/uploads\/2023\/05\/EL3A0028-b-1024x689.jpg\" class=\"attachment-large size-large\" alt=\"\" aria-describedby=\"gallery-1-30938\" srcset=\"https:\/\/www.vdsm.net\/wronline\/wp-content\/uploads\/2023\/05\/EL3A0028-b-1024x689.jpg 1024w, https:\/\/www.vdsm.net\/wronline\/wp-content\/uploads\/2023\/05\/EL3A0028-b-300x202.jpg 300w, https:\/\/www.vdsm.net\/wronline\/wp-content\/uploads\/2023\/05\/EL3A0028-b-768x517.jpg 768w, https:\/\/www.vdsm.net\/wronline\/wp-content\/uploads\/2023\/05\/EL3A0028-b-1536x1033.jpg 1536w, https:\/\/www.vdsm.net\/wronline\/wp-content\/uploads\/2023\/05\/EL3A0028-b.jpg 1971w\" sizes=\"auto, (max-width: 1024px) 100vw, 1024px\" \/><\/a>\n\t\t\t<\/dt>\n\t\t\t\t<dd class='wp-caption-text gallery-caption' id='gallery-1-30938'>\n\t\t\t\tDie Arbeitgeberverb\u00e4nde hatten am Donnerstag Prof. Dr. Lars P. Feld zu Gast. Foto: Julia F\u00f6rster\n\t\t\t\t<\/dd><\/dl><dl class='gallery-item'>\n\t\t\t<dt class='gallery-icon landscape'>\n\t\t\t\t<a href='https:\/\/www.vdsm.net\/wronline\/lars-p-feld-wir-muessen-laenger-arbeiten\/el3a0030-b\/'><img loading=\"lazy\" decoding=\"async\" width=\"1024\" height=\"680\" src=\"https:\/\/www.vdsm.net\/wronline\/wp-content\/uploads\/2023\/05\/EL3A0030-b-1024x680.jpg\" class=\"attachment-large size-large\" alt=\"\" aria-describedby=\"gallery-1-30939\" srcset=\"https:\/\/www.vdsm.net\/wronline\/wp-content\/uploads\/2023\/05\/EL3A0030-b-1024x680.jpg 1024w, https:\/\/www.vdsm.net\/wronline\/wp-content\/uploads\/2023\/05\/EL3A0030-b-300x199.jpg 300w, https:\/\/www.vdsm.net\/wronline\/wp-content\/uploads\/2023\/05\/EL3A0030-b-768x510.jpg 768w, https:\/\/www.vdsm.net\/wronline\/wp-content\/uploads\/2023\/05\/EL3A0030-b-1536x1021.jpg 1536w, https:\/\/www.vdsm.net\/wronline\/wp-content\/uploads\/2023\/05\/EL3A0030-b.jpg 1955w\" sizes=\"auto, (max-width: 1024px) 100vw, 1024px\" \/><\/a>\n\t\t\t<\/dt>\n\t\t\t\t<dd class='wp-caption-text gallery-caption' id='gallery-1-30939'>\n\t\t\t\tDie Arbeitgeberverb\u00e4nde hatten am Donnerstag Prof. Dr. Lars P. Feld zu Gast. Foto: Julia F\u00f6rster\n\t\t\t\t<\/dd><\/dl><dl class='gallery-item'>\n\t\t\t<dt class='gallery-icon landscape'>\n\t\t\t\t<a href='https:\/\/www.vdsm.net\/wronline\/lars-p-feld-wir-muessen-laenger-arbeiten\/el3a0127-b\/'><img loading=\"lazy\" decoding=\"async\" width=\"1024\" height=\"659\" src=\"https:\/\/www.vdsm.net\/wronline\/wp-content\/uploads\/2023\/05\/EL3A0127-b-1024x659.jpg\" class=\"attachment-large size-large\" alt=\"\" aria-describedby=\"gallery-1-30929\" srcset=\"https:\/\/www.vdsm.net\/wronline\/wp-content\/uploads\/2023\/05\/EL3A0127-b-1024x659.jpg 1024w, https:\/\/www.vdsm.net\/wronline\/wp-content\/uploads\/2023\/05\/EL3A0127-b-300x193.jpg 300w, https:\/\/www.vdsm.net\/wronline\/wp-content\/uploads\/2023\/05\/EL3A0127-b-768x494.jpg 768w, https:\/\/www.vdsm.net\/wronline\/wp-content\/uploads\/2023\/05\/EL3A0127-b-1536x989.jpg 1536w, https:\/\/www.vdsm.net\/wronline\/wp-content\/uploads\/2023\/05\/EL3A0127-b-2048x1318.jpg 2048w\" sizes=\"auto, (max-width: 1024px) 100vw, 1024px\" \/><\/a>\n\t\t\t<\/dt>\n\t\t\t\t<dd class='wp-caption-text gallery-caption' id='gallery-1-30929'>\n\t\t\t\tDie Arbeitgeberverb\u00e4nde hatten am Donnerstag Prof. Dr. Lars P. Feld zu Gast. Foto: Julia F\u00f6rster\n\t\t\t\t<\/dd><\/dl><dl class='gallery-item'>\n\t\t\t<dt class='gallery-icon landscape'>\n\t\t\t\t<a href='https:\/\/www.vdsm.net\/wronline\/lars-p-feld-wir-muessen-laenger-arbeiten\/el3a0128-b\/'><img loading=\"lazy\" decoding=\"async\" width=\"1024\" height=\"632\" src=\"https:\/\/www.vdsm.net\/wronline\/wp-content\/uploads\/2023\/05\/EL3A0128-b-1024x632.jpg\" class=\"attachment-large size-large\" alt=\"\" aria-describedby=\"gallery-1-30930\" srcset=\"https:\/\/www.vdsm.net\/wronline\/wp-content\/uploads\/2023\/05\/EL3A0128-b-1024x632.jpg 1024w, https:\/\/www.vdsm.net\/wronline\/wp-content\/uploads\/2023\/05\/EL3A0128-b-300x185.jpg 300w, https:\/\/www.vdsm.net\/wronline\/wp-content\/uploads\/2023\/05\/EL3A0128-b-768x474.jpg 768w, https:\/\/www.vdsm.net\/wronline\/wp-content\/uploads\/2023\/05\/EL3A0128-b-1536x948.jpg 1536w, https:\/\/www.vdsm.net\/wronline\/wp-content\/uploads\/2023\/05\/EL3A0128-b.jpg 1963w\" sizes=\"auto, (max-width: 1024px) 100vw, 1024px\" \/><\/a>\n\t\t\t<\/dt>\n\t\t\t\t<dd class='wp-caption-text gallery-caption' id='gallery-1-30930'>\n\t\t\t\tDie Arbeitgeberverb\u00e4nde hatten am Donnerstag Prof. Dr. Lars P. Feld zu Gast. Foto: Julia F\u00f6rster\n\t\t\t\t<\/dd><\/dl><br style=\"clear: both\" \/><dl class='gallery-item'>\n\t\t\t<dt class='gallery-icon landscape'>\n\t\t\t\t<a href='https:\/\/www.vdsm.net\/wronline\/lars-p-feld-wir-muessen-laenger-arbeiten\/el3a0135-b\/'><img loading=\"lazy\" decoding=\"async\" width=\"1024\" height=\"682\" src=\"https:\/\/www.vdsm.net\/wronline\/wp-content\/uploads\/2023\/05\/EL3A0135-b-1024x682.jpg\" class=\"attachment-large size-large\" alt=\"\" aria-describedby=\"gallery-1-30934\" srcset=\"https:\/\/www.vdsm.net\/wronline\/wp-content\/uploads\/2023\/05\/EL3A0135-b-1024x682.jpg 1024w, https:\/\/www.vdsm.net\/wronline\/wp-content\/uploads\/2023\/05\/EL3A0135-b-300x200.jpg 300w, https:\/\/www.vdsm.net\/wronline\/wp-content\/uploads\/2023\/05\/EL3A0135-b-768x512.jpg 768w, https:\/\/www.vdsm.net\/wronline\/wp-content\/uploads\/2023\/05\/EL3A0135-b-1536x1023.jpg 1536w, https:\/\/www.vdsm.net\/wronline\/wp-content\/uploads\/2023\/05\/EL3A0135-b.jpg 1966w\" sizes=\"auto, (max-width: 1024px) 100vw, 1024px\" \/><\/a>\n\t\t\t<\/dt>\n\t\t\t\t<dd class='wp-caption-text gallery-caption' id='gallery-1-30934'>\n\t\t\t\tDie Arbeitgeberverb\u00e4nde hatten am Donnerstag Prof. Dr. Lars P. Feld zu Gast. Foto: Julia F\u00f6rster\n\t\t\t\t<\/dd><\/dl><dl class='gallery-item'>\n\t\t\t<dt class='gallery-icon landscape'>\n\t\t\t\t<a href='https:\/\/www.vdsm.net\/wronline\/lars-p-feld-wir-muessen-laenger-arbeiten\/el3a0130-b\/'><img loading=\"lazy\" decoding=\"async\" width=\"1024\" height=\"802\" src=\"https:\/\/www.vdsm.net\/wronline\/wp-content\/uploads\/2023\/05\/EL3A0130-b-1024x802.jpg\" class=\"attachment-large size-large\" alt=\"\" aria-describedby=\"gallery-1-30933\" srcset=\"https:\/\/www.vdsm.net\/wronline\/wp-content\/uploads\/2023\/05\/EL3A0130-b-1024x802.jpg 1024w, https:\/\/www.vdsm.net\/wronline\/wp-content\/uploads\/2023\/05\/EL3A0130-b-300x235.jpg 300w, https:\/\/www.vdsm.net\/wronline\/wp-content\/uploads\/2023\/05\/EL3A0130-b-768x601.jpg 768w, https:\/\/www.vdsm.net\/wronline\/wp-content\/uploads\/2023\/05\/EL3A0130-b-1536x1202.jpg 1536w, https:\/\/www.vdsm.net\/wronline\/wp-content\/uploads\/2023\/05\/EL3A0130-b.jpg 1597w\" sizes=\"auto, (max-width: 1024px) 100vw, 1024px\" \/><\/a>\n\t\t\t<\/dt>\n\t\t\t\t<dd class='wp-caption-text gallery-caption' id='gallery-1-30933'>\n\t\t\t\tDie Arbeitgeberverb\u00e4nde hatten am Donnerstag Prof. Dr. Lars P. Feld zu Gast. Foto: Julia F\u00f6rster\n\t\t\t\t<\/dd><\/dl>\n\t\t\t<br style='clear: both' \/>\n\t\t<\/div>\n\n","protected":false},"excerpt":{"rendered":"<p>\u201eEs ist nicht so schlimm, wie man denken w\u00fcrde, es ist aber nicht gut.\u201c Das Fazit des Vortrags von Prof. Dr. Dr. h.c. Lars P&#8230;.<\/p>\n","protected":false},"author":7,"featured_media":30925,"comment_status":"open","ping_status":"open","sticky":false,"template":"","format":"standard","meta":{"_jetpack_newsletter_access":"","_jetpack_dont_email_post_to_subs":false,"_jetpack_newsletter_tier_id":0,"_jetpack_memberships_contains_paywalled_content":false,"_jetpack_feature_clip_id":0,"_jetpack_memberships_contains_paid_content":false,"footnotes":"","jetpack_post_was_ever_published":false},"categories":[1,30,11],"tags":[],"class_list":["post-30924","post","type-post","status-publish","format-standard","has-post-thumbnail","hentry","category-aktuell","category-vermischtes","category-regionale-wirtschaft"],"jetpack_sharing_enabled":true,"jetpack_featured_media_url":"https:\/\/www.vdsm.net\/wronline\/wp-content\/uploads\/2023\/05\/EL3A0044-b.jpg","_links":{"self":[{"href":"https:\/\/www.vdsm.net\/wronline\/wp-json\/wp\/v2\/posts\/30924","targetHints":{"allow":["GET"]}}],"collection":[{"href":"https:\/\/www.vdsm.net\/wronline\/wp-json\/wp\/v2\/posts"}],"about":[{"href":"https:\/\/www.vdsm.net\/wronline\/wp-json\/wp\/v2\/types\/post"}],"author":[{"embeddable":true,"href":"https:\/\/www.vdsm.net\/wronline\/wp-json\/wp\/v2\/users\/7"}],"replies":[{"embeddable":true,"href":"https:\/\/www.vdsm.net\/wronline\/wp-json\/wp\/v2\/comments?post=30924"}],"version-history":[{"count":7,"href":"https:\/\/www.vdsm.net\/wronline\/wp-json\/wp\/v2\/posts\/30924\/revisions"}],"predecessor-version":[{"id":30992,"href":"https:\/\/www.vdsm.net\/wronline\/wp-json\/wp\/v2\/posts\/30924\/revisions\/30992"}],"wp:featuredmedia":[{"embeddable":true,"href":"https:\/\/www.vdsm.net\/wronline\/wp-json\/wp\/v2\/media\/30925"}],"wp:attachment":[{"href":"https:\/\/www.vdsm.net\/wronline\/wp-json\/wp\/v2\/media?parent=30924"}],"wp:term":[{"taxonomy":"category","embeddable":true,"href":"https:\/\/www.vdsm.net\/wronline\/wp-json\/wp\/v2\/categories?post=30924"},{"taxonomy":"post_tag","embeddable":true,"href":"https:\/\/www.vdsm.net\/wronline\/wp-json\/wp\/v2\/tags?post=30924"}],"curies":[{"name":"wp","href":"https:\/\/api.w.org\/{rel}","templated":true}]}}