{"id":30918,"date":"2023-05-25T11:17:25","date_gmt":"2023-05-25T09:17:25","guid":{"rendered":"https:\/\/www.vdsm.net\/wronline\/?p=30918"},"modified":"2023-05-25T12:01:46","modified_gmt":"2023-05-25T10:01:46","slug":"suedwestfalen-sucht-den-kracher-des-jahres-2023","status":"publish","type":"post","link":"https:\/\/www.vdsm.net\/wronline\/suedwestfalen-sucht-den-kracher-des-jahres-2023\/","title":{"rendered":"S\u00fcdwestfalen sucht den \u201eKracher des Jahres\u201c 2023!"},"content":{"rendered":"<p>Die Wirtschaft in S\u00fcdwestfalen kann und soll sich sehen lassen. Innovative Produkte, kreative Konzepte und Erfindungen, die in der Region ihren Ursprung haben, kommen in ganz Deutschland und auch international zum Einsatz \u2013 doch vor Ort wissen das oft nur wenige. Daran will die Aktion \u201eDer Kracher des Jahres \u2013 made in S\u00fcdwestfalen\u201c etwas \u00e4ndern. Nach dem gro\u00dfen Erfolg 2021 findet sie in diesem Jahr zum zweiten Mal statt und richtet sich an Unternehmen und Verb\u00e4nde aus ganz S\u00fcdwestfalen: Im Rahmen eines interaktiven Wettbewerbs k\u00f6nnen diese ihre \u201eKracher\u201c-Produkte und Ideen per Kurzvideo vorstellen und damit gleichzeitig die Vielfalt der regionalen Wirtschaft einem gro\u00dfen Publikum bekannt machen.<\/p>\n<p>Hinter der Initiative \u201eDer Kracher des Jahres \u2013 made in S\u00fcdwestfalen\u201c stehen zentrale Wirtschaftsorganisationen der Region: Unter der Federf\u00fchrung des Regionalmarketings S\u00fcdwestfalen der S\u00fcdwestfalen Agentur sind die Industrie- und Handelskammern, alle Arbeitgeberverb\u00e4nde aus S\u00fcdwestfalen, die Handwerkskammern und Kreishandwerkerschaften der Region sowie die Wirtschaftsf\u00f6rderungen der Kreise wichtige Partner der Aktion.<\/p>\n<p>\u201eWir freuen uns, dass wir diese gro\u00dfartige Gemeinschaftsaktion aus S\u00fcdwestfalen nun zum zweiten Mal durchf\u00fchren k\u00f6nnen! Bei der Premiere 2021 haben wir fast 50 Videos erhalten; mehr als 20.000 Mal wurden die Beitr\u00e4ge der Aktion angeklickt. Das ist ein gro\u00dfer Ansporn f\u00fcr dieses Jahr\u201c, erkl\u00e4rt Marie Ting, Leiterin des Regionalmarketings S\u00fcdwestfalen bei der S\u00fcdwestfalen Agentur.<\/p>\n<p>Alle Betriebe der Region sind wieder eingeladen, in kurzen Videos zu zeigen, welche besonderen Produkte und Ideen aus S\u00fcdwestfalen kommen. \u201eDie teilnehmenden Unternehmen k\u00f6nnen etwas pr\u00e4sentieren, auf das sie stolz sind. Ihr &#8218;Kracher&#8216; kann ein Fabrikat sein, ein Service, eine Technologie oder eine innovative Entwicklung \u2013 wir freuen uns \u00fcber jeden Beitrag\u201c, erg\u00e4nzt Maik Rosenberg, Vorsitzender des Vereins Wirtschaft f\u00fcr S\u00fcdwestfalen.<\/p>\n<p><strong>Teilnehmen bis zum 7. Juli 2023 \u2013 so geht\u2018s<\/strong><\/p>\n<p>Unternehmen k\u00f6nnen ihre selbstgedrehten Videos von maximal 90 Sekunden L\u00e4nge ab sofort bis zum 7. Juli 2023 bei der S\u00fcdwestfalen Agentur einreichen. Voraussetzungen sind, dass die Firma ihren Hauptsitz in S\u00fcdwestfalen hat und der \u201eKracher\u201c von ihr entwickelt und auf den Markt gebracht wurde. \u201eWir w\u00fcnschen uns, dass m\u00f6glichst viele Unternehmen mitmachen. Ob mit Kamera oder per Smartphone gefilmt, ob Clip der Gesch\u00e4ftsf\u00fchrung oder Azubi-Projekt: Die Videos d\u00fcrfen und sollen authentisch und kreativ sein. Es gilt, in anderthalb Minuten \u00fcberzeugend und anschaulich zu erkl\u00e4ren, was aus Sicht des Unternehmens ein echter Kracher ist \u2013 und warum\u201c, erl\u00e4utert Marie Ting vom Regionalmarketing S\u00fcdwestfalen weiter.<\/p>\n<p>Nach Ende der Einreichungsfrist werden die Kurzfilme \u00fcber die \u201eS\u00fcdwestfalen &#8211; Alles Echt\u201c Kan\u00e4le auf Social Media ver\u00f6ffentlicht; in einer Online-Umfrage kann die \u00d6ffentlichkeit f\u00fcr ihren Favoriten abstimmen. Die teilnehmenden Unternehmen sind aufgerufen, ihren Wettbewerbsbeitrag unter ihren Mitarbeitenden und in eigenen Netzwerken ebenfalls zu teilen und so m\u00f6glichst viele Unterst\u00fctzerinnen und Unterst\u00fctzer zu mobilisieren.<\/p>\n<p>Alle Online-Voten flie\u00dfen ein in die Gesamtbewertung, bei der eine Jury aus Vertreter:innen der Wirtschaftspartner zun\u00e4chst \u00fcber die f\u00fcnf Kreissieger entscheidet. Diese werden bis zum 23. August feststehen. Ein besonderes Highlight in diesem Jahr: Die Finalistinnen und Finalisten werden w\u00e4hrend des S\u00fcdwestfalen-Festivals am 31. August in Kreuztal per Live-Voting durch alle Anwesenden gek\u00fcrt. \u201eBei dieser Veranstaltung der S\u00fcdwestfalen Agentur mit spannenden Diskussionen und einem bunten Rahmenprogramm werden alle f\u00fcnf Videos gezeigt und erhalten damit noch einmal besondere Aufmerksamkeit\u201c, betont Marie Ting. \u201eAu\u00dferdem wartet ein attraktiver Gewinn auf den Gesamtsieger.\u201c<\/p>\n<p>Weitere Infos zur Aktion gibt es unter <a href=\"https:\/\/infos.suedwestfalen.com\/c\/83335436\/fee2db09c862-rv25sn\" target=\"_blank\" rel=\"noopener\">www.jetzt-zusammenstehen.de\/kracher<\/a><\/p>\n<p>Text und Foto: <a href=\"https:\/\/www.suedwestfalen-agentur.com\/\" target=\"_blank\" rel=\"noopener\">S\u00fcdwestfalen Agentur GmbH<\/a><\/p>\n","protected":false},"excerpt":{"rendered":"<p>Die Wirtschaft in S\u00fcdwestfalen kann und soll sich sehen lassen. Innovative Produkte, kreative Konzepte und Erfindungen, die in der Region ihren Ursprung haben, kommen in&#8230;<\/p>\n","protected":false},"author":6,"featured_media":30919,"comment_status":"open","ping_status":"open","sticky":false,"template":"","format":"standard","meta":{"_jetpack_newsletter_access":"","_jetpack_dont_email_post_to_subs":false,"_jetpack_newsletter_tier_id":0,"_jetpack_memberships_contains_paywalled_content":false,"_jetpack_feature_clip_id":0,"_jetpack_memberships_contains_paid_content":false,"footnotes":"","jetpack_post_was_ever_published":false},"categories":[1,32,30,10],"tags":[],"class_list":["post-30918","post","type-post","status-publish","format-standard","has-post-thumbnail","hentry","category-aktuell","category-infos","category-vermischtes","category-unternehmen"],"jetpack_sharing_enabled":true,"jetpack_featured_media_url":"https:\/\/www.vdsm.net\/wronline\/wp-content\/uploads\/2023\/05\/Kracher-des-Jahres-2023_1200x627px_LinkedIn-Kopie@3x-100-scaled-1-e1685005969972.jpg","_links":{"self":[{"href":"https:\/\/www.vdsm.net\/wronline\/wp-json\/wp\/v2\/posts\/30918","targetHints":{"allow":["GET"]}}],"collection":[{"href":"https:\/\/www.vdsm.net\/wronline\/wp-json\/wp\/v2\/posts"}],"about":[{"href":"https:\/\/www.vdsm.net\/wronline\/wp-json\/wp\/v2\/types\/post"}],"author":[{"embeddable":true,"href":"https:\/\/www.vdsm.net\/wronline\/wp-json\/wp\/v2\/users\/6"}],"replies":[{"embeddable":true,"href":"https:\/\/www.vdsm.net\/wronline\/wp-json\/wp\/v2\/comments?post=30918"}],"version-history":[{"count":4,"href":"https:\/\/www.vdsm.net\/wronline\/wp-json\/wp\/v2\/posts\/30918\/revisions"}],"predecessor-version":[{"id":30923,"href":"https:\/\/www.vdsm.net\/wronline\/wp-json\/wp\/v2\/posts\/30918\/revisions\/30923"}],"wp:featuredmedia":[{"embeddable":true,"href":"https:\/\/www.vdsm.net\/wronline\/wp-json\/wp\/v2\/media\/30919"}],"wp:attachment":[{"href":"https:\/\/www.vdsm.net\/wronline\/wp-json\/wp\/v2\/media?parent=30918"}],"wp:term":[{"taxonomy":"category","embeddable":true,"href":"https:\/\/www.vdsm.net\/wronline\/wp-json\/wp\/v2\/categories?post=30918"},{"taxonomy":"post_tag","embeddable":true,"href":"https:\/\/www.vdsm.net\/wronline\/wp-json\/wp\/v2\/tags?post=30918"}],"curies":[{"name":"wp","href":"https:\/\/api.w.org\/{rel}","templated":true}]}}