{"id":30886,"date":"2023-05-17T11:05:08","date_gmt":"2023-05-17T09:05:08","guid":{"rendered":"https:\/\/www.vdsm.net\/wronline\/?p=30886"},"modified":"2023-05-17T14:40:06","modified_gmt":"2023-05-17T12:40:06","slug":"zwei-heimische-azubis-unter-den-besten","status":"publish","type":"post","link":"https:\/\/www.vdsm.net\/wronline\/zwei-heimische-azubis-unter-den-besten\/","title":{"rendered":"Zwei heimische Azubis unter den Besten"},"content":{"rendered":"<p>\u201eEine betriebliche Ausbildung zu absolvieren, ist eine gute Entscheidung. Sie dann auch noch mit einem solch herausragenden Ergebnis abzuschlie\u00dfen, \u00f6ffnet einem enorm viele Perspektiven\u201c, w\u00fcrdigt Sabine Bechheim, Gesch\u00e4ftsf\u00fchrerin der Industrie- und Handelskammer Siegen, die leistungsst\u00e4rksten IHK-Azubis aus der heimischen Wirtschaft. Unter den 216 bundesbesten Auszubildenden finden sich in diesem Jahr zwei junge M\u00e4nner aus der Region. Bei der gro\u00dfen Zeremonie in Berlin erhielten sie nun ihre Urkunden.<\/p>\n<p><strong>Starker Nachwuchs bei DELA Zerspanung<\/strong><br aria-hidden=\"true\" \/>Mit einem imposanten Gesamtresultat von 97,8 % beendete Fares Almozal aus Kreuztal seine Lehre als Fachkraft f\u00fcr Metalltechnik beim Bildungszentrum des Handels. Er absolvierte den betrieblichen Teil der Ausbildung bei der DELA Zerspanung GmbH in Freudenberg und besuchte das Berufskolleg Technik des Kreises Siegen-Wittgenstein. Almozal schaffte es unter die bundesbesten Azubis im Bereich der gewerblich-technischen Berufe. \u201eWir sind sehr froh und stolz, einen solch engagierten und talentierten jungen Mann in unseren Reihen zu haben. Er wird uns auch in Zukunft erhalten bleiben&#8220;, unterstreicht DELA-Fertigungsleiter Manuel Greb.<\/p>\n<p><strong>Au\u00dfergew\u00f6hnliche Leistung von Viega-Azubi<\/strong><br aria-hidden=\"true\" \/>Jakob Rengel (Attendorn) wurde ebenfalls ausgezeichnet. Der Verfahrenstechnologe Metall (Fachrichtung Nichteisenmetallurgie) schloss die Ausbildung bei der in seiner Heimatstadt ans\u00e4ssigen Viega GmbH &amp; Co. KG mit einem Ergebnis von 94,6 % ab. \u201eDas ist wirklich eine au\u00dfergew\u00f6hnliche Leistung\u201c, erkl\u00e4rt Viega-Ausbildungsleiter Ulrich Schmidt. Gerade in Zeiten des Fachkr\u00e4ftemangels seien erfolgreiche Nachwuchstalente wie Jakob Rengel der beste Beleg daf\u00fcr, dass die betriebliche Ausbildung eine exzellente Basis f\u00fcr den beruflichen Werdegang eines jungen Menschen darstelle. Rengel besuchte das Berufskolleg des Kreises Olpe.<br aria-hidden=\"true\" \/>Sabine Bechheim gratulierte den beiden erfolgreichen Absolventen und brachte ihre Wertsch\u00e4tzung zum Ausdruck. Einen besonderen Dank richtete sie an die Ausbilder aus den Betrieben und die Lehrkr\u00e4fte aus den Berufskollegs, ohne deren Einsatz ein solcher Erfolg nicht denkbar sei.<\/p>\n<p>Text\/Foto: IHK Siegen<\/p>\n","protected":false},"excerpt":{"rendered":"<p>\u201eEine betriebliche Ausbildung zu absolvieren, ist eine gute Entscheidung. Sie dann auch noch mit einem solch herausragenden Ergebnis abzuschlie\u00dfen, \u00f6ffnet einem enorm viele Perspektiven\u201c, w\u00fcrdigt&#8230;<\/p>\n","protected":false},"author":7,"featured_media":30887,"comment_status":"open","ping_status":"open","sticky":false,"template":"","format":"standard","meta":{"_jetpack_memberships_contains_paid_content":false,"footnotes":""},"categories":[1,8,10,11],"tags":[],"class_list":["post-30886","post","type-post","status-publish","format-standard","has-post-thumbnail","hentry","category-aktuell","category-ausbildung","category-unternehmen","category-regionale-wirtschaft"],"jetpack_featured_media_url":"https:\/\/www.vdsm.net\/wronline\/wp-content\/uploads\/2023\/05\/031-23-Bundesbeste-Azubis-IHK.jpg","jetpack_sharing_enabled":true,"_links":{"self":[{"href":"https:\/\/www.vdsm.net\/wronline\/wp-json\/wp\/v2\/posts\/30886","targetHints":{"allow":["GET"]}}],"collection":[{"href":"https:\/\/www.vdsm.net\/wronline\/wp-json\/wp\/v2\/posts"}],"about":[{"href":"https:\/\/www.vdsm.net\/wronline\/wp-json\/wp\/v2\/types\/post"}],"author":[{"embeddable":true,"href":"https:\/\/www.vdsm.net\/wronline\/wp-json\/wp\/v2\/users\/7"}],"replies":[{"embeddable":true,"href":"https:\/\/www.vdsm.net\/wronline\/wp-json\/wp\/v2\/comments?post=30886"}],"version-history":[{"count":1,"href":"https:\/\/www.vdsm.net\/wronline\/wp-json\/wp\/v2\/posts\/30886\/revisions"}],"predecessor-version":[{"id":30888,"href":"https:\/\/www.vdsm.net\/wronline\/wp-json\/wp\/v2\/posts\/30886\/revisions\/30888"}],"wp:featuredmedia":[{"embeddable":true,"href":"https:\/\/www.vdsm.net\/wronline\/wp-json\/wp\/v2\/media\/30887"}],"wp:attachment":[{"href":"https:\/\/www.vdsm.net\/wronline\/wp-json\/wp\/v2\/media?parent=30886"}],"wp:term":[{"taxonomy":"category","embeddable":true,"href":"https:\/\/www.vdsm.net\/wronline\/wp-json\/wp\/v2\/categories?post=30886"},{"taxonomy":"post_tag","embeddable":true,"href":"https:\/\/www.vdsm.net\/wronline\/wp-json\/wp\/v2\/tags?post=30886"}],"curies":[{"name":"wp","href":"https:\/\/api.w.org\/{rel}","templated":true}]}}