{"id":30842,"date":"2023-05-09T15:12:57","date_gmt":"2023-05-09T13:12:57","guid":{"rendered":"https:\/\/www.vdsm.net\/wronline\/?p=30842"},"modified":"2023-05-09T15:13:48","modified_gmt":"2023-05-09T13:13:48","slug":"nrw-unternehmer-begruessen-initiative-fuer-industriestrompreis","status":"publish","type":"post","link":"https:\/\/www.vdsm.net\/wronline\/nrw-unternehmer-begruessen-initiative-fuer-industriestrompreis\/","title":{"rendered":"NRW-Unternehmer begr\u00fc\u00dfen Initiative f\u00fcr Industriestrompreis"},"content":{"rendered":"<p>Die nordrhein-westf\u00e4lischen Unternehmensverb\u00e4nde begr\u00fc\u00dfen die Initiative von Bundeswirtschaftsminister Robert Habeck f\u00fcr die Einf\u00fchrung eines Industriestrompreises. \u201eUnsere heimischen Unternehmen brauchen konkurrenzf\u00e4hige Energiepreise, um im internationalen Wettbewerb bestehen und die klimaneutrale Transformation sowie Investitionen an ihren heimischen Strandorten umsetzen zu k\u00f6nnen\u201c, sagte der Hauptgesch\u00e4ftsf\u00fchrer der Landesvereinigung der Unternehmensverb\u00e4nde Nordrhein-Westfalen (unternehmer nrw), Johannes P\u00f6ttering, am Dienstag in D\u00fcsseldorf. Ohne einen wirksamen Industriestrompreis drohe Deutschland als Industriestandort den Anschluss gegen\u00fcber den wichtigsten Wettbewerbern in Europa, den USA oder China zu verlieren. Das h\u00e4tte dramatische Auswirkungen auf Wohlstand und Arbeitspl\u00e4tze hierzulande.<\/p>\n<p>P\u00f6ttering bezeichnete die Initiative des Ministers als \u201edringend n\u00f6tig\u201c, um belastbare Perspektiven f\u00fcr den Erhalt und die Wettbewerbsf\u00e4higkeit insbesondere der energieintensiven Industrien aufzuzeigen. Die Kombination aus einem kurzfristig wirkenden Br\u00fcckenstrompreis und einem langfristigen Transformationsstrompreis sei ein nachvollziehbarer und grunds\u00e4tzlich sinnvoller Ansatz.<\/p>\n<p>\u201eDamit der Industriestrompreis zum Erfolg wird, bedarf es aber noch deutlicher Nachbesserungen an dem Konzept\u201c, betonte P\u00f6ttering. Es sei unverzichtbar, dass auch der industrielle, energieintensive Mittelstand integraler Bestandteil des Industriestrompreises werde. \u201eDiese Unternehmen sind als Hidden Champions unserer Volkswirtschaft das R\u00fcckgrat f\u00fcr unseren wirtschaftlichen Erfolg im In- und Ausland\u201c, so P\u00f6ttering. Entscheidend werde sein, den Industriestrompreis einfach, pragmatisch und vor allem unb\u00fcrokratisch umzusetzen. Auf keinen Fall d\u00fcrften sich beim Industriestrompreis die negativen Erfahrungen bei der Umsetzung der Energiepreisbremsen und den jahrelangen Debatten um Ausnahmen f\u00fcr energieintensive Unternehmen vom Erneuerbare-Energien-Gesetz (EEG) wiederholen. \u201eNun kommt es darauf an, dass die Ampelkoalition eine zeitnahe Einigung erzielt, die notwendigen Mittel z\u00fcgig bereitstellt und insbesondere den kurz- und mittelfristig notwendigen Br\u00fcckenstrompreis schnell umsetzt\u201c, erkl\u00e4rte P\u00f6ttering.<\/p>\n<p><em>Johannes P\u00f6ttering, Hauptgesch\u00e4ftsf\u00fchrer der Landesvereinigung der Unternehmensverb\u00e4nde Nordrhein-Westfalen (unternehmer nrw)<\/em><\/p>\n<p>Foto:\u00a0<a href=\"https:\/\/www.unternehmer.nrw\/\" target=\"_blank\" rel=\"noopener\">unternehmer nrw<\/a><\/p>\n","protected":false},"excerpt":{"rendered":"<p>Die nordrhein-westf\u00e4lischen Unternehmensverb\u00e4nde begr\u00fc\u00dfen die Initiative von Bundeswirtschaftsminister Robert Habeck f\u00fcr die Einf\u00fchrung eines Industriestrompreises. \u201eUnsere heimischen Unternehmen brauchen konkurrenzf\u00e4hige Energiepreise, um im internationalen Wettbewerb&#8230;<\/p>\n","protected":false},"author":6,"featured_media":28080,"comment_status":"open","ping_status":"open","sticky":false,"template":"","format":"standard","meta":{"_jetpack_memberships_contains_paid_content":false,"footnotes":""},"categories":[1,32,4,11],"tags":[],"class_list":["post-30842","post","type-post","status-publish","format-standard","has-post-thumbnail","hentry","category-aktuell","category-infos","category-meinung","category-regionale-wirtschaft"],"jetpack_featured_media_url":"https:\/\/www.vdsm.net\/wronline\/wp-content\/uploads\/2022\/03\/csm_20-8_25_Johannes_Poettering_-_unternehmer_nrw_WEB.jpg","jetpack_sharing_enabled":true,"_links":{"self":[{"href":"https:\/\/www.vdsm.net\/wronline\/wp-json\/wp\/v2\/posts\/30842","targetHints":{"allow":["GET"]}}],"collection":[{"href":"https:\/\/www.vdsm.net\/wronline\/wp-json\/wp\/v2\/posts"}],"about":[{"href":"https:\/\/www.vdsm.net\/wronline\/wp-json\/wp\/v2\/types\/post"}],"author":[{"embeddable":true,"href":"https:\/\/www.vdsm.net\/wronline\/wp-json\/wp\/v2\/users\/6"}],"replies":[{"embeddable":true,"href":"https:\/\/www.vdsm.net\/wronline\/wp-json\/wp\/v2\/comments?post=30842"}],"version-history":[{"count":3,"href":"https:\/\/www.vdsm.net\/wronline\/wp-json\/wp\/v2\/posts\/30842\/revisions"}],"predecessor-version":[{"id":30845,"href":"https:\/\/www.vdsm.net\/wronline\/wp-json\/wp\/v2\/posts\/30842\/revisions\/30845"}],"wp:featuredmedia":[{"embeddable":true,"href":"https:\/\/www.vdsm.net\/wronline\/wp-json\/wp\/v2\/media\/28080"}],"wp:attachment":[{"href":"https:\/\/www.vdsm.net\/wronline\/wp-json\/wp\/v2\/media?parent=30842"}],"wp:term":[{"taxonomy":"category","embeddable":true,"href":"https:\/\/www.vdsm.net\/wronline\/wp-json\/wp\/v2\/categories?post=30842"},{"taxonomy":"post_tag","embeddable":true,"href":"https:\/\/www.vdsm.net\/wronline\/wp-json\/wp\/v2\/tags?post=30842"}],"curies":[{"name":"wp","href":"https:\/\/api.w.org\/{rel}","templated":true}]}}