{"id":30744,"date":"2023-04-13T11:44:09","date_gmt":"2023-04-13T09:44:09","guid":{"rendered":"https:\/\/www.vdsm.net\/wronline\/?p=30744"},"modified":"2023-04-13T11:44:31","modified_gmt":"2023-04-13T09:44:31","slug":"jetzt-muessen-taten-folgen-wirtschaft-und-gewerkschaften-draengen-auf-zuegige-planungsbeschleunigung","status":"publish","type":"post","link":"https:\/\/www.vdsm.net\/wronline\/jetzt-muessen-taten-folgen-wirtschaft-und-gewerkschaften-draengen-auf-zuegige-planungsbeschleunigung\/","title":{"rendered":"\u201eJetzt m\u00fcssen Taten folgen\u201c: Wirtschaft und Gewerkschaften dr\u00e4ngen auf z\u00fcgige Planungsbeschleunigung"},"content":{"rendered":"<p>In einem gemeinsamen Appell sowohl an Bundesverkehrsminister Dr. Volker Wissing als auch an NRW-Verkehrsminister Oliver Krischer dr\u00e4ngen die Vertreter der heimischen Wirtschaft und Gewerkschaften auf eine z\u00fcgige Umsetzung der j\u00fcngsten Beschl\u00fcsse der Bundesregierung zu Klimaschutz und Planungsbeschleunigung. Absender sind die Arbeitgeberverb\u00e4nde in Siegen-Wittgenstein und Olpe, der DGB, die IG Metall Siegen und Olpe, die Kreishandwerkerschaft, die Gewerkschaft ver.di sowie die IHK.<\/p>\n<p>\u201eDer Planungsbeschleunigung wurde h\u00e4ufig genug das Wort geredet\u201c, hei\u00dft es in den Schreiben. \u201eNicht nur die erdr\u00fcckende Mehrheit der Betriebe, sondern auch die erdr\u00fcckende Mehrheit der mehr als 180.000 sozialversicherungspflichtig Besch\u00e4ftigten in den Kreisen Siegen-Wittgenstein und Olpe erwartet, dass jetzt Taten folgen!\u201c Etliche Betriebe k\u00e4mpften hier aufgrund der gesperrten A45 um ihre Wettbewerbsf\u00e4higkeit.<\/p>\n<p>Grunds\u00e4tzlich werde das \u201eModernisierungspaket\u201c zwar begr\u00fc\u00dft: Wenn die angek\u00fcndigten Beschleunigungsma\u00dfnahmen auf alle maroden Br\u00fccken der A45 Anwendung f\u00e4nden, sei dies ebenso wie die beschleunigte Umsetzung der \u201eEngpassbeseitigungs-Projekte\u201c ein wichtiger Schritt f\u00fcr die Kreise Siegen-Wittgenstein und Olpe. Voraussetzung sei jedoch, dass s\u00e4mtliche Projekte, f\u00fcr die ein \u201e\u00fcberragendes \u00f6ffentliches Interesse\u201c festgeschrieben worden ist, auch tats\u00e4chlich beschleunigt umgesetzt und nicht durch hiervon abweichende landespolitische \u00dcberlegungen ausgeh\u00f6hlt w\u00fcrden. Hintergrund: F\u00fcr die Umsetzung ist das Einvernehmen mit den L\u00e4ndern erforderlich.<\/p>\n<p>In Richtung des Bundesverkehrsministers verleihen die Vertreter der heimischen Wirtschaft und Gewerkschaften einer besonderen Sorge Ausdruck: \u201eDie vorgenommene Auswahl von Beschleunigungsprojekten, seien es Br\u00fccken-Ersatzneubauten oder Engpassbeseitigungen, darf nicht dazu f\u00fchren, dass andere Verkehrsprojekte im beschlossenen Bundesverkehrswegeplan in ihrer Priorisierung ver\u00e4ndert werden!\u201c<\/p>\n<p>Die Beschl\u00fcsse machten Hoffnung, dass weitere Schritte in Richtung Planungsbeschleunigung beim Ausbau der erneuerbaren Energien folgen. Immerhin w\u00fcrden bis zu 80 genehmigungspflichtige Schwertransporte f\u00fcr ein Windrad ben\u00f6tigt. \u201eWenn schon bald einige hundert Windenergieanlagen in S\u00fcdwestfalen errichtet werden sollen, wird eine z\u00fcgige Umsetzung vor allem von leistungsf\u00e4higen Stra\u00dfen gerade im l\u00e4ndlichen Raum abh\u00e4ngen\u201c, hei\u00dft es in dem Brief an Minister Oliver Krischer. Beschleunigte Verfahren setzten am Ende wichtige Planungskapazit\u00e4ten frei, die f\u00fcr eine Verbesserung der Verkehrsinfrastruktur eingesetzt werden k\u00f6nnten.<\/p>\n<p>Keinesfalls d\u00fcrften hierbei die unterschiedlichen Verkehrssektoren gegeneinander ausgespielt werden. Wie schwierig die Verlagerung von G\u00fctertransporten auf die Schiene ist, h\u00e4tten die Betriebe in Folge der A45-Vollsperrung schlie\u00dflich gerade erst schmerzvoll erfahren m\u00fcssen. \u201eAuf einen angemessen ausgebauten Verkehrstr\u00e4ger Stra\u00dfe kann vor diesem Hintergrund auf absehbare Zeit nicht verzichtet werden.\u201c Gerade im heimischen Raum verliefen zahlreiche Wirtschaftsverkehre dabei l\u00e4ngst nicht nur \u00fcber die Autobahn. Auch das nachgelagerte Stra\u00dfennetz m\u00fcsse den prognostizierten Transportst\u00e4rken gerecht werden.<\/p>\n<p><a href=\"https:\/\/www.vdsm.net\/wronline\/wp-content\/uploads\/2023\/04\/Schreiben-SiWi-OE-an-Min-Wissing-120423.pdf\" target=\"_blank\" rel=\"noopener\">Schreiben an Bundesverkehrsminister Dr. Volker Wissing<\/a><\/p>\n<p><a href=\"https:\/\/www.vdsm.net\/wronline\/wp-content\/uploads\/2023\/04\/Schreiben-SiWi-OE-an-Min-Krischer-120423.pdf\" target=\"_blank\" rel=\"noopener\">Schreiben an NRW-Verkehrsminister Oliver Krischer<\/a><\/p>\n<p>Text: IHK Siegen; Bild von Florian Kurz auf Pixabay<\/p>\n","protected":false},"excerpt":{"rendered":"<p>In einem gemeinsamen Appell sowohl an Bundesverkehrsminister Dr. Volker Wissing als auch an NRW-Verkehrsminister Oliver Krischer dr\u00e4ngen die Vertreter der heimischen Wirtschaft und Gewerkschaften auf&#8230;<\/p>\n","protected":false},"author":6,"featured_media":30745,"comment_status":"open","ping_status":"open","sticky":false,"template":"","format":"standard","meta":{"_jetpack_memberships_contains_paid_content":false,"footnotes":""},"categories":[1,32,30,11],"tags":[],"class_list":["post-30744","post","type-post","status-publish","format-standard","has-post-thumbnail","hentry","category-aktuell","category-infos","category-vermischtes","category-regionale-wirtschaft"],"jetpack_featured_media_url":"https:\/\/www.vdsm.net\/wronline\/wp-content\/uploads\/2023\/04\/hd-wallpaper-2025863_Bild-von-Florian-Kurz-auf-Pixabay_WEB.jpg","jetpack_sharing_enabled":true,"_links":{"self":[{"href":"https:\/\/www.vdsm.net\/wronline\/wp-json\/wp\/v2\/posts\/30744","targetHints":{"allow":["GET"]}}],"collection":[{"href":"https:\/\/www.vdsm.net\/wronline\/wp-json\/wp\/v2\/posts"}],"about":[{"href":"https:\/\/www.vdsm.net\/wronline\/wp-json\/wp\/v2\/types\/post"}],"author":[{"embeddable":true,"href":"https:\/\/www.vdsm.net\/wronline\/wp-json\/wp\/v2\/users\/6"}],"replies":[{"embeddable":true,"href":"https:\/\/www.vdsm.net\/wronline\/wp-json\/wp\/v2\/comments?post=30744"}],"version-history":[{"count":2,"href":"https:\/\/www.vdsm.net\/wronline\/wp-json\/wp\/v2\/posts\/30744\/revisions"}],"predecessor-version":[{"id":30749,"href":"https:\/\/www.vdsm.net\/wronline\/wp-json\/wp\/v2\/posts\/30744\/revisions\/30749"}],"wp:featuredmedia":[{"embeddable":true,"href":"https:\/\/www.vdsm.net\/wronline\/wp-json\/wp\/v2\/media\/30745"}],"wp:attachment":[{"href":"https:\/\/www.vdsm.net\/wronline\/wp-json\/wp\/v2\/media?parent=30744"}],"wp:term":[{"taxonomy":"category","embeddable":true,"href":"https:\/\/www.vdsm.net\/wronline\/wp-json\/wp\/v2\/categories?post=30744"},{"taxonomy":"post_tag","embeddable":true,"href":"https:\/\/www.vdsm.net\/wronline\/wp-json\/wp\/v2\/tags?post=30744"}],"curies":[{"name":"wp","href":"https:\/\/api.w.org\/{rel}","templated":true}]}}