{"id":30721,"date":"2023-04-03T14:51:30","date_gmt":"2023-04-03T12:51:30","guid":{"rendered":"https:\/\/www.vdsm.net\/wronline\/?p=30721"},"modified":"2023-04-03T14:51:43","modified_gmt":"2023-04-03T12:51:43","slug":"nrw-bildungsministerin-dorothee-feller-informierte-sich-ueber-projekte-der-regionale-2025","status":"publish","type":"post","link":"https:\/\/www.vdsm.net\/wronline\/nrw-bildungsministerin-dorothee-feller-informierte-sich-ueber-projekte-der-regionale-2025\/","title":{"rendered":"NRW-Bildungsministerin Dorothee Feller informierte sich \u00fcber Projekte der REGIONALE 2025"},"content":{"rendered":"<p>NRW-Bildungsministerin Dorothee Feller hat auf Einladung der S\u00fcdwestfalen Agentur GmbH die Region besucht und sich \u00fcber Bildungsprojekte der REGIONALE 2025 in S\u00fcdwestfalen informiert. Daf\u00fcr nahm sich die Ministerin einen ganzen Tag Zeit. Sie tauschte sich mit den Verantwortlichen von vier Projekten sowie Vertreterinnen und Vertretern aus Politik und Verwaltung aus, nahm Anregungen zu Bildungsfragen mit und versprach, mit vielen Beteiligten im Kontakt zu bleiben.<\/p>\n<p>Ministerin Feller ist mit S\u00fcdwestfalens Zukunftsgestaltung vertraut. Das vereinte Auftreten als Region und die Zusammenarbeit innerhalb S\u00fcdwestfalens sch\u00e4tzt sie seit der Regionale 2013. Nun nahm sie sich einen Tag Zeit, um sich \u00fcber Bildungsprojekte der REGIONALE 2025 in S\u00fcdwestfalen zu informieren \u2013 \u00fcber Ans\u00e4tze an Schulen und Berufskollegs und \u00fcber konkrete Pl\u00e4ne zu au\u00dferschulischen Lernorten. Die Ministerin begr\u00fc\u00dfte ausdr\u00fccklich, dass sich S\u00fcdwestfalen in der REGIONALE 2025 auch um Bildungsthemen k\u00fcmmere.<\/p>\n<p>Schul- und Bildungsministerin Dorothee Feller: \u201eIch bin beeindruckt von dem gro\u00dfen Engagement, mit dem hier in S\u00fcdwestfalen die Bildungsprojekte der REGIONALE 2025 umgesetzt werden. Unsere Schulen k\u00f6nnen sehr von der Zusammenarbeit mit externen Partnern profitieren. Gerade im digitalen Bereich bieten sich hier viele M\u00f6glichkeiten f\u00fcr gute Impulse f\u00fcr eine moderne Bildung, von der unsere Sch\u00fclerinnen und Sch\u00fcler profitieren.\u201c<\/p>\n<p><strong>Auftakt in L\u00fcdenscheid \u2013 Au\u00dferschulischer Lernort mit Strahlkraft <\/strong><\/p>\n<p>Den Tourauftakt der NRW-Bildungsministerin bildete ein Besuch im L\u00fcdenscheider Rathaus. In enger Abstimmung mit den Schulen arbeiten die Verantwortlichen in L\u00fcdenscheid im REGIONALE Projekt \u201eLernfabriksken\u201c an den zusammengeh\u00f6rigen Bausteinen \u201eLernfab\u201c und einem sogenannten TUMO-Center. In diesen au\u00dferschulischen Lernorten sollen sich Kinder freiwillig und kostenlos digitales Wissen aneignen k\u00f6nnen \u2013 vom Programmieren \u00fcbers Filmen bis zu 3D-Modellierung. Im eigenen Tempo und unterst\u00fctzt von Coaches. Eine F\u00f6rderung des Bundesbildungsministeriums f\u00fcr \u201eTUMO\u201c \u00fcber 7,5 Millionen Euro gibt es bereits, erkl\u00e4rte Heike M\u00fcller-B\u00e4rwolf aus dem Regionale-B\u00fcro der Stadt. F\u00fcr eine Verstetigung m\u00fcsse das Vorhaben aber langfristig auf eine breitere Finanzierungsbasis gestellt werden. Das Vorhaben sei \u201eim besten Sinne ein REGIONALE-Projekt\u201c, sagte Ministerin Dorothee Feller. Sie versprach, sich als T\u00fcr\u00f6ffnerin zur Verf\u00fcgung zu stellen, um weitere Finanzierungsm\u00f6glichkeiten zu er\u00f6ffnen.<\/p>\n<p>Mittags ging es weiter zur S\u00fcdwestfalen Agentur GmbH nach Olpe, wo Dr. Stephanie Arens und Marie Ting die Arbeit der Agentur als Netzwerkzentrale f\u00fcr die Regionalentwicklung und das Regionalmarketing vorstellten. Im Fokus standen aber drei weitere Bildungsprojekte der REGIONALE 2025. \u201eDigitales Wissen ist eine Schl\u00fcsselkompetenz\u201c, f\u00fchrte Dr. Stephanie Arens, Leiterin der REGIONALE 2025, ein. \u201eUnd sie wird es immer mehr st\u00e4rker f\u00fcr jede Altersklasse. Investieren wir jetzt also in die K\u00f6pfe, profitieren wir langfristig als Gesellschaft, aber auch die Wirtschaft und die Region als Ganzes.\u201c<\/p>\n<p><strong>Voller Nachmittag in der S\u00fcdwestfalen Agentur \u2013 Drei Projekte im Fokus<\/strong><\/p>\n<p>Genau dort setzt die Digitalum Wittgenstein gGmbH in der REGIONALE 2025 an: Digitalisierung f\u00fcr alle erleb- und erfahrbar machen. In einem ersten Schritt wird ein Linienbus umgebaut zum mobilen Digitallabor. Ausgestattet mit digitalen Tools zum Ausprobieren steuert der Bus bereits ab April die Dorfgemeinschaftsh\u00e4user an. In einem zweiten Schritt ist zus\u00e4tzlich ein zentraler Ort geplant.<\/p>\n<p>Eines der ersten Vorhaben, das in der REGIONALE 2025 umgesetzt wurde, ist \u201eDigiMath4Edu\u201c. In den Kreisen Siegen-Wittgenstein und Olpe werden an verschiedenen Schulen \u2013 von der F\u00f6rderschule bis zum Gymnasium \u2013 digitale Tools wie 3D-Drucker oder VR-Brillen im Matheunterricht eingesetzt. Speziell geschulte Unterrichtsassistentinnen und Unterrichtsassistenten helfen den Lehrkr\u00e4ften dabei und Unternehmen aus der Region zeigen auf, wo das Wissen aus dem Unterricht in der Praxis eingesetzt wird. So soll das Interesse an MINT-Berufen geweckt werden. Eine gute Vorlage f\u00fcr das \u201eBerufsbildungsnetzwerk Hochsauerland\u201c \u2013 ebenfalls ein Projekt der REGIONALE 2025. In einem ganzheitlichen Ansatz sollen dort Auszubildende, Lehrkr\u00e4fte und Ausbildende im Umgang mit digitalen Instrumenten geschult werden. Industrie 4.0 und duale Ausbildung werden hierbei zusammengedacht, um einen wichtigen Beitrag zur Fachkr\u00e4ftesicherung zu leisten.<\/p>\n<p>\u201eIn den vorgestellten Projekten der REGIONALE 2025 arbeiten viele Partner und Institutionen zusammen. Sie wirken nicht nur vor Ort, sondern strahlen in die Region hinaus und tragen so dazu bei, attraktive Bildungsstandorte in S\u00fcdwestfalen zu etablieren\u201c, summierte Andreas M\u00fcller, Landrat des Kreises Siegen-Wittgenstein und aktuell Aufsichtsratsvorsitzender der S\u00fcdwestfalen Agentur GmbH.<\/p>\n<p>Die REGIONALE 2025 ist ein Strukturprogramm des Landes NRW. Sie wird aus Mitteln der St\u00e4dtebauf\u00f6rderung des Bundes und des Landes Nordrhein-Westfalen unterst\u00fctzt.<\/p>\n<p>Text: <a href=\"https:\/\/www.suedwestfalen-agentur.com\/\" target=\"_blank\" rel=\"noopener\">S\u00fcdwestfalen Agentur<\/a>; Foto: Stephan M\u00fcller \/ S\u00fcdwestfalen Agentur GmbH<\/p>\n","protected":false},"excerpt":{"rendered":"<p>NRW-Bildungsministerin Dorothee Feller hat auf Einladung der S\u00fcdwestfalen Agentur GmbH die Region besucht und sich \u00fcber Bildungsprojekte der REGIONALE 2025 in S\u00fcdwestfalen informiert. Daf\u00fcr nahm&#8230;<\/p>\n","protected":false},"author":6,"featured_media":30722,"comment_status":"open","ping_status":"open","sticky":false,"template":"","format":"standard","meta":{"_jetpack_memberships_contains_paid_content":false,"footnotes":""},"categories":[1,32,30,11],"tags":[],"class_list":["post-30721","post","type-post","status-publish","format-standard","has-post-thumbnail","hentry","category-aktuell","category-infos","category-vermischtes","category-regionale-wirtschaft"],"jetpack_featured_media_url":"https:\/\/www.vdsm.net\/wronline\/wp-content\/uploads\/2023\/04\/Besuch-Ministerin-Suedwestfalen-Agentur-Gruppenbild_WEB.jpg","jetpack_sharing_enabled":true,"_links":{"self":[{"href":"https:\/\/www.vdsm.net\/wronline\/wp-json\/wp\/v2\/posts\/30721","targetHints":{"allow":["GET"]}}],"collection":[{"href":"https:\/\/www.vdsm.net\/wronline\/wp-json\/wp\/v2\/posts"}],"about":[{"href":"https:\/\/www.vdsm.net\/wronline\/wp-json\/wp\/v2\/types\/post"}],"author":[{"embeddable":true,"href":"https:\/\/www.vdsm.net\/wronline\/wp-json\/wp\/v2\/users\/6"}],"replies":[{"embeddable":true,"href":"https:\/\/www.vdsm.net\/wronline\/wp-json\/wp\/v2\/comments?post=30721"}],"version-history":[{"count":1,"href":"https:\/\/www.vdsm.net\/wronline\/wp-json\/wp\/v2\/posts\/30721\/revisions"}],"predecessor-version":[{"id":30723,"href":"https:\/\/www.vdsm.net\/wronline\/wp-json\/wp\/v2\/posts\/30721\/revisions\/30723"}],"wp:featuredmedia":[{"embeddable":true,"href":"https:\/\/www.vdsm.net\/wronline\/wp-json\/wp\/v2\/media\/30722"}],"wp:attachment":[{"href":"https:\/\/www.vdsm.net\/wronline\/wp-json\/wp\/v2\/media?parent=30721"}],"wp:term":[{"taxonomy":"category","embeddable":true,"href":"https:\/\/www.vdsm.net\/wronline\/wp-json\/wp\/v2\/categories?post=30721"},{"taxonomy":"post_tag","embeddable":true,"href":"https:\/\/www.vdsm.net\/wronline\/wp-json\/wp\/v2\/tags?post=30721"}],"curies":[{"name":"wp","href":"https:\/\/api.w.org\/{rel}","templated":true}]}}