{"id":30717,"date":"2023-04-03T12:31:44","date_gmt":"2023-04-03T10:31:44","guid":{"rendered":"https:\/\/www.vdsm.net\/wronline\/?p=30717"},"modified":"2023-04-03T12:31:44","modified_gmt":"2023-04-03T10:31:44","slug":"beratungskostenzuschuesse-nun-auch-fuer-unternehmen-ab-einem-mitarbeiter","status":"publish","type":"post","link":"https:\/\/www.vdsm.net\/wronline\/beratungskostenzuschuesse-nun-auch-fuer-unternehmen-ab-einem-mitarbeiter\/","title":{"rendered":"Beratungskostenzusch\u00fcsse nun auch f\u00fcr Unternehmen ab einem Mitarbeiter"},"content":{"rendered":"<p>Kleinstunternehmen mit mindestens einem Mitarbeiter in Vollzeit (Vollzeit\u00e4quivalente) k\u00f6nnen nun auch von den F\u00f6rderprogrammen \u201ePotentialberatung\u201c und \u201eTransformationsberatung\u201c profitieren. Bislang hatten nur Unternehmen mit einer Mitarbeiterzahl von zehn und mehr Besch\u00e4ftigten die M\u00f6glichkeit, sich anteilig die Kosten f\u00fcr die Inanspruchnahme einer externen Unternehmensberatung f\u00f6rdern zu lassen.<\/p>\n<p>\u201eWir freuen uns sehr, dass wir nun auch wieder ein Angebot f\u00fcr Kleinstunternehmen vorhalten k\u00f6nnen\u201c, erl\u00e4utert Melanie Schreier, F\u00f6rdermittelberaterin der Regionalagentur f\u00fcr die Kreise Siegen-Wittgenstein und Olpe. \u201eDenn auch Kleinstunternehmen m\u00fcssen mit den aktuellen Herausforderungen wie Globalisierung, Fachkr\u00e4ftebedarf, Corona-Pandemie und dem Ukraine-Krieg umgehen.\u201c<\/p>\n<p>Die \u201ePotentialberatung\u201c unterst\u00fctzt Unternehmen dabei, mit Hilfe eines externen Beratungsunternehmens St\u00e4rken und Schw\u00e4chen im Unternehmen zu analysieren sowie unentdeckte Ressourcen zu erkennen. Darauf fu\u00dfend k\u00f6nnen entsprechende Ma\u00dfnahmen entwickelt werden, die die eigene Wettbewerbsf\u00e4higkeit st\u00e4rken. Gef\u00f6rdert werden bis zu acht Beratungstage.<\/p>\n<p>Die \u201eTransformationsberatung\u201c orientiert sich am Thema \u201eGreen Economy\u201c und er\u00f6ffnet den Unternehmen viele Freir\u00e4ume zur konkreten, betriebsindividuellen Ausgestaltung einer entsprechenden Unternehmensstrategie. Mit diesem F\u00f6rderinstrument k\u00f6nnen nun auch Kleinstunternehmen beim \u00dcbergang zu einem klimaneutralen Wirtschaften unterst\u00fctzt werden, was bei den derzeit steigenden Energiepreisen gerade f\u00fcr kleinere und mittelst\u00e4ndische Unternehmen interessant ist. Gef\u00f6rdert werden bis zu zw\u00f6lf Beratungstage.<\/p>\n<p>Die jeweilige F\u00f6rderh\u00f6he umfasst 40 Prozent des Beratungstagessatzes (maximal 1.000 Euro). Sowohl das Land als auch der Europ\u00e4ische Sozialfonds beteiligen sich mit den F\u00f6rderinstrumenten an den entstehenden Beratungskosten.<\/p>\n<p>\u201eDie aktuelle \u00d6ffnung der F\u00f6rderprogramme f\u00fcr Kleinstunternehmen gibt nun auch kleinen Handwerksbetrieben, Elternvereinen oder Praxen die M\u00f6glichkeit, eine Potential- oder Transformationsberatung in Anspruch zu nehmen. Melden Sie sich bei uns, wir beraten Sie gerne\u201c, ermutigt F\u00f6rdermittelberaterin Dorothea Kuhl. \u201eWir freuen uns weiterhin aber auch \u00fcber alle Unternehmen mit mehr als zehn Mitarbeitern, die uns kontaktieren m\u00f6chten.\u201c<\/p>\n<p>Ausf\u00fchrliche Informationen zur F\u00f6rderung erhalten interessierte Unternehmen bei Melanie Schreier, Tel. (0271) 333-1191, E-Mail: <a href=\"mailto:me.schreier@siegen-wittgenstein.de\">me.schreier@siegen-wittgenstein.de<\/a>, und Dorothea Kuhl, Tel. (02761) 81-398, E-Mail: <a href=\"mailto:d.kuhl@kreis-olpe.de\">d.kuhl@kreis-olpe.de<\/a> oder im Internet auf <a href=\"http:\/\/www.regional-agentur.de\" target=\"_blank\" rel=\"noopener\">www.regional-agentur.de<\/a>.<\/p>\n<p><strong>\u00a0<\/strong>Text: <a href=\"http:\/\/www.siegen-wittgenstein.de\/\" target=\"_blank\" rel=\"noopener\">Kreis Siegen-Wittgenstein<\/a>; Foto: SICHTBAHR \u2013 Daniel Bahr<\/p>\n","protected":false},"excerpt":{"rendered":"<p>Kleinstunternehmen mit mindestens einem Mitarbeiter in Vollzeit (Vollzeit\u00e4quivalente) k\u00f6nnen nun auch von den F\u00f6rderprogrammen \u201ePotentialberatung\u201c und \u201eTransformationsberatung\u201c profitieren. Bislang hatten nur Unternehmen mit einer Mitarbeiterzahl&#8230;<\/p>\n","protected":false},"author":6,"featured_media":30718,"comment_status":"open","ping_status":"open","sticky":false,"template":"","format":"standard","meta":{"_jetpack_memberships_contains_paid_content":false,"footnotes":""},"categories":[32,30,11],"tags":[],"class_list":["post-30717","post","type-post","status-publish","format-standard","has-post-thumbnail","hentry","category-infos","category-vermischtes","category-regionale-wirtschaft"],"jetpack_featured_media_url":"https:\/\/www.vdsm.net\/wronline\/wp-content\/uploads\/2023\/04\/Regionalagentur_WEB.jpg","jetpack_sharing_enabled":true,"_links":{"self":[{"href":"https:\/\/www.vdsm.net\/wronline\/wp-json\/wp\/v2\/posts\/30717","targetHints":{"allow":["GET"]}}],"collection":[{"href":"https:\/\/www.vdsm.net\/wronline\/wp-json\/wp\/v2\/posts"}],"about":[{"href":"https:\/\/www.vdsm.net\/wronline\/wp-json\/wp\/v2\/types\/post"}],"author":[{"embeddable":true,"href":"https:\/\/www.vdsm.net\/wronline\/wp-json\/wp\/v2\/users\/6"}],"replies":[{"embeddable":true,"href":"https:\/\/www.vdsm.net\/wronline\/wp-json\/wp\/v2\/comments?post=30717"}],"version-history":[{"count":2,"href":"https:\/\/www.vdsm.net\/wronline\/wp-json\/wp\/v2\/posts\/30717\/revisions"}],"predecessor-version":[{"id":30720,"href":"https:\/\/www.vdsm.net\/wronline\/wp-json\/wp\/v2\/posts\/30717\/revisions\/30720"}],"wp:featuredmedia":[{"embeddable":true,"href":"https:\/\/www.vdsm.net\/wronline\/wp-json\/wp\/v2\/media\/30718"}],"wp:attachment":[{"href":"https:\/\/www.vdsm.net\/wronline\/wp-json\/wp\/v2\/media?parent=30717"}],"wp:term":[{"taxonomy":"category","embeddable":true,"href":"https:\/\/www.vdsm.net\/wronline\/wp-json\/wp\/v2\/categories?post=30717"},{"taxonomy":"post_tag","embeddable":true,"href":"https:\/\/www.vdsm.net\/wronline\/wp-json\/wp\/v2\/tags?post=30717"}],"curies":[{"name":"wp","href":"https:\/\/api.w.org\/{rel}","templated":true}]}}