{"id":3071,"date":"2015-12-22T10:05:30","date_gmt":"2015-12-22T09:05:30","guid":{"rendered":"http:\/\/www.vdsm.net\/wronline\/?p=3071"},"modified":"2015-12-22T10:05:30","modified_gmt":"2015-12-22T09:05:30","slug":"dometic-ehrt-jubilare","status":"publish","type":"post","link":"https:\/\/www.vdsm.net\/wronline\/dometic-ehrt-jubilare\/","title":{"rendered":"Dometic ehrt Jubilare"},"content":{"rendered":"<p>Jedes Jahr kurz vor Weihnachten ehrt Dometic Mitarbeiter f\u00fcr besonders lange Dienstzugeh\u00f6rigkeit. Mittlerweile ist die Jubilarfeier eine feste Tradition im Wei\u00dftal. In diesem Jahr besonders, da zus\u00e4tzlich alle ehemaligen Mitarbeiter, die mittlerweile im wohlverdienten Ruhestand sind, eingeladen wurden. So folgten insgesamt mehr als 100 Mitarbeiter und ehemaligen Mitarbeiter der Einladung. \u201eUnser \u00c4ltester heute Abend ist 87 Jahre\u201c, hebt Personalchef Klaus J\u00fcrgen Bub stolz bei seiner Rede hervor. Bei einem geselligen und festlichen Abend folgten Einblicke in die heutige Produktion, die Produktvielfalt des mittlerweile rund 6.400 Mitarbeiter starken Konzerns, und der spannenden Frage, was sich im Vergleich zu damals alles ver\u00e4ndert hat. Fakt ist, am Ende kommt immer noch ein K\u00fchlschrank heraus. Zu sp\u00e4ter Stunde sind sich alle G\u00e4ste einig, dass es ein rundum gelungener und sch\u00f6ner Abend war.<\/p>\n","protected":false},"excerpt":{"rendered":"<p>Jedes Jahr kurz vor Weihnachten ehrt Dometic Mitarbeiter f\u00fcr besonders lange Dienstzugeh\u00f6rigkeit. Mittlerweile ist die Jubilarfeier eine feste Tradition im Wei\u00dftal. In diesem Jahr besonders,&#8230;<\/p>\n","protected":false},"author":2,"featured_media":3072,"comment_status":"open","ping_status":"open","sticky":false,"template":"","format":"standard","meta":{"_jetpack_memberships_contains_paid_content":false,"footnotes":""},"categories":[10],"tags":[],"class_list":["post-3071","post","type-post","status-publish","format-standard","has-post-thumbnail","hentry","category-unternehmen"],"jetpack_featured_media_url":"https:\/\/www.vdsm.net\/wronline\/wp-content\/uploads\/2015\/12\/jubilarfeier2015_dometic_2.jpg","jetpack_sharing_enabled":true,"_links":{"self":[{"href":"https:\/\/www.vdsm.net\/wronline\/wp-json\/wp\/v2\/posts\/3071","targetHints":{"allow":["GET"]}}],"collection":[{"href":"https:\/\/www.vdsm.net\/wronline\/wp-json\/wp\/v2\/posts"}],"about":[{"href":"https:\/\/www.vdsm.net\/wronline\/wp-json\/wp\/v2\/types\/post"}],"author":[{"embeddable":true,"href":"https:\/\/www.vdsm.net\/wronline\/wp-json\/wp\/v2\/users\/2"}],"replies":[{"embeddable":true,"href":"https:\/\/www.vdsm.net\/wronline\/wp-json\/wp\/v2\/comments?post=3071"}],"version-history":[{"count":1,"href":"https:\/\/www.vdsm.net\/wronline\/wp-json\/wp\/v2\/posts\/3071\/revisions"}],"predecessor-version":[{"id":3073,"href":"https:\/\/www.vdsm.net\/wronline\/wp-json\/wp\/v2\/posts\/3071\/revisions\/3073"}],"wp:featuredmedia":[{"embeddable":true,"href":"https:\/\/www.vdsm.net\/wronline\/wp-json\/wp\/v2\/media\/3072"}],"wp:attachment":[{"href":"https:\/\/www.vdsm.net\/wronline\/wp-json\/wp\/v2\/media?parent=3071"}],"wp:term":[{"taxonomy":"category","embeddable":true,"href":"https:\/\/www.vdsm.net\/wronline\/wp-json\/wp\/v2\/categories?post=3071"},{"taxonomy":"post_tag","embeddable":true,"href":"https:\/\/www.vdsm.net\/wronline\/wp-json\/wp\/v2\/tags?post=3071"}],"curies":[{"name":"wp","href":"https:\/\/api.w.org\/{rel}","templated":true}]}}