{"id":30693,"date":"2023-03-30T11:42:58","date_gmt":"2023-03-30T09:42:58","guid":{"rendered":"https:\/\/www.vdsm.net\/wronline\/?p=30693"},"modified":"2023-04-03T12:04:16","modified_gmt":"2023-04-03T10:04:16","slug":"mint-zentrum-sowie-me-infotruck-oeffnen-heute-erneut-ihre-pforten-auf-der-siegener-ausbildungsmesse","status":"publish","type":"post","link":"https:\/\/www.vdsm.net\/wronline\/mint-zentrum-sowie-me-infotruck-oeffnen-heute-erneut-ihre-pforten-auf-der-siegener-ausbildungsmesse\/","title":{"rendered":"MINT-Zentrum sowie M+E-Infotruck \u00f6ffnen heute erneut ihre Pforten auf der Siegener Ausbildungsmesse"},"content":{"rendered":"<p>Seit gestern findet die Ausbildungsmesse in der Siegerlandhalle in Siegen (Tagungs- und Kongresszentrum Siegerlandhalle, Koblenzer Stra\u00dfe 151, 57072 Siegen) statt. An beiden Tagen treffen jeweils von 13.00 Uhr bis 19.00 Uhr Sch\u00fclerinnen und Sch\u00fcler, deren Eltern, Lehrerinnen und Lehrer sowie alle Interessierten in der gesamten Siegerlandhalle auf Ausbildungsbetriebe aus den unterschiedlichsten Bereichen. Neben den Ausstellern im Au\u00dfenbereich, Foyer, Gro\u00dfen Saal sowie auf der Galerie finden sich dieses Jahr erneut Unternehmen, Bildungseinrichtungen und Institutionen im Spandauer Saal und Leonhard-Gl\u00e4sersaal.<\/p>\n<p>In diesem Jahr gibt es erneut ein so genanntes MINT-Zentrum. Ziel des MINT-Zentrums ist es, Berufe erlebbar zu machen \u2013 und zwar auf spielerische Art und Weise. Daher sind neben traditionellen Messest\u00e4nden der Aussteller im Leonhard-Gl\u00e4ser-Saal auch Aktionsfl\u00e4chen zu finden, auf denen Besucherinnen und Besucher selbst aktiv werden k\u00f6nnen. Zu den Ausstellern im MINT-Zentrum geh\u00f6ren die Unternehmen Achenbach Buschh\u00fctten GmbH &amp; Co. KG, EJOT Holding GmbH &amp; Co. KG, H. Kleinknecht &amp; Co. GmbH, Heinrich Georg GmbH Maschinenfabrik, SMS group GmbH, IPG Laser GmbH, EEW Pipe Production Erndtebrueck GmbH &amp; Co. KG, Vetter Industrie GmbH, i-Soft GmbH, Albrecht B\u00e4umer GmbH &amp; Co. KG, das Berufskolleg Technik des Kreises Siegen-Wittgenstein sowie die Arbeitgeberverb\u00e4nde Siegen-Wittgenstein, die gemeinsam mit der Universit\u00e4t Siegen ihr Bildungsprogramm MINToringSi vorstellen werden.<\/p>\n<p>MINToringSi ist ein gemeinsames Programm des VdSM als Verband der Siegerl\u00e4nder Metallindustriellen e.V., der Naturwissenschaftlich-Technischen Fakult\u00e4t der Universit\u00e4t Siegen und der Bezirksregierung Arnsberg. Seit 2008 f\u00f6rdert es in jeweils drei Jahre langen Mentoren-Beziehungen den \u00dcbergang vom Abitur bis in die ersten Semester an der Universit\u00e4t. Dadurch sollen die Teilnehmerinnen und Teilnehmer von MINToringSi bei ihrer Studienorientierung in einem MINT-Fach unterst\u00fctzt werden. Die Abk\u00fcrzung \u201eMINT\u201c steht dabei f\u00fcr die Bereiche Mathematik, Informatik, Naturwissenschaft und Technik. \u201eMithilfe von MINToringSi m\u00f6chten wir unseren Beitrag dazu leisten, dass es hierzulande weiterhin qualifizierte Fachkr\u00e4fte in den MINT-Bereichen gibt.\u201c, sagte Julia F\u00f6rster, die als Programmkoordinatorin f\u00fcr den VdSM t\u00e4tig ist. &#8222;Daher ist es wichtig, junge Menschen zu f\u00f6rdern und dazu zu motivieren ein MINT-Studium aufzunehmen, denn sie sind die zuk\u00fcnftigen Fachkr\u00e4fte&#8220;, erg\u00e4nzt Dr. Thomas Reppel, der MINToringSi-Programmkordinator f\u00fcr die Universit\u00e4t Siegen.<\/p>\n<p>Die Arbeitgeberverb\u00e4nde Siegen-Wittgenstein unterst\u00fctzen die Bem\u00fchungen der Unternehmen zur Gewinnung von qualifizierten Nachwuchskr\u00e4ften aber nicht nur mit MINToringSi, sondern auch mit dem M+E-InfoTruck.<\/p>\n<div id=\"attachment_30701\" style=\"width: 235px\" class=\"wp-caption alignright\"><a href=\"https:\/\/www.vdsm.net\/wronline\/wp-content\/uploads\/2023\/03\/ME-InfoTruck-Ausbildungsmesse-Siegen_Maerz-20230329_181639_WEB.jpg\"><img loading=\"lazy\" decoding=\"async\" aria-describedby=\"caption-attachment-30701\" class=\"size-medium wp-image-30701\" src=\"https:\/\/www.vdsm.net\/wronline\/wp-content\/uploads\/2023\/03\/ME-InfoTruck-Ausbildungsmesse-Siegen_Maerz-20230329_181639_WEB-225x300.jpg\" alt=\"\" width=\"225\" height=\"300\" srcset=\"https:\/\/www.vdsm.net\/wronline\/wp-content\/uploads\/2023\/03\/ME-InfoTruck-Ausbildungsmesse-Siegen_Maerz-20230329_181639_WEB-225x300.jpg 225w, https:\/\/www.vdsm.net\/wronline\/wp-content\/uploads\/2023\/03\/ME-InfoTruck-Ausbildungsmesse-Siegen_Maerz-20230329_181639_WEB-768x1024.jpg 768w, https:\/\/www.vdsm.net\/wronline\/wp-content\/uploads\/2023\/03\/ME-InfoTruck-Ausbildungsmesse-Siegen_Maerz-20230329_181639_WEB.jpg 777w\" sizes=\"auto, (max-width: 225px) 100vw, 225px\" \/><\/a><p id=\"caption-attachment-30701\" class=\"wp-caption-text\">Mit den eigenen H\u00e4nden kann im M+E-InfoTruck ein Werkst\u00fcck gefr\u00e4st werden.<\/p><\/div>\n<p>Das mit modernster Informations- und Produktionstechnik ausgestattete Fahrzeug ist eine we\u00adsentliche S\u00e4ule der Werbeaktivit\u00e4ten f\u00fcr die gewerblich-technischen Ausbildungsberufe in der M+E-Industrie. Seit 2014 setzt der mit vier Millionen Besch\u00e4ftigten bedeutendste deutsche Industriezweig bundesweit doppelst\u00f6ckige InfoTrucks ein. Von den zehn hochmodernen High-Tech-Brummis fahren alleine zwei durch Nordrhein-Westfalen. Auf zwei Etagen mit einer 80 m\u00b2 gro\u00dfen Pr\u00e4sentationsfl\u00e4che sorgen neueste Multimedia-Anwendungen und anschauliche Ex\u00adperimentierstationen f\u00fcr spannende und nachhaltige Einblicke in die Berufswelt der Metall- und Elektroindustrie.<\/p>\n<p>Heute haben Interessierte von 13.00 Uhr bis 19.00 Uhr erneut die Gelegenheit mit den <span dir=\"ltr\" role=\"presentation\">eigenen H\u00e4nden einen Ro<\/span><span dir=\"ltr\" role=\"presentation\">boter zu programmieren, ein Alu<\/span><span dir=\"ltr\" role=\"presentation\">&#8211;<\/span><span dir=\"ltr\" role=\"presentation\">Werkst\u00fcck zu fr\u00e4sen oder eine <\/span><span dir=\"ltr\" role=\"presentation\">Elektroschaltung aufzubauen. Dazu gibt es im M+E-InfoTruck jede Menge Infos a<\/span><span id=\"page57R_mcid13\" class=\"markedContent\"><span dir=\"ltr\" role=\"presentation\">us erster Hand<\/span><span dir=\"ltr\" role=\"presentation\">. <\/span><span dir=\"ltr\" role=\"presentation\">Azubis der heimischen Un<\/span><span dir=\"ltr\" role=\"presentation\">ternehmen <\/span><span dir=\"ltr\" role=\"presentation\">in<\/span><span dir=\"ltr\" role=\"presentation\">formieren vor Ort <\/span><span dir=\"ltr\" role=\"presentation\">\u00fcber Vor<\/span><span dir=\"ltr\" role=\"presentation\">&#8211;<\/span> <span dir=\"ltr\" role=\"presentation\">und Nachteile ihrer <\/span><span dir=\"ltr\" role=\"presentation\">Ausbildung und schildern den jungen Besuchern hautnah, <\/span><span dir=\"ltr\" role=\"presentation\">was <\/span><span dir=\"ltr\" role=\"presentation\">ihre Aufgaben im Unternehmen sind. Es sind noch Fra<\/span><span dir=\"ltr\" role=\"presentation\">gen offen? Niemand kann diese ehrlicher und zielgerichteter beantworten als die Azubis selbst. Zu den Firmen, die Azubis im und vor dem M+E-InfoTruck entstandt haben, geh\u00f6ren Achenbach Buschh\u00fctten GmbH &amp; Co. KG, ALSTOM Transportation Germany GmbH, Harburg Freudenberger Maschinenbau GmbH, Heinrich Georg Maschinenfabrik GmbH, SIEGENIA GRUPPE, Slawinski &amp; Co. GmbH, SMS group GmbH und VETTER Group GmbH.\u00a0<\/span><\/span><\/p>\n<p>Heute sind die Azubis zu folgenden Zeiten vor Ort beim M+E-InfoTruck:<\/p>\n<p><strong>13.00 Uhr &#8211; 16.00 Uhr:\u00a0<\/strong><br \/>\nAzubis der Unternehmen ALSTOM Transportation Germany GmbH, Harburg Freudenberger Maschinenbau GmbH, Heinrich Georg Maschinenfabrik GmbH, Slawinski &amp; Co. GmbH<\/p>\n<p><strong>16.00 Uhr &#8211; 19.00 Uhr<\/strong><br \/>\nAchenbach Buschh\u00fctten GmbH &amp; Co. KG, SIEGENIA GRUPPE, SMS group GmbH, VETTER Group GmbH<\/p>\n<p>Dar\u00fcber haben Messebesucherinnen und Messebesucher heute um 14.00 Uhr, 16.00 Uhr und 18.00 Uhr erneut die Gelegenheit im M+E-InfoTruck hautnah zu erleben, wie u.a. an einer CNC-Maschine gefr\u00e4st wird.<\/p>\n<p>Infos: <a href=\"https:\/\/mintoringsi.de\/\" target=\"_blank\" rel=\"noopener\">MINToringSi<\/a>; Fotos und Video: Julia F\u00f6rster<\/p>\n<div style=\"width: 1920px;\" class=\"wp-video\"><video class=\"wp-video-shortcode\" id=\"video-30693-1\" width=\"1920\" height=\"1080\" preload=\"metadata\" controls=\"controls\"><source type=\"video\/mp4\" src=\"https:\/\/www.vdsm.net\/wronline\/wp-content\/uploads\/2023\/03\/20230329_140249.mp4?_=1\" \/><a href=\"https:\/\/www.vdsm.net\/wronline\/wp-content\/uploads\/2023\/03\/20230329_140249.mp4\">https:\/\/www.vdsm.net\/wronline\/wp-content\/uploads\/2023\/03\/20230329_140249.mp4<\/a><\/video><\/div>\n","protected":false},"excerpt":{"rendered":"<p>Seit gestern findet die Ausbildungsmesse in der Siegerlandhalle in Siegen (Tagungs- und Kongresszentrum Siegerlandhalle, Koblenzer Stra\u00dfe 151, 57072 Siegen) statt. An beiden Tagen treffen jeweils&#8230;<\/p>\n","protected":false},"author":6,"featured_media":30697,"comment_status":"open","ping_status":"open","sticky":false,"template":"","format":"standard","meta":{"_jetpack_memberships_contains_paid_content":false,"footnotes":""},"categories":[1,8,32,30,11],"tags":[],"class_list":["post-30693","post","type-post","status-publish","format-standard","has-post-thumbnail","hentry","category-aktuell","category-ausbildung","category-infos","category-vermischtes","category-regionale-wirtschaft"],"jetpack_featured_media_url":"https:\/\/www.vdsm.net\/wronline\/wp-content\/uploads\/2023\/03\/ME-InfoTruck-Ausbildungsmesse-Siegen_Maerz-2023_20230329_180740_WEB.jpg","jetpack_sharing_enabled":true,"_links":{"self":[{"href":"https:\/\/www.vdsm.net\/wronline\/wp-json\/wp\/v2\/posts\/30693","targetHints":{"allow":["GET"]}}],"collection":[{"href":"https:\/\/www.vdsm.net\/wronline\/wp-json\/wp\/v2\/posts"}],"about":[{"href":"https:\/\/www.vdsm.net\/wronline\/wp-json\/wp\/v2\/types\/post"}],"author":[{"embeddable":true,"href":"https:\/\/www.vdsm.net\/wronline\/wp-json\/wp\/v2\/users\/6"}],"replies":[{"embeddable":true,"href":"https:\/\/www.vdsm.net\/wronline\/wp-json\/wp\/v2\/comments?post=30693"}],"version-history":[{"count":8,"href":"https:\/\/www.vdsm.net\/wronline\/wp-json\/wp\/v2\/posts\/30693\/revisions"}],"predecessor-version":[{"id":30704,"href":"https:\/\/www.vdsm.net\/wronline\/wp-json\/wp\/v2\/posts\/30693\/revisions\/30704"}],"wp:featuredmedia":[{"embeddable":true,"href":"https:\/\/www.vdsm.net\/wronline\/wp-json\/wp\/v2\/media\/30697"}],"wp:attachment":[{"href":"https:\/\/www.vdsm.net\/wronline\/wp-json\/wp\/v2\/media?parent=30693"}],"wp:term":[{"taxonomy":"category","embeddable":true,"href":"https:\/\/www.vdsm.net\/wronline\/wp-json\/wp\/v2\/categories?post=30693"},{"taxonomy":"post_tag","embeddable":true,"href":"https:\/\/www.vdsm.net\/wronline\/wp-json\/wp\/v2\/tags?post=30693"}],"curies":[{"name":"wp","href":"https:\/\/api.w.org\/{rel}","templated":true}]}}