{"id":30690,"date":"2023-03-27T11:51:23","date_gmt":"2023-03-27T09:51:23","guid":{"rendered":"https:\/\/www.vdsm.net\/wronline\/?p=30690"},"modified":"2023-03-27T11:51:23","modified_gmt":"2023-03-27T09:51:23","slug":"licina-bode-zu-gast-bei-wittgensteiner-unternehmergespraech","status":"publish","type":"post","link":"https:\/\/www.vdsm.net\/wronline\/licina-bode-zu-gast-bei-wittgensteiner-unternehmergespraech\/","title":{"rendered":"Licina-Bode zu Gast bei Wittgensteiner Unternehmergespr\u00e4ch"},"content":{"rendered":"<p>\u201eDie staatlichen Ma\u00dfnahmen im Wohnungsbau sind widerspr\u00fcchlich und f\u00fchren in vielen F\u00e4llen dazu, dass diejenigen, die den Wohnraum zur Verf\u00fcgung stellen, ihre Investitionen zur\u00fcckhalten. Es wird das Gegenteil dessen erreicht, was politisch verk\u00fcndet wird!\u201c Manfred Peter, Vorstand der Wohnungsgenossenschaft Wittgenstein eG, \u00fcbte beim Wittgensteiner Unternehmergespr\u00e4ch der IHK in Bad Laasphe deutliche Kritik am Kurs der Bundesregierung. Der gedeckelte Mietpreis im sozialen Wohnungsbau decke bei weitem nicht mehr die entstehenden Kosten ab, deren Anstieg die Regierung nicht verhindere \u2013 im Gegenteil: \u201eDie Baukosten liegen auf einem hohen Niveau, die Zinsen steigen. Wenn dann im selben Atemzug aktive, funktionierende F\u00f6rderungen f\u00fcr Niedrigenergiestandards gestrichen und diese Standards im Gegenzug sogar noch ohne attraktive F\u00f6rderung erh\u00f6ht werden, f\u00fchrt das jedenfalls nicht zu mehr Wohnraum\u201c, erl\u00e4uterte auch Eckehard Hof (Berge-Bau GmbH &amp; Co. KG). Ein zeitnahes Verbot von \u00d6l- und Gasheizungen, das aktuell im Raum steht, werde die Situation voraussichtlich zus\u00e4tzlich versch\u00e4rfen.<\/p>\n<p>Anlass der lebhaften Diskussion war der Vortrag der heimischen Bundestagsabgeordneten Luiza Licina-Bode (SPD), die den rund 40 Unternehmensvertretern im Landhotel Doerr einen Einblick in die politische Arbeit in Berlin gab und sich offen dem Gespr\u00e4ch \u00fcber die dr\u00e4ngendsten Herausforderungen aus Sicht der heimischen Wirtschaft stellte. Die Unzufriedenheit mit der Entwicklung im Wohnungsbau k\u00f6nne sie verstehen, \u201eallerdings muss auch gesehen werden, dass es trotz schwieriger Rahmenbedingungen gelungen ist, sch\u00e4tzungsweise 270.000 der f\u00fcr 2022 geplanten 400.000 Wohnungen fertigzustellen.\u201c Die grunds\u00e4tzliche Schwierigkeit bestehe darin, dass mit immensen Herausforderungen des Klimawandels, des Krieges in der Ukraine, aber auch gravierender politischer Vers\u00e4umnisse in den vergangenen Jahren ein enormer Druck auf der Regierung liege. \u201eWir k\u00f6nnen die Dinge nicht nacheinander angehen, vielmehr muss vieles gleichzeitig bew\u00e4ltigt werden. Sich dem Wohnungsthema zu widmen, ohne dabei auch Energiefragen anzufassen, daf\u00fcr fehlt die Zeit.\u201c<\/p>\n<p>Ausf\u00fchrlich ging Luiza Licina-Bode auf die Aktivit\u00e4ten der Bundesregierung der vergangenen Monate ein, von der Energiepreisbremse und der Wohngeldreform \u00fcber die Einf\u00fchrung des 9-Euro-Tickets, des Deutschlands-Tickets und des B\u00fcrgergelds, die Wohngeldreform und die Entlastungspakete auch f\u00fcr Unternehmen bis hin zur Versorgungssicherung durch LNG-Terminals und neue Gasvertr\u00e4ge mit anderen L\u00e4ndern. Und dies alles angesichts enormer Herausforderungen durch steigende Energiepreise, eine hohe Zahl zu versorgender Fl\u00fcchtlinge, eine starke Inflation und eine geschw\u00e4chte Bundeswehr, die in kurzer Zeit wieder verteidigungsf\u00e4hig zu machen sei. Der Krieg zwinge in vielen Fragen zur Realpolitik und zur Abkehr von ideologischen Fesseln. Das sei nicht immer einfach, wie die Auseinandersetzung \u00fcber den Weiterbetrieb der verbliebenen Atomkraftwerke gezeigt habe. \u201ePers\u00f6nlich bin ich der Auffassung, dass angesichts einer solchen Krise auch ein l\u00e4ngerer Betrieb der Kraftwerke eine Option gewesen w\u00e4re.\u201c Immerhin seien eine Gasmangellage und Blackouts abgewendet worden.<\/p>\n<p>IHK-Vizepr\u00e4sident Christian F. Kocherscheidt hegte indes Zweifel, dass dies auch im n\u00e4chsten Winter so bleibe. \u201eDie Situation ist doch keineswegs bew\u00e4ltigt. Schon jetzt ist zu beobachten, dass die Menschen das Thema Energiesparen wieder zur Seite schieben.\u201c Zudem wurde in der Diskussion die Sorge deutlich, dass die Energiepolitik die Wettbewerbsf\u00e4higkeit gef\u00e4hrde \u2013 ein Punkt, den Luiza Licina-Bode dankbar aufnahm: \u201eWir wissen, dass hier eine deutliche Entlastung f\u00fcr die Unternehmen einsetzen muss, und setzen uns mit Nachdruck f\u00fcr einen Industriestrompreis auf EU-Ebene ein!\u201c<\/p>\n<p>Eindringlich warb IHK-Vizepr\u00e4sident Christopher Mennekes daf\u00fcr, die Wirtschaft nicht zu \u00fcberfordern. \u201eWir stehen zur CO2-Neutralit\u00e4t und m\u00fcssen hier zweifellos auch Vorbild in der Welt sein. Damit dies aber gelingt, d\u00fcrfen wir uns nicht \u00fcberfordern.\u201c Beispielhaft verwies der Unternehmer auf die neuen, anstehenden EU-Regelungen zur Nachhaltigkeitsberichterstattung. \u201eUnsere Bitte: Passen Sie in Berlin mit darauf auf, dass Wirtschaft weiter bestehen kann.\u201c Auf die Gefahr eines latenten \u201eGreen-Washing\u201c wies Mark Georg im weiteren Verlauf der Diskussion hin: \u201eWir m\u00fcssen aufpassen, dass wir uns nicht selbst bel\u00fcgen\u201c, mahnte der IHK-Vizepr\u00e4sident und warf dabei ein kritisches Schlaglicht auf den Handel mit Umwelt-Zertifikaten.<\/p>\n<p>Ausf\u00fchrlich widmete sich Luiza Licina-Bode der \u201eRoute 57\u201c. \u201eBerlin hat mit der Aufnahme in den Bundesverkehrswegeplan den Planungsauftrag gegeben. Wir haben die Planungsbeschleunigung auf den Weg gebracht. Jetzt liegt der Ball in D\u00fcsseldorf. Von dort habe ich den Satz \u201aWir wollen die Route 57\u2018 leider noch nicht geh\u00f6rt! Dass die allermeisten Menschen in der Region die Ortsumgehungskette wollen \u2013 da bin ich mir absolut sicher.\u201c<\/p>\n<p>Foto\/Text: IHK Siegen<\/p>\n","protected":false},"excerpt":{"rendered":"<p>\u201eDie staatlichen Ma\u00dfnahmen im Wohnungsbau sind widerspr\u00fcchlich und f\u00fchren in vielen F\u00e4llen dazu, dass diejenigen, die den Wohnraum zur Verf\u00fcgung stellen, ihre Investitionen zur\u00fcckhalten. Es&#8230;<\/p>\n","protected":false},"author":7,"featured_media":30691,"comment_status":"open","ping_status":"open","sticky":false,"template":"","format":"standard","meta":{"_jetpack_memberships_contains_paid_content":false,"footnotes":""},"categories":[1,30,10,11],"tags":[],"class_list":["post-30690","post","type-post","status-publish","format-standard","has-post-thumbnail","hentry","category-aktuell","category-vermischtes","category-unternehmen","category-regionale-wirtschaft"],"jetpack_featured_media_url":"https:\/\/www.vdsm.net\/wronline\/wp-content\/uploads\/2023\/03\/018-23-Wittgensteiner-Wirtschaftsgespraech-scaled.jpg","jetpack_sharing_enabled":true,"_links":{"self":[{"href":"https:\/\/www.vdsm.net\/wronline\/wp-json\/wp\/v2\/posts\/30690","targetHints":{"allow":["GET"]}}],"collection":[{"href":"https:\/\/www.vdsm.net\/wronline\/wp-json\/wp\/v2\/posts"}],"about":[{"href":"https:\/\/www.vdsm.net\/wronline\/wp-json\/wp\/v2\/types\/post"}],"author":[{"embeddable":true,"href":"https:\/\/www.vdsm.net\/wronline\/wp-json\/wp\/v2\/users\/7"}],"replies":[{"embeddable":true,"href":"https:\/\/www.vdsm.net\/wronline\/wp-json\/wp\/v2\/comments?post=30690"}],"version-history":[{"count":1,"href":"https:\/\/www.vdsm.net\/wronline\/wp-json\/wp\/v2\/posts\/30690\/revisions"}],"predecessor-version":[{"id":30692,"href":"https:\/\/www.vdsm.net\/wronline\/wp-json\/wp\/v2\/posts\/30690\/revisions\/30692"}],"wp:featuredmedia":[{"embeddable":true,"href":"https:\/\/www.vdsm.net\/wronline\/wp-json\/wp\/v2\/media\/30691"}],"wp:attachment":[{"href":"https:\/\/www.vdsm.net\/wronline\/wp-json\/wp\/v2\/media?parent=30690"}],"wp:term":[{"taxonomy":"category","embeddable":true,"href":"https:\/\/www.vdsm.net\/wronline\/wp-json\/wp\/v2\/categories?post=30690"},{"taxonomy":"post_tag","embeddable":true,"href":"https:\/\/www.vdsm.net\/wronline\/wp-json\/wp\/v2\/tags?post=30690"}],"curies":[{"name":"wp","href":"https:\/\/api.w.org\/{rel}","templated":true}]}}