{"id":30684,"date":"2023-03-23T12:14:52","date_gmt":"2023-03-23T11:14:52","guid":{"rendered":"https:\/\/www.vdsm.net\/wronline\/?p=30684"},"modified":"2023-03-23T13:00:07","modified_gmt":"2023-03-23T12:00:07","slug":"unterstuetzung-der-regionalen-wirtschaft-universitaet-siegen-und-lahn-dill-kreis-vereinbaren-zusammenarbeit","status":"publish","type":"post","link":"https:\/\/www.vdsm.net\/wronline\/unterstuetzung-der-regionalen-wirtschaft-universitaet-siegen-und-lahn-dill-kreis-vereinbaren-zusammenarbeit\/","title":{"rendered":"Unterst\u00fctzung der regionalen Wirtschaft: Universit\u00e4t und Lahn-Dill-Kreis vereinbaren Zusammenarbeit"},"content":{"rendered":"<p>Unternehmen in der Region stehen vor enormen Herausforderungen: Stichworte sind industrieller Strukturwandel, Klimawandel und Digitalisierung. Die Universit\u00e4t Siegen mit dem Lehrstuhl f\u00fcr Wirtschaftsinformatik und Neue Medien und der Lahn-Dill-Kreis haben es sich zum Ziel gesetzt, Unternehmen bei diesem Transformationsprozess zu begleiten. Bei einem Besuch von Landrat Wolfgang Schuster und Wirtschaftsdezernent Prof. Dr. Harald Danne an der Hochschule wurden m\u00f6gliche Unterst\u00fctzungsaktivit\u00e4ten er\u00f6rtert und eine Zusammenarbeit vereinbart.<\/p>\n<p>In einem ersten Gespr\u00e4ch tauschten sich die beiden Vertreter des Lahn-Dill-Kreises mit Prof. Dr. Volker Wulf, Inhaber des Lehrstuhls f\u00fcr Wirtschaftsinformatik und Neue Medien, und Dr. Muhamed Kudic, Leiter des Projektbereichs regionale Transformationsforschung am Lehrstuhl, aus. Vor dem Hintergrund der anstehenden Transformationsherausforderungen l\u00e4ndlich-industrialisierter Regionen setzt der Lehrstuhl um Prof. Wulf eine Reihe von Gro\u00dfprojekten um, die den digitalen und nachhaltigen Strukturwandel, die sogenannte \u201eTwin-Transition\u201c, in Wirtschaft und Gesellschaft vorantreiben und unterst\u00fctzen. Vor allem die vom Bundesministerium f\u00fcr Wirtschaft und Klimaschutz gef\u00f6rderten Projekte \u201eMittelstand-Digital Zentrum L\u00e4ndliche Regionen\u201c und \u201eATLAS \u2013 Automotive Transformationsplattform S\u00fcdwestfalen\u201c sowie das EU-Projekt \u201eEuropean Digital Innovation Hub (EDIH)\u201c spielen eine wesentliche Rolle bei der Begleitung des Strukturwandels von Unternehmen in l\u00e4ndlichen Regionen. \u201eInternational gut positionierte Forschung, inspiriert von den regionalen Transformationsnotwendigkeiten, ist f\u00fcr unseren Lehrstuhl ein Lebenselixier\u201c, ordnet Wulf die Aktivit\u00e4ten ein.<\/p>\n<p>Im Gespr\u00e4ch ging es auch um den Einfluss globaler Megatrends auf l\u00e4ndliche Regionen. \u201eDer industrielle Strukturwandel, der Klimawandel und die Digitalisierung setzen die heimische Wirtschaft unter einen massiven Transformationsdruck. Umso wichtiger ist es, dass sich starke Partner und Akteure zusammenschlie\u00dfen, um diese Transformation gemeinsam und erfolgreich zu meistern\u201c, betont Schuster, Im Lahn-Dill-Kreis werden Unternehmen durch verschiedene Initiativen beim Strukturwandel begleitet. Das Projekt \u201eTeamMIT\u201c kann dabei als hessisches Gegenst\u00fcck zum ATLAS-Projekt bezeichnet werden. Hier wird ein Transformations-Netzwerk der Automotive-Branche f\u00fcr Mittelhessen ins Leben gerufen, das Unternehmen entlang der kompletten Wertsch\u00f6pfungskette beim Umstieg vom klassischen Verbrenner auf alternative Antriebe unterst\u00fctzen wird.<\/p>\n<p>\u201eDie Digitalisierung bietet Unternehmen eine Vielzahl von M\u00f6glichkeiten, ihre Prozesse und Gesch\u00e4ftsmodelle nachhaltiger zu gestalten und ihre Marktposition langfristig zu st\u00e4rken. Dieser Austausch unterstreicht die Wichtigkeit einer engen Zusammenarbeit zwischen den verschiedenen Akteuren und zeigt, dass der Lahn-Dill-Kreis und die Universit\u00e4t Siegen entschlossen sind, die heimische Wirtschaft bei ihrer Transformation zu unterst\u00fctzen\u201c, so Prof. Dr. Harald Danne.<\/p>\n<p>Text und Foto: <a href=\"https:\/\/www.uni-siegen.de\/start\/\" target=\"_blank\" rel=\"noopener\">Universit\u00e4t Siegen<\/a><\/p>\n","protected":false},"excerpt":{"rendered":"<p>Unternehmen in der Region stehen vor enormen Herausforderungen: Stichworte sind industrieller Strukturwandel, Klimawandel und Digitalisierung. Die Universit\u00e4t Siegen mit dem Lehrstuhl f\u00fcr Wirtschaftsinformatik und Neue&#8230;<\/p>\n","protected":false},"author":6,"featured_media":30685,"comment_status":"open","ping_status":"open","sticky":false,"template":"","format":"standard","meta":{"_jetpack_memberships_contains_paid_content":false,"footnotes":""},"categories":[1,8,32,30,11],"tags":[],"class_list":["post-30684","post","type-post","status-publish","format-standard","has-post-thumbnail","hentry","category-aktuell","category-ausbildung","category-infos","category-vermischtes","category-regionale-wirtschaft"],"jetpack_featured_media_url":"https:\/\/www.vdsm.net\/wronline\/wp-content\/uploads\/2023\/03\/Zusammenarbeit_UniSiegen_LahnDillKreis_WEB.jpg","jetpack_sharing_enabled":true,"_links":{"self":[{"href":"https:\/\/www.vdsm.net\/wronline\/wp-json\/wp\/v2\/posts\/30684","targetHints":{"allow":["GET"]}}],"collection":[{"href":"https:\/\/www.vdsm.net\/wronline\/wp-json\/wp\/v2\/posts"}],"about":[{"href":"https:\/\/www.vdsm.net\/wronline\/wp-json\/wp\/v2\/types\/post"}],"author":[{"embeddable":true,"href":"https:\/\/www.vdsm.net\/wronline\/wp-json\/wp\/v2\/users\/6"}],"replies":[{"embeddable":true,"href":"https:\/\/www.vdsm.net\/wronline\/wp-json\/wp\/v2\/comments?post=30684"}],"version-history":[{"count":2,"href":"https:\/\/www.vdsm.net\/wronline\/wp-json\/wp\/v2\/posts\/30684\/revisions"}],"predecessor-version":[{"id":30687,"href":"https:\/\/www.vdsm.net\/wronline\/wp-json\/wp\/v2\/posts\/30684\/revisions\/30687"}],"wp:featuredmedia":[{"embeddable":true,"href":"https:\/\/www.vdsm.net\/wronline\/wp-json\/wp\/v2\/media\/30685"}],"wp:attachment":[{"href":"https:\/\/www.vdsm.net\/wronline\/wp-json\/wp\/v2\/media?parent=30684"}],"wp:term":[{"taxonomy":"category","embeddable":true,"href":"https:\/\/www.vdsm.net\/wronline\/wp-json\/wp\/v2\/categories?post=30684"},{"taxonomy":"post_tag","embeddable":true,"href":"https:\/\/www.vdsm.net\/wronline\/wp-json\/wp\/v2\/tags?post=30684"}],"curies":[{"name":"wp","href":"https:\/\/api.w.org\/{rel}","templated":true}]}}