{"id":30620,"date":"2023-03-17T12:30:29","date_gmt":"2023-03-17T11:30:29","guid":{"rendered":"https:\/\/www.vdsm.net\/wronline\/?p=30620"},"modified":"2023-03-17T12:30:29","modified_gmt":"2023-03-17T11:30:29","slug":"me-infotruck-gastiert-auf-dem-aussengelaende-der-siegener-ausbildungsmesse","status":"publish","type":"post","link":"https:\/\/www.vdsm.net\/wronline\/me-infotruck-gastiert-auf-dem-aussengelaende-der-siegener-ausbildungsmesse\/","title":{"rendered":"M+E-Infotruck gastiert auf dem Au\u00dfengel\u00e4nde der Siegener Ausbildungsmesse"},"content":{"rendered":"<div id=\"attachment_30623\" style=\"width: 210px\" class=\"wp-caption alignright\"><a href=\"https:\/\/www.vdsm.net\/wronline\/wp-content\/uploads\/2023\/03\/2023-02-28_m-e-truck2_WEB.jpg\"><img loading=\"lazy\" decoding=\"async\" aria-describedby=\"caption-attachment-30623\" class=\"wp-image-30623 size-medium\" src=\"https:\/\/www.vdsm.net\/wronline\/wp-content\/uploads\/2023\/03\/2023-02-28_m-e-truck2_WEB-200x300.jpg\" alt=\"\" width=\"200\" height=\"300\" srcset=\"https:\/\/www.vdsm.net\/wronline\/wp-content\/uploads\/2023\/03\/2023-02-28_m-e-truck2_WEB-200x300.jpg 200w, https:\/\/www.vdsm.net\/wronline\/wp-content\/uploads\/2023\/03\/2023-02-28_m-e-truck2_WEB-682x1024.jpg 682w, https:\/\/www.vdsm.net\/wronline\/wp-content\/uploads\/2023\/03\/2023-02-28_m-e-truck2_WEB-768x1152.jpg 768w, https:\/\/www.vdsm.net\/wronline\/wp-content\/uploads\/2023\/03\/2023-02-28_m-e-truck2_WEB.jpg 777w\" sizes=\"auto, (max-width: 200px) 100vw, 200px\" \/><\/a><p id=\"caption-attachment-30623\" class=\"wp-caption-text\">Der M+E-Infotruck bietet die M\u00f6glichkeit selbst eine Elektroschaltung aufzubauen.<\/p><\/div>\n<p><span dir=\"ltr\" role=\"presentation\">Mit den eigenen H\u00e4nden einen Ro<\/span><span dir=\"ltr\" role=\"presentation\">boter programmieren, ein Alu<\/span><span dir=\"ltr\" role=\"presentation\">&#8211;<\/span><span dir=\"ltr\" role=\"presentation\">Werkst\u00fcck fr\u00e4sen oder eine <\/span><span dir=\"ltr\" role=\"presentation\">Elektroschaltung aufbauen <\/span><span dir=\"ltr\" role=\"presentation\">\u2013<\/span> <span dir=\"ltr\" role=\"presentation\">all das und noch viel mehr bietet <\/span><span dir=\"ltr\" role=\"presentation\">der M+E<\/span><span dir=\"ltr\" role=\"presentation\">&#8211;<\/span><span dir=\"ltr\" role=\"presentation\">Infotruck, der auch in diesem Jahr auf dem Au\u00dfen<\/span><span dir=\"ltr\" role=\"presentation\">gel\u00e4nde der <\/span><span dir=\"ltr\" role=\"presentation\">Siegener <\/span><span dir=\"ltr\" role=\"presentation\">Ausbildungsmesse <\/span><span dir=\"ltr\" role=\"presentation\">(29.\/30.<\/span> <span dir=\"ltr\" role=\"presentation\">M\u00e4rz 2023) <\/span><span dir=\"ltr\" role=\"presentation\">Station machen wird.<\/span> <span dir=\"ltr\" role=\"presentation\">Hier k\u00f6nnen k\u00fcnftige Azubis ausprobie<\/span><span dir=\"ltr\" role=\"presentation\">ren, welcher Beruf am besten zu ihnen passt und bekommen <\/span><span dir=\"ltr\" role=\"presentation\">anschlie\u00dfend Tipps, bei welchem heimischen Unternehmen <\/span><span dir=\"ltr\" role=\"presentation\">sie diesen erlernen k\u00f6nnen.<\/span><\/p>\n<p>Eines ist sicher: Mit einer Ausbildung in den Siegen-Wittgensteiner Metall- und Elektrounternehmen setzen die Sch\u00fcler auf die Karte Zukunft. Denn Maschinen, Walzen und andere Produkte \u201eMade in Siegen-Wittgenstein\u201c sind auf der ganzen Welt gefragt und sorgen daf\u00fcr, dass viele Produkte, die aus unserem Alltag nicht mehr wegzudenken sind, \u00fcberhaupt erst hergestellt werden k\u00f6nnen.<\/p>\n<div class=\"page\" role=\"region\" data-page-number=\"1\" aria-label=\"Seite 1\" data-loaded=\"true\">\n<div class=\"textLayer\">\n<p><span id=\"page57R_mcid13\" class=\"markedContent\"><span dir=\"ltr\" role=\"presentation\">Und wer Infos aus erster Hand haben m\u00f6chte, ist <\/span><span dir=\"ltr\" role=\"presentation\">im Truck <\/span><span dir=\"ltr\" role=\"presentation\">ebenfalls an der ric<\/span><span dir=\"ltr\" role=\"presentation\">htigen Adresse. <\/span><span dir=\"ltr\" role=\"presentation\">Azubis der heimischen Un<\/span><span dir=\"ltr\" role=\"presentation\">ternehmen <\/span><span dir=\"ltr\" role=\"presentation\">in<\/span><span dir=\"ltr\" role=\"presentation\">formieren vor Ort <\/span><span dir=\"ltr\" role=\"presentation\">\u00fcber Vor<\/span><span dir=\"ltr\" role=\"presentation\">&#8211;<\/span> <span dir=\"ltr\" role=\"presentation\">und Nachteile ihrer <\/span><span dir=\"ltr\" role=\"presentation\">Ausbildung und schildern den jungen Besuchern hautnah, <\/span><span dir=\"ltr\" role=\"presentation\">was <\/span><span dir=\"ltr\" role=\"presentation\">ihre Aufgaben im Unternehmen sind. Es sind noch Fra<\/span><span dir=\"ltr\" role=\"presentation\">gen offen? Niemand kann diese ehrlicher und zielgerichteter beantworten als die Azubis selbst. Wer dann Lust bekommen hat, kann sich an den St\u00e4nden der heimischen Firmen noch genauer informieren und jede Menge Infos mit nach Hause nehmen. Und vielleicht stehen die Bewerber von heute im kommenden Jahr schon selbst als Azubis im M+E-Infotruck Rede und Antwort.\u00a0<\/span><\/span><\/p>\n<\/div>\n<\/div>\n<div><\/div>\n<div>Text und Fotos: <a href=\"https:\/\/www.arbeitgeberverbaende.de\/\" target=\"_blank\" rel=\"noopener\">Arbeitgeberverb\u00e4nde Siegen-Wittgenstein<\/a>; Weitere Infos zur Ausbildung in der M+E-Industrie: <a href=\"https:\/\/www.me-vermitteln.de\/\" target=\"_blank\" rel=\"noopener\">https:\/\/www.me-vermitteln.de\/<\/a><\/div>\n<div class=\"page\" role=\"region\" data-page-number=\"2\" aria-label=\"Seite 2\" data-loaded=\"true\">\n<div class=\"canvasWrapper\"><\/div>\n<div class=\"textLayer\"><\/div>\n<\/div>\n<p>&nbsp;<\/p>\n","protected":false},"excerpt":{"rendered":"<p>Mit den eigenen H\u00e4nden einen Roboter programmieren, ein Alu&#8211;Werkst\u00fcck fr\u00e4sen oder eine Elektroschaltung aufbauen \u2013 all das und noch viel mehr bietet der M+E&#8211;Infotruck, der&#8230;<\/p>\n","protected":false},"author":6,"featured_media":30622,"comment_status":"open","ping_status":"open","sticky":false,"template":"","format":"standard","meta":{"_jetpack_memberships_contains_paid_content":false,"footnotes":""},"categories":[8,32,30,11],"tags":[],"class_list":["post-30620","post","type-post","status-publish","format-standard","has-post-thumbnail","hentry","category-ausbildung","category-infos","category-vermischtes","category-regionale-wirtschaft"],"jetpack_featured_media_url":"https:\/\/www.vdsm.net\/wronline\/wp-content\/uploads\/2023\/03\/2023-02-28_m-e-truck1_WEB.jpg","jetpack_sharing_enabled":true,"_links":{"self":[{"href":"https:\/\/www.vdsm.net\/wronline\/wp-json\/wp\/v2\/posts\/30620","targetHints":{"allow":["GET"]}}],"collection":[{"href":"https:\/\/www.vdsm.net\/wronline\/wp-json\/wp\/v2\/posts"}],"about":[{"href":"https:\/\/www.vdsm.net\/wronline\/wp-json\/wp\/v2\/types\/post"}],"author":[{"embeddable":true,"href":"https:\/\/www.vdsm.net\/wronline\/wp-json\/wp\/v2\/users\/6"}],"replies":[{"embeddable":true,"href":"https:\/\/www.vdsm.net\/wronline\/wp-json\/wp\/v2\/comments?post=30620"}],"version-history":[{"count":18,"href":"https:\/\/www.vdsm.net\/wronline\/wp-json\/wp\/v2\/posts\/30620\/revisions"}],"predecessor-version":[{"id":30663,"href":"https:\/\/www.vdsm.net\/wronline\/wp-json\/wp\/v2\/posts\/30620\/revisions\/30663"}],"wp:featuredmedia":[{"embeddable":true,"href":"https:\/\/www.vdsm.net\/wronline\/wp-json\/wp\/v2\/media\/30622"}],"wp:attachment":[{"href":"https:\/\/www.vdsm.net\/wronline\/wp-json\/wp\/v2\/media?parent=30620"}],"wp:term":[{"taxonomy":"category","embeddable":true,"href":"https:\/\/www.vdsm.net\/wronline\/wp-json\/wp\/v2\/categories?post=30620"},{"taxonomy":"post_tag","embeddable":true,"href":"https:\/\/www.vdsm.net\/wronline\/wp-json\/wp\/v2\/tags?post=30620"}],"curies":[{"name":"wp","href":"https:\/\/api.w.org\/{rel}","templated":true}]}}