{"id":30585,"date":"2023-03-09T15:37:05","date_gmt":"2023-03-09T14:37:05","guid":{"rendered":"https:\/\/www.vdsm.net\/wronline\/?p=30585"},"modified":"2023-03-09T15:37:05","modified_gmt":"2023-03-09T14:37:05","slug":"glasfaser-und-mobilfunkausbau-laufen-auf-hochtouren","status":"publish","type":"post","link":"https:\/\/www.vdsm.net\/wronline\/glasfaser-und-mobilfunkausbau-laufen-auf-hochtouren\/","title":{"rendered":"Glasfaser- und Mobilfunkausbau laufen auf Hochtouren"},"content":{"rendered":"<p>Mehr als 633 Millionen Euro F\u00f6rdermittel haben Bund und Land bisher in S\u00fcdwestfalen f\u00fcr den Ausbau des schnellen Internets bewilligt. Zus\u00e4tzlich investieren mehr als zehn verschiedene Telekommunikationsanbieter privates Kapital von sch\u00e4tzungsweise \u00fcber 250 Millionen Euro in den eigenwirtschaftlichen Ausbau der Glasfasernetze. Diese positive Bilanz zog Stefan Glusa, Gesch\u00e4ftsf\u00fchrer der kreiseigenen Telekommunikationsgesellschaft S\u00fcdwestfalen (TKG), bei der 33. Arbeitskreis-Sitzung der s\u00fcdwestf\u00e4lischen Gigabit- und Mobilfunkkoordinatoren im L\u00fcdenscheider Kreishaus. Per Video zugeschaltet waren auch Vertreter des Projekttr\u00e4gers des Bundes, die f\u00fcr die F\u00f6rderverfahren zust\u00e4ndig sind.<\/p>\n<p><strong>100 MBit\/s an 90 Prozent der Anschl\u00fcsse<\/strong><br \/>\nZum Austausch \u00fcber den Ausbau der Glasfaser- und Mobilfunknetze begr\u00fc\u00dfte Landrat Marco Voge in seiner Funktion als TKG-Aufsichtsratsvorsitzender Klaus Stratmann, Leiter des Landes-Kompetenzzentrums Gigabit.NRW, sowie Julia P\u00f6tsch und Mathias Verheyen vom Projekttr\u00e4ger des Bundesministeriums f\u00fcr Verkehr und Digitale Infrastruktur (BMDV), atene KOM. Als Gigabit- und Mobilfunkkoordinatoren nahmen auch Markus Luke vom Kreis Olpe sowie Brigitte Werner und Martin Schreier vom Kreis Siegen-Wittgenstein teil.\u00a0Der Ausbau der Telekommunikationsnetze in S\u00fcdwestfalen l\u00e4uft aktuell auf Hochtouren, wie Stefan Glusa berichtet: Nach einer neuen, bundesweiten Potenzialanalyse besteht f\u00fcr 93,8 Prozent der Haushalte und Unternehmen in der Region S\u00fcdwestfalen das Potenzial f\u00fcr den Glasfaserausbau. An etwa 90 Prozent aller Anschl\u00fcsse k\u00f6nnen die Nutzerinnen und Nutzer bereits mindestens 100 Mbit\/s schnell im Internet surfen. Dabei profitieren auch l\u00e4ndliche Gebiete vom Wettbewerb auf dem Telekommunikationsmarkt.<\/p>\n<div id=\"attachment_30587\" style=\"width: 310px\" class=\"wp-caption alignright\"><a href=\"https:\/\/www.vdsm.net\/wronline\/wp-content\/uploads\/2023\/03\/257868P-scaled.jpg\"><img loading=\"lazy\" decoding=\"async\" aria-describedby=\"caption-attachment-30587\" class=\"size-medium wp-image-30587\" src=\"https:\/\/www.vdsm.net\/wronline\/wp-content\/uploads\/2023\/03\/257868P-300x181.jpg\" alt=\"\" width=\"300\" height=\"181\" srcset=\"https:\/\/www.vdsm.net\/wronline\/wp-content\/uploads\/2023\/03\/257868P-300x181.jpg 300w, https:\/\/www.vdsm.net\/wronline\/wp-content\/uploads\/2023\/03\/257868P-1024x619.jpg 1024w, https:\/\/www.vdsm.net\/wronline\/wp-content\/uploads\/2023\/03\/257868P-768x464.jpg 768w, https:\/\/www.vdsm.net\/wronline\/wp-content\/uploads\/2023\/03\/257868P-1536x929.jpg 1536w, https:\/\/www.vdsm.net\/wronline\/wp-content\/uploads\/2023\/03\/257868P-2048x1238.jpg 2048w\" sizes=\"auto, (max-width: 300px) 100vw, 300px\" \/><\/a><p id=\"caption-attachment-30587\" class=\"wp-caption-text\">Bei der 33. Arbeitskreis-Sitzung der s\u00fcdwestf\u00e4lischen Gigabit- und Mobilfunkkoordinatoren im L\u00fcdenscheider Kreishaus waren einige Teilnehmer auch per Video zugeschaltet.<\/p><\/div>\n<p><strong>Fast 9000 Kilometer Glasfaser verlegt<\/strong><br \/>\n&#8222;Es ist richtig und wichtig, gewaltige Summen zu investieren. Wir brauchen eine gute digitale Infrastruktur, um zukunftsf\u00e4hig zu bleiben. Die hartn\u00e4ckige und konsequente Arbeit beim Thema Breitbandausbau, allen voran auch aller Gigabitkoordinatoren der Kreise, macht sich bezahlt. Um perspektivisch auch die letzten L\u00fccken zu schlie\u00dfen, bleiben wir selbstverst\u00e4ndlich am Ball&#8220;, sagt Landrat Marco Voge. &#8222;In den vergangenen Jahren wurden daf\u00fcr 8722 Kilometer Glasfasertrassen verlegt. F\u00fcr den planm\u00e4\u00dfigen Ausbau haben wir uns viel vorgenommen: Wir streben bis 2030 eine fl\u00e4chendeckende Versorgung mit Glasfasernetzen bis in die Geb\u00e4ude an. Die Gigabit- und Mobilfunkkoordinatoren der f\u00fcnf Kreise leisten hier wertvolle Arbeit. Sie unterst\u00fctzen den Ausbau und stehen in st\u00e4ndigem Kontakt mit allen Glasfaser- und Mobilfunkanbietern sowie den St\u00e4dten und Gemeinden&#8220;, erkl\u00e4rte der TKG-Gesch\u00e4ftsf\u00fchrer Stefan Glusa.<\/p>\n<p><strong>5G beim Mobilfunk auf dem Vormarsch<\/strong><br \/>\nAuch der Ausbau der Mobilfunknetze wird von den Kreisen und der TKG koordiniert: So gibt es inzwischen rund 300 neue oder modernisierte Standorte, mit denen die Mobilfunknetze der drei Anbieter Deutsche Telekom, Vodafone und Telef\u00f3nica in immer mehr Ortschaften der Region verbessert werden. 4G-Netze decken dabei bislang 94,4 Prozent der Fl\u00e4che S\u00fcdwestfalens ab. In mehr als 60 Prozent der Fl\u00e4che erscheint in Smartphones schon das 5G-Symbol der neuesten Mobilfunkgeneration.<\/p>\n<p>Text: M\u00e4rkischer Kreis\/ Fotos: M\u00e4rkischer Kreis\/<a href=\"https:\/\/pixabay.com\/de\/users\/dvpservices-11258314\/?utm_source=link-attribution&amp;utm_medium=referral&amp;utm_campaign=image&amp;utm_content=3928483\">Renato Nardella<\/a>\u00a0auf\u00a0<a href=\"https:\/\/pixabay.com\/de\/\/?utm_source=link-attribution&amp;utm_medium=referral&amp;utm_campaign=image&amp;utm_content=3928483\">Pixabay<\/a><\/p>\n","protected":false},"excerpt":{"rendered":"<p>Mehr als 633 Millionen Euro F\u00f6rdermittel haben Bund und Land bisher in S\u00fcdwestfalen f\u00fcr den Ausbau des schnellen Internets bewilligt. Zus\u00e4tzlich investieren mehr als zehn&#8230;<\/p>\n","protected":false},"author":7,"featured_media":30586,"comment_status":"open","ping_status":"open","sticky":false,"template":"","format":"standard","meta":{"_jetpack_newsletter_access":"","_jetpack_dont_email_post_to_subs":false,"_jetpack_newsletter_tier_id":0,"_jetpack_memberships_contains_paywalled_content":false,"_jetpack_feature_clip_id":0,"_jetpack_memberships_contains_paid_content":false,"footnotes":"","jetpack_post_was_ever_published":false},"categories":[1,30,11],"tags":[],"class_list":["post-30585","post","type-post","status-publish","format-standard","has-post-thumbnail","hentry","category-aktuell","category-vermischtes","category-regionale-wirtschaft"],"jetpack_sharing_enabled":true,"jetpack_featured_media_url":"https:\/\/www.vdsm.net\/wronline\/wp-content\/uploads\/2023\/03\/patch-panel-3928483_1920.jpg","_links":{"self":[{"href":"https:\/\/www.vdsm.net\/wronline\/wp-json\/wp\/v2\/posts\/30585","targetHints":{"allow":["GET"]}}],"collection":[{"href":"https:\/\/www.vdsm.net\/wronline\/wp-json\/wp\/v2\/posts"}],"about":[{"href":"https:\/\/www.vdsm.net\/wronline\/wp-json\/wp\/v2\/types\/post"}],"author":[{"embeddable":true,"href":"https:\/\/www.vdsm.net\/wronline\/wp-json\/wp\/v2\/users\/7"}],"replies":[{"embeddable":true,"href":"https:\/\/www.vdsm.net\/wronline\/wp-json\/wp\/v2\/comments?post=30585"}],"version-history":[{"count":1,"href":"https:\/\/www.vdsm.net\/wronline\/wp-json\/wp\/v2\/posts\/30585\/revisions"}],"predecessor-version":[{"id":30588,"href":"https:\/\/www.vdsm.net\/wronline\/wp-json\/wp\/v2\/posts\/30585\/revisions\/30588"}],"wp:featuredmedia":[{"embeddable":true,"href":"https:\/\/www.vdsm.net\/wronline\/wp-json\/wp\/v2\/media\/30586"}],"wp:attachment":[{"href":"https:\/\/www.vdsm.net\/wronline\/wp-json\/wp\/v2\/media?parent=30585"}],"wp:term":[{"taxonomy":"category","embeddable":true,"href":"https:\/\/www.vdsm.net\/wronline\/wp-json\/wp\/v2\/categories?post=30585"},{"taxonomy":"post_tag","embeddable":true,"href":"https:\/\/www.vdsm.net\/wronline\/wp-json\/wp\/v2\/tags?post=30585"}],"curies":[{"name":"wp","href":"https:\/\/api.w.org\/{rel}","templated":true}]}}