{"id":30538,"date":"2023-03-01T10:01:00","date_gmt":"2023-03-01T09:01:00","guid":{"rendered":"https:\/\/www.vdsm.net\/wronline\/?p=30538"},"modified":"2023-03-01T12:59:38","modified_gmt":"2023-03-01T11:59:38","slug":"sprengtermin-fuer-talbruecke-rahmede-steht-fest","status":"publish","type":"post","link":"https:\/\/www.vdsm.net\/wronline\/sprengtermin-fuer-talbruecke-rahmede-steht-fest\/","title":{"rendered":"Sprengtermin f\u00fcr Talbr\u00fccke Rahmede steht fest"},"content":{"rendered":"<p>Endlich! Der Termin f\u00fcr die Sprengung der Talbr\u00fccke Rahmede steht fest. Wie Verkehrsminister Volker Wissing gestern mitteilte, soll das marode Bauwerk, \u00fcber das seit Dezember 2021 kein Verkehr mehr rollen darf, am 7. Mai 2023 gesprengt werden. Das gibt vielen Menschen und Unternehmen Hoffnung, dass Bewegung in die Wiederherstellung der seit \u00fcber einem Jahr durchtrennte s\u00fcdwestf\u00e4lische Lebensader A45 kommt.<\/p>\n<p>Einen Termin, wann es mit einem Neubau losgehen k\u00f6nnte, gibt es allerdings immer noch nicht. Demzufolge ist auch noch nicht klar, wann endlich wieder Fahrzeuge dauerhaft die Sauerlandlinie befahren k\u00f6nnen.<\/p>\n<p>Text: AGV\/Foto: Autobahn Westfalen<\/p>\n","protected":false},"excerpt":{"rendered":"<p>Endlich! Der Termin f\u00fcr die Sprengung der Talbr\u00fccke Rahmede steht fest. Wie Verkehrsminister Volker Wissing gestern mitteilte, soll das marode Bauwerk, \u00fcber das seit Dezember&#8230;<\/p>\n","protected":false},"author":7,"featured_media":30539,"comment_status":"open","ping_status":"open","sticky":false,"template":"","format":"standard","meta":{"_jetpack_memberships_contains_paid_content":false,"footnotes":""},"categories":[1,30,11],"tags":[],"class_list":["post-30538","post","type-post","status-publish","format-standard","has-post-thumbnail","hentry","category-aktuell","category-vermischtes","category-regionale-wirtschaft"],"jetpack_featured_media_url":"https:\/\/www.vdsm.net\/wronline\/wp-content\/uploads\/2023\/03\/DSC_0023-scaled.jpg","jetpack_sharing_enabled":true,"_links":{"self":[{"href":"https:\/\/www.vdsm.net\/wronline\/wp-json\/wp\/v2\/posts\/30538","targetHints":{"allow":["GET"]}}],"collection":[{"href":"https:\/\/www.vdsm.net\/wronline\/wp-json\/wp\/v2\/posts"}],"about":[{"href":"https:\/\/www.vdsm.net\/wronline\/wp-json\/wp\/v2\/types\/post"}],"author":[{"embeddable":true,"href":"https:\/\/www.vdsm.net\/wronline\/wp-json\/wp\/v2\/users\/7"}],"replies":[{"embeddable":true,"href":"https:\/\/www.vdsm.net\/wronline\/wp-json\/wp\/v2\/comments?post=30538"}],"version-history":[{"count":4,"href":"https:\/\/www.vdsm.net\/wronline\/wp-json\/wp\/v2\/posts\/30538\/revisions"}],"predecessor-version":[{"id":30550,"href":"https:\/\/www.vdsm.net\/wronline\/wp-json\/wp\/v2\/posts\/30538\/revisions\/30550"}],"wp:featuredmedia":[{"embeddable":true,"href":"https:\/\/www.vdsm.net\/wronline\/wp-json\/wp\/v2\/media\/30539"}],"wp:attachment":[{"href":"https:\/\/www.vdsm.net\/wronline\/wp-json\/wp\/v2\/media?parent=30538"}],"wp:term":[{"taxonomy":"category","embeddable":true,"href":"https:\/\/www.vdsm.net\/wronline\/wp-json\/wp\/v2\/categories?post=30538"},{"taxonomy":"post_tag","embeddable":true,"href":"https:\/\/www.vdsm.net\/wronline\/wp-json\/wp\/v2\/tags?post=30538"}],"curies":[{"name":"wp","href":"https:\/\/api.w.org\/{rel}","templated":true}]}}