{"id":30381,"date":"2023-02-02T11:36:14","date_gmt":"2023-02-02T10:36:14","guid":{"rendered":"https:\/\/www.vdsm.net\/wronline\/?p=30381"},"modified":"2023-02-22T16:38:26","modified_gmt":"2023-02-22T15:38:26","slug":"viega-eroeffnet-interaktives-seminarcenter","status":"publish","type":"post","link":"https:\/\/www.vdsm.net\/wronline\/viega-eroeffnet-interaktives-seminarcenter\/","title":{"rendered":"Viega er\u00f6ffnet interaktives Seminarcenter"},"content":{"rendered":"<p>Mit einem feierlichen Festakt er\u00f6ffnete die Viega GmbH &amp; Co. KG am 26. Januar eines der nachhaltigsten Bildungsgeb\u00e4ude der Sanit\u00e4r- und Heizungsbranche. Das klimaneutrale Geb\u00e4ude ist nach h\u00f6chsten \u00f6kologischen Standards gebaut. Die Deutsche Gesellschaft f\u00fcr Nachhaltiges Bauen (DGNB) w\u00fcrdigte bereits die hohen Nachhaltigkeitsstandards mit einem Vorzertifikat in Platin, die h\u00f6chste DGNB-Auszeichnung. In dem 12.200 Quadratmeter gro\u00dfen Geb\u00e4ude werden am Viega-Standort in Attendorn-Ennest (NRW) zuk\u00fcnftig Tausende von Fachkr\u00e4ften aus der Sanit\u00e4r- und Heizungsbranche geschult. Mit der hohen zweistelligen Millioneninvestition will das Attendorner Familienunternehmen die Weiterbildung von Fachkr\u00e4ften st\u00e4rken und das Bauen der Zukunft erlebbar machen.<\/p>\n<p>Anna Viegener und Walter Viegener, Vorsitzende des Gesellschafterausschusses der Viega Holding GmbH &amp; Co. KG, begr\u00fc\u00dften zu der Er\u00f6ffnung des neuen Seminarcenters rund 130 G\u00e4ste aus Politik, Wirtschaft und Verb\u00e4nden. Walter Viegener betonte, dass der Schulungsservice bei Viega eine lange Tradition habe. Das erste Informationszentrum hat das Unternehmen bereits 1979 am Stammsitz im Zentrum von Attendorn er\u00f6ffnet. Zwanzig Jahre sp\u00e4ter habe das Seminarcenter am Standort Attendorn-Ennest den Schulungsbetrieb aufgenommen, das jetzt von der \u201eViega World\u201c abgel\u00f6st wurde. Insgesamt unterh\u00e4lt die Unternehmensgruppe 23 Seminarcenter weltweit mit \u00fcber 20.000 Besuchern j\u00e4hrlich. Der Fokus liegt auf der Schulung von Fachkr\u00e4ften aus der Sanit\u00e4r- und Heizungsbranche. Mehr als ein Drittel davon besucht das Seminarcenter in Attendorn-Ennest. Geschult werden die Teilnehmenden in den zentralen Viega-Themen wie Erhalt der Trinkwasserqualit\u00e4t, Energieeffizienz und Digitales Bauen. Das Seminarkonzept gilt in der Geb\u00e4udetechnik schon seit vielen Jahren als besonders erfolgreich.<\/p>\n<div id=\"attachment_30383\" style=\"width: 310px\" class=\"wp-caption alignright\"><a href=\"https:\/\/www.vdsm.net\/wronline\/wp-content\/uploads\/2023\/02\/vcsPRAsset_3690288_377051_cd87cdb1-e226-4825-864c-f448e584b34c_0.jpg\"><img loading=\"lazy\" decoding=\"async\" aria-describedby=\"caption-attachment-30383\" class=\"size-medium wp-image-30383\" src=\"https:\/\/www.vdsm.net\/wronline\/wp-content\/uploads\/2023\/02\/vcsPRAsset_3690288_377051_cd87cdb1-e226-4825-864c-f448e584b34c_0-300x217.jpg\" alt=\"\" width=\"300\" height=\"217\" srcset=\"https:\/\/www.vdsm.net\/wronline\/wp-content\/uploads\/2023\/02\/vcsPRAsset_3690288_377051_cd87cdb1-e226-4825-864c-f448e584b34c_0-300x217.jpg 300w, https:\/\/www.vdsm.net\/wronline\/wp-content\/uploads\/2023\/02\/vcsPRAsset_3690288_377051_cd87cdb1-e226-4825-864c-f448e584b34c_0-1024x740.jpg 1024w, https:\/\/www.vdsm.net\/wronline\/wp-content\/uploads\/2023\/02\/vcsPRAsset_3690288_377051_cd87cdb1-e226-4825-864c-f448e584b34c_0-768x555.jpg 768w, https:\/\/www.vdsm.net\/wronline\/wp-content\/uploads\/2023\/02\/vcsPRAsset_3690288_377051_cd87cdb1-e226-4825-864c-f448e584b34c_0-1536x1110.jpg 1536w, https:\/\/www.vdsm.net\/wronline\/wp-content\/uploads\/2023\/02\/vcsPRAsset_3690288_377051_cd87cdb1-e226-4825-864c-f448e584b34c_0-2048x1480.jpg 2048w\" sizes=\"auto, (max-width: 300px) 100vw, 300px\" \/><\/a><p id=\"caption-attachment-30383\" class=\"wp-caption-text\">Offizielle Er\u00f6ffnung der Viega World:<br \/>(v.l.): Christian Pospischil, B\u00fcrgermeister der Hansestadt Attendorn, Jochen Ritter, MdL NRW,<br \/>Anna Viegener und Walter Viegener, Vorsitzende des Viega-Gesellschafterausschusses, und<br \/>Theo Melcher, Landrat des Kreises Olpe.<\/p><\/div>\n<p><strong>Geb\u00e4ude ist Schulungsinhalt <\/strong><\/p>\n<p>\u201eMit der Viega World erreichen wir eine neue Qualit\u00e4tsstufe in der Wissensvermittlung\u201c, verspricht Walter Viegener. Denn das Geb\u00e4ude selbst wird zum Lernobjekt. Mit Exponaten zum Anfassen und Anschauen wird Wissen erlebbar. Die Geb\u00e4udetechnik ist so installiert, dass diese von den Seminarteilnehmenden in sichtoffenen Sch\u00e4chten live und unter Betriebsbedingungen erlebt werden kann. Offengelegte Systeme sowie digitale Modelle des Geb\u00e4udes und Geb\u00e4udedaten veranschaulichen Prozesse und kleinste Details, die sonst hinter der Wand verborgen sind. Pr\u00e4sentationstechniken wie Augmented Reality (AR) bieten v\u00f6llig neue Schulungserlebnisse. Dadurch l\u00e4sst sich die reale Darstellung bspw. der Geb\u00e4udetechnik mit digitalen Elementen auf einem mobilen Ger\u00e4t wie einem Tablet oder einer sogenannten AR-Brille in Echtzeit erg\u00e4nzen.<\/p>\n<p>\u201eDie Viega World ist nicht nur ein Referenzobjekt f\u00fcr das Bauen der Zukunft, sondern auch das Herz der Marke Viega\u201c, erkl\u00e4rt Anna Viegener. \u201eHier erleben unsere G\u00e4ste Vergangenheit und Zukunft unseres Familienunternehmens.\u201c Die Viega World zeige die 124-j\u00e4hrige Entwicklung vom Ein-Mann-Betrieb zum Weltmarktf\u00fchrer, vom Komponenten- zum Systemanbieter. \u201eDie Viega World spiegelt vor allem unsere Verantwortung wider\u201c, betont Anna Viegener. \u201eWir wollen zum Klimaschutz und zum bewussten Umgang mit wertvollen Ressourcen beitragen. Wir arbeiten daran, dass Trinkwasserhygiene, Energieeffizienz, Sicherheit und Komfort im Geb\u00e4ude zum allt\u00e4glichen Standard werden. Wir installieren die Lebensadern der Geb\u00e4ude von morgen. Das ist unser Anspruch.\u201c<\/p>\n<p><strong>Viega definiert Standards<\/strong><\/p>\n<p>Erstmals in Europa wurde ein Bildungsbau so konsequent mit der Arbeitsmethodik Building Information Modeling (BIM) \u00fcber alle Leistungsphasen hinweg geplant und gebaut: Die Konstruktion des Geb\u00e4udes erfolgte vorab ganzheitlich mithilfe eines 3D-Modells, einem sogenannten digitalen Zwilling. Dabei werden kontinuierlich Informationen aus Fachmodellen aller am Bau beteiligten Gewerke, wie Pl\u00e4ne der Technischen Geb\u00e4udeausr\u00fcstung (TGA), der Stahl- und Betonarbeiten oder Elektroinstallationspl\u00e4ne, angereichert und \u00fcbereinandergelegt. Daran wurde der gesamte Lebenszyklus der Viega World vorausgeplant \u2013 vom Bau \u00fcber den Betriebsprozess bis hin zum R\u00fcckbau. Viele der seit der Grundsteinlegung Mai 2018 gewonnenen Erkenntnisse sind bereits in einschl\u00e4gige Normen und Regelwerke eingeflossen.<\/p>\n<p><strong>Fokus auf Nachhaltigkeit<\/strong><\/p>\n<p>Energieeffizienz und Nachhaltigkeit konnten so beispielsweise fr\u00fchzeitig vorausgeplant werden. Die Entwicklung des Energiekonzepts wurde im Rahmen des Forschungsprojekts \u201eEnergie.Digital\u201c von der Bundesregierung gef\u00f6rdert und wissenschaftlich durch das Fraunhofer Institute f\u00fcr Solare Energiesysteme (ISE) in Freiburg sowie von dem Institut Energieeffizientes Bauen der RWTH Aachen (e3D) begleitet. Es kann auf andere Geb\u00e4ude \u00fcbertragen werden. Das zukunftsweisende Energiekonzept beinhaltet eine 2.700-Quadratmeter-Photovoltaik-Anlage und die Nutzung von Energie aus der benachbarten Viega-Produktion sowie eine innovative und effiziente Geb\u00e4udeh\u00fclle. Als klimaneutrales Geb\u00e4ude verbraucht die Viega World im Betrieb nicht mehr Energie, als sie selbst erzeugt. Die Deutsche Gesellschaft f\u00fcr Nachhaltiges Bauen (DGNB) w\u00fcrdigte bereits die hohen Nachhaltigkeitsstandards mit einem Vorzertifikat in Platin, die h\u00f6chste DGNB-Auszeichnung.<\/p>\n<p>Text\/Fotos: Viega<\/p>\n","protected":false},"excerpt":{"rendered":"<p>Mit einem feierlichen Festakt er\u00f6ffnete die Viega GmbH &amp; Co. KG am 26. Januar eines der nachhaltigsten Bildungsgeb\u00e4ude der Sanit\u00e4r- und Heizungsbranche. Das klimaneutrale Geb\u00e4ude&#8230;<\/p>\n","protected":false},"author":7,"featured_media":30382,"comment_status":"open","ping_status":"open","sticky":false,"template":"","format":"standard","meta":{"_jetpack_memberships_contains_paid_content":false,"footnotes":""},"categories":[1,10],"tags":[],"class_list":["post-30381","post","type-post","status-publish","format-standard","has-post-thumbnail","hentry","category-aktuell","category-unternehmen"],"jetpack_featured_media_url":"https:\/\/www.vdsm.net\/wronline\/wp-content\/uploads\/2023\/02\/PR_ViegaWorld_Building_DE_230126.jpg","jetpack_sharing_enabled":true,"_links":{"self":[{"href":"https:\/\/www.vdsm.net\/wronline\/wp-json\/wp\/v2\/posts\/30381","targetHints":{"allow":["GET"]}}],"collection":[{"href":"https:\/\/www.vdsm.net\/wronline\/wp-json\/wp\/v2\/posts"}],"about":[{"href":"https:\/\/www.vdsm.net\/wronline\/wp-json\/wp\/v2\/types\/post"}],"author":[{"embeddable":true,"href":"https:\/\/www.vdsm.net\/wronline\/wp-json\/wp\/v2\/users\/7"}],"replies":[{"embeddable":true,"href":"https:\/\/www.vdsm.net\/wronline\/wp-json\/wp\/v2\/comments?post=30381"}],"version-history":[{"count":3,"href":"https:\/\/www.vdsm.net\/wronline\/wp-json\/wp\/v2\/posts\/30381\/revisions"}],"predecessor-version":[{"id":30505,"href":"https:\/\/www.vdsm.net\/wronline\/wp-json\/wp\/v2\/posts\/30381\/revisions\/30505"}],"wp:featuredmedia":[{"embeddable":true,"href":"https:\/\/www.vdsm.net\/wronline\/wp-json\/wp\/v2\/media\/30382"}],"wp:attachment":[{"href":"https:\/\/www.vdsm.net\/wronline\/wp-json\/wp\/v2\/media?parent=30381"}],"wp:term":[{"taxonomy":"category","embeddable":true,"href":"https:\/\/www.vdsm.net\/wronline\/wp-json\/wp\/v2\/categories?post=30381"},{"taxonomy":"post_tag","embeddable":true,"href":"https:\/\/www.vdsm.net\/wronline\/wp-json\/wp\/v2\/tags?post=30381"}],"curies":[{"name":"wp","href":"https:\/\/api.w.org\/{rel}","templated":true}]}}